{"id":26381,"date":"2023-11-14T13:18:02","date_gmt":"2023-11-14T12:18:02","guid":{"rendered":"https:\/\/www.swisstabletennis.ch\/?p=26381"},"modified":"2023-12-11T14:40:08","modified_gmt":"2023-12-11T13:40:08","slug":"sttl-men-lugano-et-veyrier-au-coude-a-coude","status":"publish","type":"post","link":"https:\/\/www.swisstabletennis.ch\/fr\/sttl-men-lugano-et-veyrier-au-coude-a-coude\/","title":{"rendered":"STTL Men : Lugano et Veyrier au coude \u00e0 coude"},"content":{"rendered":"<p>Texte : Sebastian Lauener \/ Photos : Ren\u00e9 Zwald<\/p>\n<p>&nbsp;<\/p>\n<p>Apr\u00e8s les matchs des 12 et 13 novembre, Lugano et Veyrier sont \u00e0 \u00e9galit\u00e9 en t\u00eate de la STTL Men. Dans le match de samedi, Martin Guman a offert une r\u00e9sistance acharn\u00e9e \u00e0 Rapperswil-Jona en remportant trois victoires individuelles contre Lugano, mais il n&rsquo;a pas pu emp\u00eacher la d\u00e9faite 4:6.<\/p>\n<figure id=\"attachment_26397\" aria-describedby=\"caption-attachment-26397\" style=\"width: 1024px\" class=\"wp-caption alignnone\"><a href=\"https:\/\/www.swisstabletennis.ch\/wp-content\/uploads\/2023\/11\/Guman-NLA-11_23-3-scaled.jpg\"><img fetchpriority=\"high\" decoding=\"async\" class=\"wp-image-26397 size-large\" src=\"https:\/\/www.swisstabletennis.ch\/wp-content\/uploads\/2023\/11\/Guman-NLA-11_23-3-1024x621.jpg\" alt=\"\" width=\"1024\" height=\"621\" srcset=\"https:\/\/www.swisstabletennis.ch\/wp-content\/uploads\/2023\/11\/Guman-NLA-11_23-3-1024x621.jpg 1024w, https:\/\/www.swisstabletennis.ch\/wp-content\/uploads\/2023\/11\/Guman-NLA-11_23-3-300x182.jpg 300w, https:\/\/www.swisstabletennis.ch\/wp-content\/uploads\/2023\/11\/Guman-NLA-11_23-3-768x466.jpg 768w, https:\/\/www.swisstabletennis.ch\/wp-content\/uploads\/2023\/11\/Guman-NLA-11_23-3-1536x932.jpg 1536w, https:\/\/www.swisstabletennis.ch\/wp-content\/uploads\/2023\/11\/Guman-NLA-11_23-3-2048x1242.jpg 2048w, https:\/\/www.swisstabletennis.ch\/wp-content\/uploads\/2023\/11\/Guman-NLA-11_23-3-370x224.jpg 370w, https:\/\/www.swisstabletennis.ch\/wp-content\/uploads\/2023\/11\/Guman-NLA-11_23-3-818x496.jpg 818w, https:\/\/www.swisstabletennis.ch\/wp-content\/uploads\/2023\/11\/Guman-NLA-11_23-3-406x246.jpg 406w, https:\/\/www.swisstabletennis.ch\/wp-content\/uploads\/2023\/11\/Guman-NLA-11_23-3-600x364.jpg 600w, https:\/\/www.swisstabletennis.ch\/wp-content\/uploads\/2023\/11\/Guman-NLA-11_23-3-500x303.jpg 500w, https:\/\/www.swisstabletennis.ch\/wp-content\/uploads\/2023\/11\/Guman-NLA-11_23-3-400x243.jpg 400w, https:\/\/www.swisstabletennis.ch\/wp-content\/uploads\/2023\/11\/Guman-NLA-11_23-3-32x19.jpg 32w\" sizes=\"(max-width: 1024px) 100vw, 1024px\" \/><\/a><figcaption id=\"caption-attachment-26397\" class=\"wp-caption-text\">Martin Guman (Rapperswil-Jona)<\/figcaption><\/figure>\n<p>A domicile, Lugano, men\u00e9 par un Paolo Bisi impeccable, s&rsquo;est impos\u00e9 dimanche contre un Rio-Star Muttenz diminu\u00e9. Le promu Veyrier a poursuivi sa s\u00e9rie de victoires avec deux victoires en Suisse orientale : Contre les Young Stars ZH, le verdict \u00e9tait finalement de 6:0 pour les Genevois, malgr\u00e9 de nombreux matchs serr\u00e9s en cinq sets. Le lendemain, les victoires en cinq sets \u00e9taient certes plus \u00e9quitablement r\u00e9parties, mais cela a suffi \u00e0 Veyrier pour s&rsquo;imposer 6:3 contre Neuhausen. Wil SG, qui occupe la troisi\u00e8me place, a \u00e9galement enregistr\u00e9 deux victoires \u00e0 l&rsquo;ext\u00e9rieur : Rio-Star Muttenz et Rapperswil-Jona ont tous deux \u00e9t\u00e9 nettement battus et le leader de l&rsquo;\u00e9quipe Elia Schmid est rest\u00e9 invaincu dans tous les simples. Le quatuor de t\u00eate est compl\u00e9t\u00e9 par Neuhausen qui, lors du match de samedi, est parvenu \u00e0 battre ZZ-Lancy 6:1, Michel Martinez apportant le point d&rsquo;honneur.<\/p>\n<figure id=\"attachment_26415\" aria-describedby=\"caption-attachment-26415\" style=\"width: 1024px\" class=\"wp-caption alignnone\"><a href=\"https:\/\/www.swisstabletennis.ch\/wp-content\/uploads\/2023\/11\/STTL-Men-12_11_2023-60-scaled.jpg\"><img decoding=\"async\" class=\"wp-image-26415 size-large\" src=\"https:\/\/www.swisstabletennis.ch\/wp-content\/uploads\/2023\/11\/STTL-Men-12_11_2023-60-1024x642.jpg\" alt=\"\" width=\"1024\" height=\"642\" srcset=\"https:\/\/www.swisstabletennis.ch\/wp-content\/uploads\/2023\/11\/STTL-Men-12_11_2023-60-1024x642.jpg 1024w, https:\/\/www.swisstabletennis.ch\/wp-content\/uploads\/2023\/11\/STTL-Men-12_11_2023-60-300x188.jpg 300w, https:\/\/www.swisstabletennis.ch\/wp-content\/uploads\/2023\/11\/STTL-Men-12_11_2023-60-768x482.jpg 768w, https:\/\/www.swisstabletennis.ch\/wp-content\/uploads\/2023\/11\/STTL-Men-12_11_2023-60-1536x963.jpg 1536w, https:\/\/www.swisstabletennis.ch\/wp-content\/uploads\/2023\/11\/STTL-Men-12_11_2023-60-2048x1285.jpg 2048w, https:\/\/www.swisstabletennis.ch\/wp-content\/uploads\/2023\/11\/STTL-Men-12_11_2023-60-370x232.jpg 370w, https:\/\/www.swisstabletennis.ch\/wp-content\/uploads\/2023\/11\/STTL-Men-12_11_2023-60-818x513.jpg 818w, https:\/\/www.swisstabletennis.ch\/wp-content\/uploads\/2023\/11\/STTL-Men-12_11_2023-60-406x255.jpg 406w, https:\/\/www.swisstabletennis.ch\/wp-content\/uploads\/2023\/11\/STTL-Men-12_11_2023-60-600x376.jpg 600w, https:\/\/www.swisstabletennis.ch\/wp-content\/uploads\/2023\/11\/STTL-Men-12_11_2023-60-500x314.jpg 500w, https:\/\/www.swisstabletennis.ch\/wp-content\/uploads\/2023\/11\/STTL-Men-12_11_2023-60-400x251.jpg 400w, https:\/\/www.swisstabletennis.ch\/wp-content\/uploads\/2023\/11\/STTL-Men-12_11_2023-60-32x20.jpg 32w\" sizes=\"(max-width: 1024px) 100vw, 1024px\" \/><\/a><figcaption id=\"caption-attachment-26415\" class=\"wp-caption-text\">Michel Martinez &amp; Yoan Rebetez<\/figcaption><\/figure>\n<p>ZZ-Lancy suit \u00e0 son tour \u00e0 la cinqui\u00e8me place et a pu obtenir des points importants en s&rsquo;imposant 6:2 contre la lanterne rouge Young Stars ZH. Les trois derniers rangs sont occup\u00e9s par Rio-Star Muttenz, Rapperswil-Jona et Young Stars ZH, qui n&rsquo;ont pas connu le succ\u00e8s ce week-end, mais qui ont tous disput\u00e9 encore moins de matchs.<\/p>\n<p>Rapports sur les matchs <a href=\"https:\/\/www.ttc-neuhausen.ch\/2023\/11\/12\/sttl-61-heimsieg-gegen-vizemeister-zz-lancy\/\" target=\"_blank\" rel=\"nofollow noopener\">Neuhausen \u2013 ZZ-Lancy<\/a> et <a href=\"https:\/\/www.ttc-neuhausen.ch\/2023\/11\/13\/sttl-36-niederlage-im-spitzenspiel-gegen-veyrier\/\" target=\"_blank\" rel=\"nofollow noopener\">Neuhausen \u2013 Veyrier<\/a>.<\/p>\n","protected":false},"excerpt":{"rendered":"<p>Texte : Sebastian Lauener \/ Photos : Ren\u00e9 Zwald &nbsp; Apr\u00e8s les matchs des 12 et 13 novembre, Lugano et&hellip;<\/p>\n","protected":false},"author":14,"featured_media":26392,"comment_status":"closed","ping_status":"closed","sticky":false,"template":"","format":"standard","meta":{"_monsterinsights_skip_tracking":false,"_monsterinsights_sitenote_active":false,"_monsterinsights_sitenote_note":"","_monsterinsights_sitenote_category":0,"footnotes":""},"categories":[471],"tags":[],"class_list":["post-26381","post","type-post","status-publish","format-standard","has-post-thumbnail","hentry","category-sttl-swiss-table-tennis-league"],"_links":{"self":[{"href":"https:\/\/www.swisstabletennis.ch\/fr\/wp-json\/wp\/v2\/posts\/26381","targetHints":{"allow":["GET"]}}],"collection":[{"href":"https:\/\/www.swisstabletennis.ch\/fr\/wp-json\/wp\/v2\/posts"}],"about":[{"href":"https:\/\/www.swisstabletennis.ch\/fr\/wp-json\/wp\/v2\/types\/post"}],"author":[{"embeddable":true,"href":"https:\/\/www.swisstabletennis.ch\/fr\/wp-json\/wp\/v2\/users\/14"}],"replies":[{"embeddable":true,"href":"https:\/\/www.swisstabletennis.ch\/fr\/wp-json\/wp\/v2\/comments?post=26381"}],"version-history":[{"count":0,"href":"https:\/\/www.swisstabletennis.ch\/fr\/wp-json\/wp\/v2\/posts\/26381\/revisions"}],"wp:featuredmedia":[{"embeddable":true,"href":"https:\/\/www.swisstabletennis.ch\/fr\/wp-json\/wp\/v2\/media\/26392"}],"wp:attachment":[{"href":"https:\/\/www.swisstabletennis.ch\/fr\/wp-json\/wp\/v2\/media?parent=26381"}],"wp:term":[{"taxonomy":"category","embeddable":true,"href":"https:\/\/www.swisstabletennis.ch\/fr\/wp-json\/wp\/v2\/categories?post=26381"},{"taxonomy":"post_tag","embeddable":true,"href":"https:\/\/www.swisstabletennis.ch\/fr\/wp-json\/wp\/v2\/tags?post=26381"}],"curies":[{"name":"wp","href":"https:\/\/api.w.org\/{rel}","templated":true}]}}