{"id":26605,"date":"2023-11-28T14:00:01","date_gmt":"2023-11-28T13:00:01","guid":{"rendered":"https:\/\/www.swisstabletennis.ch\/?p=26605"},"modified":"2023-11-30T09:43:42","modified_gmt":"2023-11-30T08:43:42","slug":"ccb-top16-europe-montreux-2024-loic-stoll-va-defendre-les-couleurs-de-la-suisse","status":"publish","type":"post","link":"https:\/\/www.swisstabletennis.ch\/fr\/ccb-top16-europe-montreux-2024-loic-stoll-va-defendre-les-couleurs-de-la-suisse\/","title":{"rendered":"CCB Europe Top 16 Cup Montreux &#8211; Lo\u00efc Stoll va d\u00e9fendre les couleurs de la Suisse !"},"content":{"rendered":"<h6>C&rsquo;est d\u00e9sormais officiel ! Lo\u00efc Stoll aura l&rsquo;honneur de repr\u00e9senter la Suisse lors du prestigieux CCB Europe Top 16 Cup Montreux et compl\u00e8te ainsi la liste des joueurs invit\u00e9s.<\/h6>\n<p>&nbsp;<\/p>\n<p>Texte : Raouf Morsi \/ Photo : Ren\u00e9 Zwald<\/p>\n<p>&nbsp;<\/p>\n<p>Apr\u00e8s avoir remport\u00e9 deux des trois matchs contre Elias Hardmeier, Lo\u00efc Stoll du ZZ-Lancy est d\u00e9sormais le repr\u00e9sentant suisse. Le joueur originaire de Gen\u00e8ve au style d\u00e9fensif a partag\u00e9 son enthousiasme en exprimant sa joie : \u00ab\u00a0<em>Je suis extr\u00eamement heureux d\u2019en \u00eatre arriv\u00e9 jusque-l\u00e0 ! Ce tournoi est d&rsquo;une importance particuli\u00e8re pour moi, car c&rsquo;est un objectif que je poursuis depuis tr\u00e8s longtemps. C&rsquo;est la toute premi\u00e8re fois que je parviens \u00e0 me qualifier, et j&rsquo;attends avec impatience l&rsquo;opportunit\u00e9 d&rsquo;affronter ces joueurs de classe mondiale, surtout devant les spectateurs suisses.<\/em>\u00a0\u00bb<\/p>\n<p><a href=\"https:\/\/www.swisstabletennis.ch\/fr\/ccb-top16-europe-montreux-2024-la-liste-des-participants-devoilee\/\">Liste compl\u00e8te des participants<\/a><\/p>\n<p><a href=\"https:\/\/www.ticketmaster.ch\/artist\/ccb-europe-top-16-cup-montreux-tickets\/991115?language=fr-ch\">Billeterie du CCB Europe Top 16 Cup Montreux<\/a><\/p>\n","protected":false},"excerpt":{"rendered":"<p>C&rsquo;est d\u00e9sormais officiel ! Lo\u00efc Stoll aura l&rsquo;honneur de repr\u00e9senter la Suisse lors du prestigieux CCB Europe Top 16 Cup&hellip;<\/p>\n","protected":false},"author":8,"featured_media":26655,"comment_status":"closed","ping_status":"closed","sticky":false,"template":"","format":"standard","meta":{"_monsterinsights_skip_tracking":false,"_monsterinsights_sitenote_active":false,"_monsterinsights_sitenote_note":"","_monsterinsights_sitenote_category":0,"footnotes":""},"categories":[117,118],"tags":[],"class_list":["post-26605","post","type-post","status-publish","format-standard","has-post-thumbnail","hentry","category-competitions","category-sport-d-elite"],"_links":{"self":[{"href":"https:\/\/www.swisstabletennis.ch\/fr\/wp-json\/wp\/v2\/posts\/26605","targetHints":{"allow":["GET"]}}],"collection":[{"href":"https:\/\/www.swisstabletennis.ch\/fr\/wp-json\/wp\/v2\/posts"}],"about":[{"href":"https:\/\/www.swisstabletennis.ch\/fr\/wp-json\/wp\/v2\/types\/post"}],"author":[{"embeddable":true,"href":"https:\/\/www.swisstabletennis.ch\/fr\/wp-json\/wp\/v2\/users\/8"}],"replies":[{"embeddable":true,"href":"https:\/\/www.swisstabletennis.ch\/fr\/wp-json\/wp\/v2\/comments?post=26605"}],"version-history":[{"count":0,"href":"https:\/\/www.swisstabletennis.ch\/fr\/wp-json\/wp\/v2\/posts\/26605\/revisions"}],"wp:featuredmedia":[{"embeddable":true,"href":"https:\/\/www.swisstabletennis.ch\/fr\/wp-json\/wp\/v2\/media\/26655"}],"wp:attachment":[{"href":"https:\/\/www.swisstabletennis.ch\/fr\/wp-json\/wp\/v2\/media?parent=26605"}],"wp:term":[{"taxonomy":"category","embeddable":true,"href":"https:\/\/www.swisstabletennis.ch\/fr\/wp-json\/wp\/v2\/categories?post=26605"},{"taxonomy":"post_tag","embeddable":true,"href":"https:\/\/www.swisstabletennis.ch\/fr\/wp-json\/wp\/v2\/tags?post=26605"}],"curies":[{"name":"wp","href":"https:\/\/api.w.org\/{rel}","templated":true}]}}