{"id":27022,"date":"2023-12-18T14:59:25","date_gmt":"2023-12-18T13:59:25","guid":{"rendered":"https:\/\/www.swisstabletennis.ch\/?p=27022"},"modified":"2023-12-18T15:02:01","modified_gmt":"2023-12-18T14:02:01","slug":"internationaux-jeunes-du-grand-est-2023","status":"publish","type":"post","link":"https:\/\/www.swisstabletennis.ch\/fr\/internationaux-jeunes-du-grand-est-2023\/","title":{"rendered":"Internationaux Jeunes du Grand Est 2023"},"content":{"rendered":"<h6>La 37e \u00e9dition des Internationaux Jeunes du Grand Est s&rsquo;est d\u00e9roul\u00e9e du 16 au 17 d\u00e9cembre, comme \u00e0 l&rsquo;accoutum\u00e9e, dans la ville de Pont-\u00e0-Mousson, en France. Une d\u00e9l\u00e9gation suisse, ainsi que trois s\u00e9lections des associations r\u00e9gionales, ont pris part \u00e0 la comp\u00e9tition.<\/h6>\n<p>&nbsp;<\/p>\n<p>Texte : Raouf Morsi \/ Photos : Christian Mignot + LGETT<\/p>\n<p>&nbsp;<\/p>\n<p><a href=\"https:\/\/drive.google.com\/drive\/folders\/1uRjqF3F1l4lTJVp5xew2aWQZADbONwKL\">R\u00e9sultats<\/a><br \/>\n<a href=\"https:\/\/www.flickr.com\/photos\/152551143@N04\/albums\/\">Album photo<\/a><\/p>\n<p>Silas Stalder a affich\u00e9 une performance solide, se positionnant \u00e0 une honorable 5\u00e8me place, fr\u00f4lant ainsi le podium dans la cat\u00e9gorie U11. En revanche, Charlie Hurtado a d\u00fb se contenter de la 15\u00e8me place chez les U12.<\/p>\n<figure id=\"attachment_27023\" aria-describedby=\"caption-attachment-27023\" style=\"width: 1024px\" class=\"wp-caption alignnone\"><a href=\"https:\/\/www.swisstabletennis.ch\/wp-content\/uploads\/2023\/12\/53402140834_1cb8ca5e21_k.jpg\"><img fetchpriority=\"high\" decoding=\"async\" class=\"wp-image-27023 size-large\" src=\"https:\/\/www.swisstabletennis.ch\/wp-content\/uploads\/2023\/12\/53402140834_1cb8ca5e21_k-1024x683.jpg\" alt=\"\" width=\"1024\" height=\"683\" srcset=\"https:\/\/www.swisstabletennis.ch\/wp-content\/uploads\/2023\/12\/53402140834_1cb8ca5e21_k-1024x683.jpg 1024w, https:\/\/www.swisstabletennis.ch\/wp-content\/uploads\/2023\/12\/53402140834_1cb8ca5e21_k-300x200.jpg 300w, https:\/\/www.swisstabletennis.ch\/wp-content\/uploads\/2023\/12\/53402140834_1cb8ca5e21_k-768x512.jpg 768w, https:\/\/www.swisstabletennis.ch\/wp-content\/uploads\/2023\/12\/53402140834_1cb8ca5e21_k-391x260.jpg 391w, https:\/\/www.swisstabletennis.ch\/wp-content\/uploads\/2023\/12\/53402140834_1cb8ca5e21_k-1536x1024.jpg 1536w, https:\/\/www.swisstabletennis.ch\/wp-content\/uploads\/2023\/12\/53402140834_1cb8ca5e21_k-370x247.jpg 370w, https:\/\/www.swisstabletennis.ch\/wp-content\/uploads\/2023\/12\/53402140834_1cb8ca5e21_k-818x545.jpg 818w, https:\/\/www.swisstabletennis.ch\/wp-content\/uploads\/2023\/12\/53402140834_1cb8ca5e21_k-406x271.jpg 406w, https:\/\/www.swisstabletennis.ch\/wp-content\/uploads\/2023\/12\/53402140834_1cb8ca5e21_k-600x400.jpg 600w, https:\/\/www.swisstabletennis.ch\/wp-content\/uploads\/2023\/12\/53402140834_1cb8ca5e21_k-500x333.jpg 500w, https:\/\/www.swisstabletennis.ch\/wp-content\/uploads\/2023\/12\/53402140834_1cb8ca5e21_k-400x267.jpg 400w, https:\/\/www.swisstabletennis.ch\/wp-content\/uploads\/2023\/12\/53402140834_1cb8ca5e21_k-32x21.jpg 32w, https:\/\/www.swisstabletennis.ch\/wp-content\/uploads\/2023\/12\/53402140834_1cb8ca5e21_k.jpg 2048w\" sizes=\"(max-width: 1024px) 100vw, 1024px\" \/><\/a><figcaption id=\"caption-attachment-27023\" class=\"wp-caption-text\">Charlie Hurtado<\/figcaption><\/figure>\n<p>Du c\u00f4t\u00e9 f\u00e9minin, le succ\u00e8s a \u00e9t\u00e9 au rendez-vous. Elina Hu s&rsquo;est illustr\u00e9e en d\u00e9crochant la troisi\u00e8me place dans la cat\u00e9gorie U9.<\/p>\n<figure id=\"attachment_27025\" aria-describedby=\"caption-attachment-27025\" style=\"width: 1024px\" class=\"wp-caption alignnone\"><a href=\"https:\/\/www.swisstabletennis.ch\/wp-content\/uploads\/2023\/12\/53403027693_99c55465c9_k.jpg\"><img decoding=\"async\" class=\"wp-image-27025 size-large\" src=\"https:\/\/www.swisstabletennis.ch\/wp-content\/uploads\/2023\/12\/53403027693_99c55465c9_k-1024x683.jpg\" alt=\"\" width=\"1024\" height=\"683\" srcset=\"https:\/\/www.swisstabletennis.ch\/wp-content\/uploads\/2023\/12\/53403027693_99c55465c9_k-1024x683.jpg 1024w, https:\/\/www.swisstabletennis.ch\/wp-content\/uploads\/2023\/12\/53403027693_99c55465c9_k-300x200.jpg 300w, https:\/\/www.swisstabletennis.ch\/wp-content\/uploads\/2023\/12\/53403027693_99c55465c9_k-768x512.jpg 768w, https:\/\/www.swisstabletennis.ch\/wp-content\/uploads\/2023\/12\/53403027693_99c55465c9_k-391x260.jpg 391w, https:\/\/www.swisstabletennis.ch\/wp-content\/uploads\/2023\/12\/53403027693_99c55465c9_k-1536x1024.jpg 1536w, https:\/\/www.swisstabletennis.ch\/wp-content\/uploads\/2023\/12\/53403027693_99c55465c9_k-370x247.jpg 370w, https:\/\/www.swisstabletennis.ch\/wp-content\/uploads\/2023\/12\/53403027693_99c55465c9_k-818x545.jpg 818w, https:\/\/www.swisstabletennis.ch\/wp-content\/uploads\/2023\/12\/53403027693_99c55465c9_k-406x271.jpg 406w, https:\/\/www.swisstabletennis.ch\/wp-content\/uploads\/2023\/12\/53403027693_99c55465c9_k-600x400.jpg 600w, https:\/\/www.swisstabletennis.ch\/wp-content\/uploads\/2023\/12\/53403027693_99c55465c9_k-500x333.jpg 500w, https:\/\/www.swisstabletennis.ch\/wp-content\/uploads\/2023\/12\/53403027693_99c55465c9_k-400x267.jpg 400w, https:\/\/www.swisstabletennis.ch\/wp-content\/uploads\/2023\/12\/53403027693_99c55465c9_k-32x21.jpg 32w, https:\/\/www.swisstabletennis.ch\/wp-content\/uploads\/2023\/12\/53403027693_99c55465c9_k.jpg 2048w\" sizes=\"(max-width: 1024px) 100vw, 1024px\" \/><\/a><figcaption id=\"caption-attachment-27025\" class=\"wp-caption-text\">Elina Hu<\/figcaption><\/figure>\n<p>Sa s\u0153ur a\u00een\u00e9e, Enya Hu, a \u00e9galement brill\u00e9 en se hissant \u00e0 la 2\u00e8me place dans sa cat\u00e9gorie U12.<\/p>\n<figure id=\"attachment_27027\" aria-describedby=\"caption-attachment-27027\" style=\"width: 1024px\" class=\"wp-caption alignnone\"><a href=\"https:\/\/www.swisstabletennis.ch\/wp-content\/uploads\/2023\/12\/52573886185_0444de52f5_k.jpg\"><img decoding=\"async\" class=\"wp-image-27027 size-large\" src=\"https:\/\/www.swisstabletennis.ch\/wp-content\/uploads\/2023\/12\/52573886185_0444de52f5_k-1024x683.jpg\" alt=\"\" width=\"1024\" height=\"683\" srcset=\"https:\/\/www.swisstabletennis.ch\/wp-content\/uploads\/2023\/12\/52573886185_0444de52f5_k-1024x683.jpg 1024w, https:\/\/www.swisstabletennis.ch\/wp-content\/uploads\/2023\/12\/52573886185_0444de52f5_k-300x200.jpg 300w, https:\/\/www.swisstabletennis.ch\/wp-content\/uploads\/2023\/12\/52573886185_0444de52f5_k-768x512.jpg 768w, https:\/\/www.swisstabletennis.ch\/wp-content\/uploads\/2023\/12\/52573886185_0444de52f5_k-391x260.jpg 391w, https:\/\/www.swisstabletennis.ch\/wp-content\/uploads\/2023\/12\/52573886185_0444de52f5_k-1536x1024.jpg 1536w, https:\/\/www.swisstabletennis.ch\/wp-content\/uploads\/2023\/12\/52573886185_0444de52f5_k-370x247.jpg 370w, https:\/\/www.swisstabletennis.ch\/wp-content\/uploads\/2023\/12\/52573886185_0444de52f5_k-818x545.jpg 818w, https:\/\/www.swisstabletennis.ch\/wp-content\/uploads\/2023\/12\/52573886185_0444de52f5_k-406x271.jpg 406w, https:\/\/www.swisstabletennis.ch\/wp-content\/uploads\/2023\/12\/52573886185_0444de52f5_k-600x400.jpg 600w, https:\/\/www.swisstabletennis.ch\/wp-content\/uploads\/2023\/12\/52573886185_0444de52f5_k-500x333.jpg 500w, https:\/\/www.swisstabletennis.ch\/wp-content\/uploads\/2023\/12\/52573886185_0444de52f5_k-400x267.jpg 400w, https:\/\/www.swisstabletennis.ch\/wp-content\/uploads\/2023\/12\/52573886185_0444de52f5_k-32x21.jpg 32w, https:\/\/www.swisstabletennis.ch\/wp-content\/uploads\/2023\/12\/52573886185_0444de52f5_k.jpg 2048w\" sizes=\"(max-width: 1024px) 100vw, 1024px\" \/><\/a><figcaption id=\"caption-attachment-27027\" class=\"wp-caption-text\">Enya Hu<\/figcaption><\/figure>\n<p>Bien que Michelle Wu ait rivalis\u00e9 avec d\u00e9termination, elle a finalement termin\u00e9 la 5\u00e8me place en U11.<\/p>\n<p>En ce qui concerne la cat\u00e9gorie U15, Ilvi Ulrich n&rsquo;a malheureusement pas pu exprimer son meilleur jeu, se classant \u00e0 la 16\u00e8me place.<\/p>\n<figure id=\"attachment_27029\" aria-describedby=\"caption-attachment-27029\" style=\"width: 1024px\" class=\"wp-caption alignnone\"><a href=\"https:\/\/www.swisstabletennis.ch\/wp-content\/uploads\/2023\/12\/53401913487_fcca36c3f5_k.jpg\"><img loading=\"lazy\" decoding=\"async\" class=\"wp-image-27029 size-large\" src=\"https:\/\/www.swisstabletennis.ch\/wp-content\/uploads\/2023\/12\/53401913487_fcca36c3f5_k-1024x683.jpg\" alt=\"\" width=\"1024\" height=\"683\" srcset=\"https:\/\/www.swisstabletennis.ch\/wp-content\/uploads\/2023\/12\/53401913487_fcca36c3f5_k-1024x683.jpg 1024w, https:\/\/www.swisstabletennis.ch\/wp-content\/uploads\/2023\/12\/53401913487_fcca36c3f5_k-300x200.jpg 300w, https:\/\/www.swisstabletennis.ch\/wp-content\/uploads\/2023\/12\/53401913487_fcca36c3f5_k-768x512.jpg 768w, https:\/\/www.swisstabletennis.ch\/wp-content\/uploads\/2023\/12\/53401913487_fcca36c3f5_k-391x260.jpg 391w, https:\/\/www.swisstabletennis.ch\/wp-content\/uploads\/2023\/12\/53401913487_fcca36c3f5_k-1536x1024.jpg 1536w, https:\/\/www.swisstabletennis.ch\/wp-content\/uploads\/2023\/12\/53401913487_fcca36c3f5_k-370x247.jpg 370w, https:\/\/www.swisstabletennis.ch\/wp-content\/uploads\/2023\/12\/53401913487_fcca36c3f5_k-818x545.jpg 818w, https:\/\/www.swisstabletennis.ch\/wp-content\/uploads\/2023\/12\/53401913487_fcca36c3f5_k-406x271.jpg 406w, https:\/\/www.swisstabletennis.ch\/wp-content\/uploads\/2023\/12\/53401913487_fcca36c3f5_k-600x400.jpg 600w, https:\/\/www.swisstabletennis.ch\/wp-content\/uploads\/2023\/12\/53401913487_fcca36c3f5_k-500x333.jpg 500w, https:\/\/www.swisstabletennis.ch\/wp-content\/uploads\/2023\/12\/53401913487_fcca36c3f5_k-400x267.jpg 400w, https:\/\/www.swisstabletennis.ch\/wp-content\/uploads\/2023\/12\/53401913487_fcca36c3f5_k-32x21.jpg 32w, https:\/\/www.swisstabletennis.ch\/wp-content\/uploads\/2023\/12\/53401913487_fcca36c3f5_k.jpg 2048w\" sizes=\"(max-width: 1024px) 100vw, 1024px\" \/><\/a><figcaption id=\"caption-attachment-27029\" class=\"wp-caption-text\">Ilvi Ulrich<\/figcaption><\/figure>\n<p>Comme c&rsquo;est le cas \u00e0 chaque \u00e9dition, un Challenge par \u00e9quipes est mis en place, se basant sur les six meilleurs r\u00e9sultats dans des tableaux vari\u00e9s. Gr\u00e2ce aux performances des athl\u00e8tes suisses, l&rsquo;\u00e9quipe a conclu le Challenge \u00e0 une respectable 5\u00e8me place.<\/p>\n<p><a href=\"https:\/\/www.swisstabletennis.ch\/wp-content\/uploads\/2023\/12\/20231217_1540101-scaled.jpg\"><img loading=\"lazy\" decoding=\"async\" class=\"alignnone wp-image-27035 size-large\" src=\"https:\/\/www.swisstabletennis.ch\/wp-content\/uploads\/2023\/12\/20231217_1540101-1024x576.jpg\" alt=\"\" width=\"1024\" height=\"576\" srcset=\"https:\/\/www.swisstabletennis.ch\/wp-content\/uploads\/2023\/12\/20231217_1540101-1024x576.jpg 1024w, https:\/\/www.swisstabletennis.ch\/wp-content\/uploads\/2023\/12\/20231217_1540101-300x169.jpg 300w, https:\/\/www.swisstabletennis.ch\/wp-content\/uploads\/2023\/12\/20231217_1540101-768x432.jpg 768w, https:\/\/www.swisstabletennis.ch\/wp-content\/uploads\/2023\/12\/20231217_1540101-1536x864.jpg 1536w, https:\/\/www.swisstabletennis.ch\/wp-content\/uploads\/2023\/12\/20231217_1540101-2048x1152.jpg 2048w, https:\/\/www.swisstabletennis.ch\/wp-content\/uploads\/2023\/12\/20231217_1540101-370x208.jpg 370w, https:\/\/www.swisstabletennis.ch\/wp-content\/uploads\/2023\/12\/20231217_1540101-1278x719.jpg 1278w, https:\/\/www.swisstabletennis.ch\/wp-content\/uploads\/2023\/12\/20231217_1540101-818x460.jpg 818w, https:\/\/www.swisstabletennis.ch\/wp-content\/uploads\/2023\/12\/20231217_1540101-406x228.jpg 406w, https:\/\/www.swisstabletennis.ch\/wp-content\/uploads\/2023\/12\/20231217_1540101-600x338.jpg 600w, https:\/\/www.swisstabletennis.ch\/wp-content\/uploads\/2023\/12\/20231217_1540101-500x281.jpg 500w, https:\/\/www.swisstabletennis.ch\/wp-content\/uploads\/2023\/12\/20231217_1540101-400x225.jpg 400w, https:\/\/www.swisstabletennis.ch\/wp-content\/uploads\/2023\/12\/20231217_1540101-32x18.jpg 32w, https:\/\/www.swisstabletennis.ch\/wp-content\/uploads\/2023\/12\/20231217_1540101-270x152.jpg 270w\" sizes=\"(max-width: 1024px) 100vw, 1024px\" \/><\/a><\/p>\n<p>Swiss Table Tennis adresse \u00e9galement ses f\u00e9licitations \u00e0 Emily Wu (OTTV) pour sa premi\u00e8re place en U9 bien m\u00e9rit\u00e9e, ainsi qu&rsquo;\u00e0 Akhyata Patra (OTTV) pour sa brillante performance qui lui a valu la premi\u00e8re place en U13.<\/p>\n<figure id=\"attachment_27031\" aria-describedby=\"caption-attachment-27031\" style=\"width: 1024px\" class=\"wp-caption alignnone\"><a href=\"https:\/\/www.swisstabletennis.ch\/wp-content\/uploads\/2023\/12\/53401913362_f822f7ece6_k.jpg\"><img loading=\"lazy\" decoding=\"async\" class=\"wp-image-27031 size-large\" src=\"https:\/\/www.swisstabletennis.ch\/wp-content\/uploads\/2023\/12\/53401913362_f822f7ece6_k-1024x683.jpg\" alt=\"\" width=\"1024\" height=\"683\" srcset=\"https:\/\/www.swisstabletennis.ch\/wp-content\/uploads\/2023\/12\/53401913362_f822f7ece6_k-1024x683.jpg 1024w, https:\/\/www.swisstabletennis.ch\/wp-content\/uploads\/2023\/12\/53401913362_f822f7ece6_k-300x200.jpg 300w, https:\/\/www.swisstabletennis.ch\/wp-content\/uploads\/2023\/12\/53401913362_f822f7ece6_k-768x512.jpg 768w, https:\/\/www.swisstabletennis.ch\/wp-content\/uploads\/2023\/12\/53401913362_f822f7ece6_k-391x260.jpg 391w, https:\/\/www.swisstabletennis.ch\/wp-content\/uploads\/2023\/12\/53401913362_f822f7ece6_k-1536x1024.jpg 1536w, https:\/\/www.swisstabletennis.ch\/wp-content\/uploads\/2023\/12\/53401913362_f822f7ece6_k-370x247.jpg 370w, https:\/\/www.swisstabletennis.ch\/wp-content\/uploads\/2023\/12\/53401913362_f822f7ece6_k-818x545.jpg 818w, https:\/\/www.swisstabletennis.ch\/wp-content\/uploads\/2023\/12\/53401913362_f822f7ece6_k-406x271.jpg 406w, https:\/\/www.swisstabletennis.ch\/wp-content\/uploads\/2023\/12\/53401913362_f822f7ece6_k-600x400.jpg 600w, https:\/\/www.swisstabletennis.ch\/wp-content\/uploads\/2023\/12\/53401913362_f822f7ece6_k-500x333.jpg 500w, https:\/\/www.swisstabletennis.ch\/wp-content\/uploads\/2023\/12\/53401913362_f822f7ece6_k-400x267.jpg 400w, https:\/\/www.swisstabletennis.ch\/wp-content\/uploads\/2023\/12\/53401913362_f822f7ece6_k-32x21.jpg 32w, https:\/\/www.swisstabletennis.ch\/wp-content\/uploads\/2023\/12\/53401913362_f822f7ece6_k.jpg 2048w\" sizes=\"(max-width: 1024px) 100vw, 1024px\" \/><\/a><figcaption id=\"caption-attachment-27031\" class=\"wp-caption-text\">Emilly Wu<\/figcaption><\/figure>\n<figure id=\"attachment_27033\" aria-describedby=\"caption-attachment-27033\" style=\"width: 1024px\" class=\"wp-caption alignnone\"><a href=\"https:\/\/www.swisstabletennis.ch\/wp-content\/uploads\/2023\/12\/53403027448_f8ed3d9426_k.jpg\"><img loading=\"lazy\" decoding=\"async\" class=\"wp-image-27033 size-large\" src=\"https:\/\/www.swisstabletennis.ch\/wp-content\/uploads\/2023\/12\/53403027448_f8ed3d9426_k-1024x683.jpg\" alt=\"\" width=\"1024\" height=\"683\" srcset=\"https:\/\/www.swisstabletennis.ch\/wp-content\/uploads\/2023\/12\/53403027448_f8ed3d9426_k-1024x683.jpg 1024w, https:\/\/www.swisstabletennis.ch\/wp-content\/uploads\/2023\/12\/53403027448_f8ed3d9426_k-300x200.jpg 300w, https:\/\/www.swisstabletennis.ch\/wp-content\/uploads\/2023\/12\/53403027448_f8ed3d9426_k-768x512.jpg 768w, https:\/\/www.swisstabletennis.ch\/wp-content\/uploads\/2023\/12\/53403027448_f8ed3d9426_k-391x260.jpg 391w, https:\/\/www.swisstabletennis.ch\/wp-content\/uploads\/2023\/12\/53403027448_f8ed3d9426_k-1536x1024.jpg 1536w, https:\/\/www.swisstabletennis.ch\/wp-content\/uploads\/2023\/12\/53403027448_f8ed3d9426_k-370x247.jpg 370w, https:\/\/www.swisstabletennis.ch\/wp-content\/uploads\/2023\/12\/53403027448_f8ed3d9426_k-818x545.jpg 818w, https:\/\/www.swisstabletennis.ch\/wp-content\/uploads\/2023\/12\/53403027448_f8ed3d9426_k-406x271.jpg 406w, https:\/\/www.swisstabletennis.ch\/wp-content\/uploads\/2023\/12\/53403027448_f8ed3d9426_k-600x400.jpg 600w, https:\/\/www.swisstabletennis.ch\/wp-content\/uploads\/2023\/12\/53403027448_f8ed3d9426_k-500x333.jpg 500w, https:\/\/www.swisstabletennis.ch\/wp-content\/uploads\/2023\/12\/53403027448_f8ed3d9426_k-400x267.jpg 400w, https:\/\/www.swisstabletennis.ch\/wp-content\/uploads\/2023\/12\/53403027448_f8ed3d9426_k-32x21.jpg 32w, https:\/\/www.swisstabletennis.ch\/wp-content\/uploads\/2023\/12\/53403027448_f8ed3d9426_k.jpg 2048w\" sizes=\"(max-width: 1024px) 100vw, 1024px\" \/><\/a><figcaption id=\"caption-attachment-27033\" class=\"wp-caption-text\">Akhyata Patra<\/figcaption><\/figure>\n","protected":false},"excerpt":{"rendered":"<p>La 37e \u00e9dition des Internationaux Jeunes du Grand Est s&rsquo;est d\u00e9roul\u00e9e du 16 au 17 d\u00e9cembre, comme \u00e0 l&rsquo;accoutum\u00e9e, dans&hellip;<\/p>\n","protected":false},"author":8,"featured_media":27038,"comment_status":"closed","ping_status":"closed","sticky":false,"template":"","format":"standard","meta":{"_monsterinsights_skip_tracking":false,"_monsterinsights_sitenote_active":false,"_monsterinsights_sitenote_note":"","_monsterinsights_sitenote_category":0,"footnotes":""},"categories":[118],"tags":[],"class_list":["post-27022","post","type-post","status-publish","format-standard","has-post-thumbnail","hentry","category-sport-d-elite"],"_links":{"self":[{"href":"https:\/\/www.swisstabletennis.ch\/fr\/wp-json\/wp\/v2\/posts\/27022","targetHints":{"allow":["GET"]}}],"collection":[{"href":"https:\/\/www.swisstabletennis.ch\/fr\/wp-json\/wp\/v2\/posts"}],"about":[{"href":"https:\/\/www.swisstabletennis.ch\/fr\/wp-json\/wp\/v2\/types\/post"}],"author":[{"embeddable":true,"href":"https:\/\/www.swisstabletennis.ch\/fr\/wp-json\/wp\/v2\/users\/8"}],"replies":[{"embeddable":true,"href":"https:\/\/www.swisstabletennis.ch\/fr\/wp-json\/wp\/v2\/comments?post=27022"}],"version-history":[{"count":0,"href":"https:\/\/www.swisstabletennis.ch\/fr\/wp-json\/wp\/v2\/posts\/27022\/revisions"}],"wp:featuredmedia":[{"embeddable":true,"href":"https:\/\/www.swisstabletennis.ch\/fr\/wp-json\/wp\/v2\/media\/27038"}],"wp:attachment":[{"href":"https:\/\/www.swisstabletennis.ch\/fr\/wp-json\/wp\/v2\/media?parent=27022"}],"wp:term":[{"taxonomy":"category","embeddable":true,"href":"https:\/\/www.swisstabletennis.ch\/fr\/wp-json\/wp\/v2\/categories?post=27022"},{"taxonomy":"post_tag","embeddable":true,"href":"https:\/\/www.swisstabletennis.ch\/fr\/wp-json\/wp\/v2\/tags?post=27022"}],"curies":[{"name":"wp","href":"https:\/\/api.w.org\/{rel}","templated":true}]}}