{"id":27729,"date":"2024-01-16T10:18:39","date_gmt":"2024-01-16T09:18:39","guid":{"rendered":"https:\/\/www.swisstabletennis.ch\/?p=27729"},"modified":"2024-01-16T15:10:33","modified_gmt":"2024-01-16T14:10:33","slug":"wtt-youth-contender-linz-2024-performances-satisfaisantes","status":"publish","type":"post","link":"https:\/\/www.swisstabletennis.ch\/fr\/wtt-youth-contender-linz-2024-performances-satisfaisantes\/","title":{"rendered":"WTT Youth Contender Linz 2024: Performances satisfaisantes"},"content":{"rendered":"<h6>Du 11 au 14 janvier, une d\u00e9l\u00e9gation suisse s&rsquo;est rendue \u00e0 Linz, en Autriche, pour participer au WTT Youth Contender Linz 2024. Elle \u00e9tait compos\u00e9e de Noe Keusch et Timothy Falconnier, sous la supervision de Samir Mulabdic, ainsi que des fr\u00e8res et s\u0153urs Ulrich (Numa, Ilvi, et Levi), coach\u00e9s par Zsolt Hollo. Les r\u00e9sultats dans l&rsquo;ensemble ont \u00e9t\u00e9 satisfaisants, bien que sans grandes surprises.<\/h6>\n<p>&nbsp;<\/p>\n<p>Texte : Raouf Morsi \/ Photos : WTT<\/p>\n<p>&nbsp;<\/p>\n<p>Les phases de groupe se sont d\u00e9roul\u00e9es avec succ\u00e8s, chaque joueur parvenant \u00e0 se qualifier pour le tableau principal. Cependant, une fois dans ce dernier, leur parcours a \u00e9t\u00e9 \u00e9court\u00e9, \u00e9limin\u00e9s pr\u00e9matur\u00e9ment de la comp\u00e9tition.<\/p>\n<figure id=\"attachment_27732\" aria-describedby=\"caption-attachment-27732\" style=\"width: 1024px\" class=\"wp-caption alignnone\"><a href=\"https:\/\/www.swisstabletennis.ch\/wp-content\/uploads\/2024\/01\/53463842198_6401789b58_o.jpg\"><img fetchpriority=\"high\" decoding=\"async\" class=\"wp-image-27732 size-large\" src=\"https:\/\/www.swisstabletennis.ch\/wp-content\/uploads\/2024\/01\/53463842198_6401789b58_o-1024x683.jpg\" alt=\"\" width=\"1024\" height=\"683\" srcset=\"https:\/\/www.swisstabletennis.ch\/wp-content\/uploads\/2024\/01\/53463842198_6401789b58_o-1024x683.jpg 1024w, https:\/\/www.swisstabletennis.ch\/wp-content\/uploads\/2024\/01\/53463842198_6401789b58_o-300x200.jpg 300w, https:\/\/www.swisstabletennis.ch\/wp-content\/uploads\/2024\/01\/53463842198_6401789b58_o-768x512.jpg 768w, https:\/\/www.swisstabletennis.ch\/wp-content\/uploads\/2024\/01\/53463842198_6401789b58_o-391x260.jpg 391w, https:\/\/www.swisstabletennis.ch\/wp-content\/uploads\/2024\/01\/53463842198_6401789b58_o-1536x1025.jpg 1536w, https:\/\/www.swisstabletennis.ch\/wp-content\/uploads\/2024\/01\/53463842198_6401789b58_o-370x247.jpg 370w, https:\/\/www.swisstabletennis.ch\/wp-content\/uploads\/2024\/01\/53463842198_6401789b58_o-818x546.jpg 818w, https:\/\/www.swisstabletennis.ch\/wp-content\/uploads\/2024\/01\/53463842198_6401789b58_o-406x271.jpg 406w, https:\/\/www.swisstabletennis.ch\/wp-content\/uploads\/2024\/01\/53463842198_6401789b58_o-600x400.jpg 600w, https:\/\/www.swisstabletennis.ch\/wp-content\/uploads\/2024\/01\/53463842198_6401789b58_o-500x334.jpg 500w, https:\/\/www.swisstabletennis.ch\/wp-content\/uploads\/2024\/01\/53463842198_6401789b58_o-400x267.jpg 400w, https:\/\/www.swisstabletennis.ch\/wp-content\/uploads\/2024\/01\/53463842198_6401789b58_o-32x21.jpg 32w, https:\/\/www.swisstabletennis.ch\/wp-content\/uploads\/2024\/01\/53463842198_6401789b58_o.jpg 1920w\" sizes=\"(max-width: 1024px) 100vw, 1024px\" \/><\/a><figcaption id=\"caption-attachment-27732\" class=\"wp-caption-text\">Numa Ulrich<\/figcaption><\/figure>\n<p>Quelques moments remarquables m\u00e9ritent d&rsquo;\u00eatre soulign\u00e9s, notamment le match \u00e9pique de Noe Keusch contre Loy Xing Yao de Singapour lors des matchs de groupe U19. Bien que Noe Keusch ait \u00e9t\u00e9 men\u00e9 0-2 (5-11, 5-11), son exceptionnel come-back a \u00e9t\u00e9 un spectacle m\u00e9morable. Faisant preuve d&rsquo;une d\u00e9termination exemplaire, il a remport\u00e9 les trois sets suivants avec une volont\u00e9 indomptable (12-10, 12-10, 11-7), s&rsquo;assurant ainsi une victoire bien m\u00e9rit\u00e9e.<\/p>\n<figure id=\"attachment_27730\" aria-describedby=\"caption-attachment-27730\" style=\"width: 1024px\" class=\"wp-caption alignnone\"><a href=\"https:\/\/www.swisstabletennis.ch\/wp-content\/uploads\/2024\/01\/53457876007_111a81c6df_o.jpg\"><img decoding=\"async\" class=\"wp-image-27730 size-large\" src=\"https:\/\/www.swisstabletennis.ch\/wp-content\/uploads\/2024\/01\/53457876007_111a81c6df_o-1024x683.jpg\" alt=\"\" width=\"1024\" height=\"683\" srcset=\"https:\/\/www.swisstabletennis.ch\/wp-content\/uploads\/2024\/01\/53457876007_111a81c6df_o-1024x683.jpg 1024w, https:\/\/www.swisstabletennis.ch\/wp-content\/uploads\/2024\/01\/53457876007_111a81c6df_o-300x200.jpg 300w, https:\/\/www.swisstabletennis.ch\/wp-content\/uploads\/2024\/01\/53457876007_111a81c6df_o-768x512.jpg 768w, https:\/\/www.swisstabletennis.ch\/wp-content\/uploads\/2024\/01\/53457876007_111a81c6df_o-391x260.jpg 391w, https:\/\/www.swisstabletennis.ch\/wp-content\/uploads\/2024\/01\/53457876007_111a81c6df_o-1536x1024.jpg 1536w, https:\/\/www.swisstabletennis.ch\/wp-content\/uploads\/2024\/01\/53457876007_111a81c6df_o-370x247.jpg 370w, https:\/\/www.swisstabletennis.ch\/wp-content\/uploads\/2024\/01\/53457876007_111a81c6df_o-818x545.jpg 818w, https:\/\/www.swisstabletennis.ch\/wp-content\/uploads\/2024\/01\/53457876007_111a81c6df_o-406x271.jpg 406w, https:\/\/www.swisstabletennis.ch\/wp-content\/uploads\/2024\/01\/53457876007_111a81c6df_o-600x400.jpg 600w, https:\/\/www.swisstabletennis.ch\/wp-content\/uploads\/2024\/01\/53457876007_111a81c6df_o-500x333.jpg 500w, https:\/\/www.swisstabletennis.ch\/wp-content\/uploads\/2024\/01\/53457876007_111a81c6df_o-400x267.jpg 400w, https:\/\/www.swisstabletennis.ch\/wp-content\/uploads\/2024\/01\/53457876007_111a81c6df_o-32x21.jpg 32w, https:\/\/www.swisstabletennis.ch\/wp-content\/uploads\/2024\/01\/53457876007_111a81c6df_o.jpg 1920w\" sizes=\"(max-width: 1024px) 100vw, 1024px\" \/><\/a><figcaption id=\"caption-attachment-27730\" class=\"wp-caption-text\">Noe Keusch<\/figcaption><\/figure>\n<p><strong>Classement\u00a0:<\/strong><\/p>\n<p><strong>U19 Gar\u00e7ons\u00a0:<\/strong><\/p>\n<p>Noe Keusch \u2013 Top 32<\/p>\n<p>Timothy Falconnier\u00a0\u2013 Top64<\/p>\n<p>Numa Ulrich \u2013 Top64<\/p>\n<p><strong>U17 Gar\u00e7ons\u00a0:<\/strong><\/p>\n<p>Noe Keusch \u2013 Top32<\/p>\n<p>Levi Ulrich \u2013 Top64<\/p>\n<p><strong>U15 Gar\u00e7ons :<\/strong><\/p>\n<p>Levi Ulrich \u2013 Top64<\/p>\n<p><strong>U15 Filles :<\/strong><\/p>\n<p>Ilvi Ulrich \u2013 Top32<\/p>\n<p><strong>U15 Double mixte :<\/strong><\/p>\n<p>Ilvi &amp; Levi Ulrich \u2013 Top64<\/p>\n<p><strong>U13 Filles simple :<\/strong><\/p>\n<p>Ilvi Ulrich \u2013 Top8<\/p>\n","protected":false},"excerpt":{"rendered":"<p>Du 11 au 14 janvier, une d\u00e9l\u00e9gation suisse s&rsquo;est rendue \u00e0 Linz, en Autriche, pour participer au WTT Youth Contender&hellip;<\/p>\n","protected":false},"author":8,"featured_media":27734,"comment_status":"closed","ping_status":"closed","sticky":false,"template":"","format":"standard","meta":{"_monsterinsights_skip_tracking":false,"_monsterinsights_sitenote_active":false,"_monsterinsights_sitenote_note":"","_monsterinsights_sitenote_category":0,"footnotes":""},"categories":[118],"tags":[],"class_list":["post-27729","post","type-post","status-publish","format-standard","has-post-thumbnail","hentry","category-sport-d-elite"],"_links":{"self":[{"href":"https:\/\/www.swisstabletennis.ch\/fr\/wp-json\/wp\/v2\/posts\/27729","targetHints":{"allow":["GET"]}}],"collection":[{"href":"https:\/\/www.swisstabletennis.ch\/fr\/wp-json\/wp\/v2\/posts"}],"about":[{"href":"https:\/\/www.swisstabletennis.ch\/fr\/wp-json\/wp\/v2\/types\/post"}],"author":[{"embeddable":true,"href":"https:\/\/www.swisstabletennis.ch\/fr\/wp-json\/wp\/v2\/users\/8"}],"replies":[{"embeddable":true,"href":"https:\/\/www.swisstabletennis.ch\/fr\/wp-json\/wp\/v2\/comments?post=27729"}],"version-history":[{"count":0,"href":"https:\/\/www.swisstabletennis.ch\/fr\/wp-json\/wp\/v2\/posts\/27729\/revisions"}],"wp:featuredmedia":[{"embeddable":true,"href":"https:\/\/www.swisstabletennis.ch\/fr\/wp-json\/wp\/v2\/media\/27734"}],"wp:attachment":[{"href":"https:\/\/www.swisstabletennis.ch\/fr\/wp-json\/wp\/v2\/media?parent=27729"}],"wp:term":[{"taxonomy":"category","embeddable":true,"href":"https:\/\/www.swisstabletennis.ch\/fr\/wp-json\/wp\/v2\/categories?post=27729"},{"taxonomy":"post_tag","embeddable":true,"href":"https:\/\/www.swisstabletennis.ch\/fr\/wp-json\/wp\/v2\/tags?post=27729"}],"curies":[{"name":"wp","href":"https:\/\/api.w.org\/{rel}","templated":true}]}}