{"id":28160,"date":"2024-01-29T15:42:09","date_gmt":"2024-01-29T14:42:09","guid":{"rendered":"https:\/\/www.swisstabletennis.ch\/?p=28160"},"modified":"2024-01-31T15:39:32","modified_gmt":"2024-01-31T14:39:32","slug":"championnats-europeens-u21-a-skopje-les-suisses-peinent-a-se-demarquer","status":"publish","type":"post","link":"https:\/\/www.swisstabletennis.ch\/fr\/championnats-europeens-u21-a-skopje-les-suisses-peinent-a-se-demarquer\/","title":{"rendered":"Championnats europ\u00e9ens U21 \u00e0 Skopje\u00a0: Les Suisses peinent \u00e0 se d\u00e9marquer"},"content":{"rendered":"<h6>Mauro Sch\u00e4rrer et Fanny Doutaz ont particip\u00e9 aux Championnats europ\u00e9ens U21 \u00e0 Skopje, en Mac\u00e9doine du Nord. La comp\u00e9tition s&rsquo;est av\u00e9r\u00e9e \u00eatre un d\u00e9fi de taille, et les deux athl\u00e8tes suisses n&rsquo;ont pas r\u00e9ussi \u00e0 avancer significativement dans la comp\u00e9tition.<\/h6>\n<p>&nbsp;<\/p>\n<p>Texte : Raouf Morsi \/ Photo : Samir Mulabdic &amp; ETTU<\/p>\n<p>&nbsp;<\/p>\n<p><strong>Simples\u00a0:<\/strong><\/p>\n<p>Aucun des deux athl\u00e8tes n&rsquo;a r\u00e9ussi \u00e0 se qualifier au tableau principal. Malgr\u00e9 une performance encourageante de Mauro Sch\u00e4rrer, qui s&rsquo;est class\u00e9 \u00e0 la 3\u00e8me place, ses chances se sont dissip\u00e9es, en particulier lors de son affrontement crucial contre le leader de son groupe, Andrea Puppo d&rsquo;Italie. Malheureusement, Mauro Sch\u00e4rrer a perdu ce match serr\u00e9 2-3 (6-11, 6-11, 11-7, 11-3, 7-11), mettant ainsi fin \u00e0 ses espoirs de progression dans la comp\u00e9tition.<\/p>\n<p>Fanny Doutaz a d\u00fb faire face \u00e0 deux d\u00e9faites sans appel de 0-3, la rel\u00e9guant ainsi \u00e0 la 4\u00e8me position de son groupe. Elle a tout de m\u00eame tent\u00e9 le tout pour le tout lors de son dernier match contre l\u2019Espagnole Jana Riera contre laquelle elle a gagn\u00e9 3-1 (7-11, 11-4, 11-9, 11-9).<\/p>\n<p><strong>Doubles\u00a0:<\/strong><\/p>\n<p>En double mixte, nos repr\u00e9sentants suisses ont amorc\u00e9 le tournoi de mani\u00e8re prometteuse en infligeant une d\u00e9faite s\u00e9v\u00e8re \u00e0 une paire tch\u00e8que sur un score de 3-0 (11-5, 11-7, 11-9). Cependant, leur progression a \u00e9t\u00e9 stopp\u00e9e nette dans le Top 32 par un duo croate, subissant une d\u00e9faite 0-3 (6-11, 10-12, 7-11).<\/p>\n<p>Dans les rencontres du double dames, Fanny Doutaz et sa partenaire Tamari Matitashvili de G\u00e9orgie ont malheureusement \u00e9t\u00e9 pas capable de progresser et ont d\u00fb conc\u00e9der la victoire \u00e0 leurs adversaires su\u00e9doises sur un score de 1-3 (3-11, 10-12, 11-6, 7-11).<\/p>\n<p>De son c\u00f4t\u00e9, Mauro Sch\u00e4rrer, associ\u00e9 \u00e0 son partenaire n\u00e9erlandais Gabrielius Camara, a connu un peu plus de succ\u00e8s. Ils ont triomph\u00e9 face \u00e0 un duo letton-su\u00e9dois sur un score sans appel de 3-0 (11-5, 11-6, 12-10). Cependant, leur parcours victorieux a \u00e9t\u00e9 de courte dur\u00e9e suite \u00e0 leur match contre un duo croate dans le top 16 o\u00f9 ils ont subi une d\u00e9faite 0-3 (7-11, 4-11, 8-11).<\/p>\n<p><img fetchpriority=\"high\" decoding=\"async\" class=\"alignnone wp-image-28161 size-large\" src=\"https:\/\/www.swisstabletennis.ch\/wp-content\/uploads\/2024\/01\/53486413926_e57f6c738d_k-1024x683.jpg\" alt=\"\" width=\"1024\" height=\"683\" srcset=\"https:\/\/www.swisstabletennis.ch\/wp-content\/uploads\/2024\/01\/53486413926_e57f6c738d_k-1024x683.jpg 1024w, https:\/\/www.swisstabletennis.ch\/wp-content\/uploads\/2024\/01\/53486413926_e57f6c738d_k-300x200.jpg 300w, https:\/\/www.swisstabletennis.ch\/wp-content\/uploads\/2024\/01\/53486413926_e57f6c738d_k-768x512.jpg 768w, https:\/\/www.swisstabletennis.ch\/wp-content\/uploads\/2024\/01\/53486413926_e57f6c738d_k-391x260.jpg 391w, https:\/\/www.swisstabletennis.ch\/wp-content\/uploads\/2024\/01\/53486413926_e57f6c738d_k-1536x1024.jpg 1536w, https:\/\/www.swisstabletennis.ch\/wp-content\/uploads\/2024\/01\/53486413926_e57f6c738d_k-370x247.jpg 370w, https:\/\/www.swisstabletennis.ch\/wp-content\/uploads\/2024\/01\/53486413926_e57f6c738d_k-818x545.jpg 818w, https:\/\/www.swisstabletennis.ch\/wp-content\/uploads\/2024\/01\/53486413926_e57f6c738d_k-406x271.jpg 406w, https:\/\/www.swisstabletennis.ch\/wp-content\/uploads\/2024\/01\/53486413926_e57f6c738d_k-600x400.jpg 600w, https:\/\/www.swisstabletennis.ch\/wp-content\/uploads\/2024\/01\/53486413926_e57f6c738d_k-500x333.jpg 500w, https:\/\/www.swisstabletennis.ch\/wp-content\/uploads\/2024\/01\/53486413926_e57f6c738d_k-400x267.jpg 400w, https:\/\/www.swisstabletennis.ch\/wp-content\/uploads\/2024\/01\/53486413926_e57f6c738d_k-32x21.jpg 32w, https:\/\/www.swisstabletennis.ch\/wp-content\/uploads\/2024\/01\/53486413926_e57f6c738d_k.jpg 2048w\" sizes=\"(max-width: 1024px) 100vw, 1024px\" \/><\/p>\n","protected":false},"excerpt":{"rendered":"<p>Mauro Sch\u00e4rrer et Fanny Doutaz ont particip\u00e9 aux Championnats europ\u00e9ens U21 \u00e0 Skopje, en Mac\u00e9doine du Nord. La comp\u00e9tition s&rsquo;est&hellip;<\/p>\n","protected":false},"author":8,"featured_media":28274,"comment_status":"closed","ping_status":"closed","sticky":false,"template":"","format":"standard","meta":{"_monsterinsights_skip_tracking":false,"_monsterinsights_sitenote_active":false,"_monsterinsights_sitenote_note":"","_monsterinsights_sitenote_category":0,"footnotes":""},"categories":[118],"tags":[],"class_list":["post-28160","post","type-post","status-publish","format-standard","has-post-thumbnail","hentry","category-sport-d-elite"],"_links":{"self":[{"href":"https:\/\/www.swisstabletennis.ch\/fr\/wp-json\/wp\/v2\/posts\/28160","targetHints":{"allow":["GET"]}}],"collection":[{"href":"https:\/\/www.swisstabletennis.ch\/fr\/wp-json\/wp\/v2\/posts"}],"about":[{"href":"https:\/\/www.swisstabletennis.ch\/fr\/wp-json\/wp\/v2\/types\/post"}],"author":[{"embeddable":true,"href":"https:\/\/www.swisstabletennis.ch\/fr\/wp-json\/wp\/v2\/users\/8"}],"replies":[{"embeddable":true,"href":"https:\/\/www.swisstabletennis.ch\/fr\/wp-json\/wp\/v2\/comments?post=28160"}],"version-history":[{"count":0,"href":"https:\/\/www.swisstabletennis.ch\/fr\/wp-json\/wp\/v2\/posts\/28160\/revisions"}],"wp:featuredmedia":[{"embeddable":true,"href":"https:\/\/www.swisstabletennis.ch\/fr\/wp-json\/wp\/v2\/media\/28274"}],"wp:attachment":[{"href":"https:\/\/www.swisstabletennis.ch\/fr\/wp-json\/wp\/v2\/media?parent=28160"}],"wp:term":[{"taxonomy":"category","embeddable":true,"href":"https:\/\/www.swisstabletennis.ch\/fr\/wp-json\/wp\/v2\/categories?post=28160"},{"taxonomy":"post_tag","embeddable":true,"href":"https:\/\/www.swisstabletennis.ch\/fr\/wp-json\/wp\/v2\/tags?post=28160"}],"curies":[{"name":"wp","href":"https:\/\/api.w.org\/{rel}","templated":true}]}}