{"id":30761,"date":"2024-05-07T12:54:57","date_gmt":"2024-05-07T10:54:57","guid":{"rendered":"https:\/\/www.swisstabletennis.ch\/?p=30761"},"modified":"2024-05-07T13:02:06","modified_gmt":"2024-05-07T11:02:06","slug":"interview-avec-le-president-a-i-de-la-sttl","status":"publish","type":"post","link":"https:\/\/www.swisstabletennis.ch\/fr\/interview-avec-le-president-a-i-de-la-sttl\/","title":{"rendered":"Interview avec le pr\u00e9sident a. i. de la STTL Urs Sch\u00e4rrer"},"content":{"rendered":"<p>Le 3 avril 2024, Michel Tschanz a surpris tout le monde en annon\u00e7ant qu&rsquo;il d\u00e9missionnait imm\u00e9diatement de ses fonctions de pr\u00e9sident de la STTL, de pr\u00e9sident de la LN et de membre du CC. Par la suite, le comit\u00e9 de la STTL t&rsquo;a nomm\u00e9 pr\u00e9sident a. i. de la STTL. Avec cette interview, nous souhaitons informer la communaut\u00e9 suisse du TT sur les raisons de cette \u00e9volution surprenante, les d\u00e9fis actuels et les sc\u00e9narios d&rsquo;avenir possibles.<\/p>\n<p><strong>1) Welcome back &#8211; Tu \u00e9tais l&rsquo;un des fondateurs de la Ligue nationale et, avant la cr\u00e9ation de la STTL, tu en \u00e9tais le copr\u00e9sident avec Michel Tschanz. Pourquoi menons-nous cette interview avec toi en tant que pr\u00e9sident a. i. de la STTL ?<\/strong><\/p>\n<p>US : Lorsque Michel Tschanz a annonc\u00e9 sa d\u00e9mission imm\u00e9diate de la pr\u00e9sidence de la STTL, un vide a d&rsquo;abord menac\u00e9 la direction de la STTL. Comme le projet de STTL \u00e9labor\u00e9 en collaboration avec Ringier Sport devait \u00eatre report\u00e9, il fallait en m\u00eame temps agir \u00e0 court terme. Dans ce contexte, plusieurs parties m&rsquo;ont demand\u00e9 d&rsquo;assumer temporairement ce r\u00f4le. Le comit\u00e9 directeur de STTL m&rsquo;a alors nomm\u00e9 pr\u00e9sident par int\u00e9rim. Comme ma mission est limit\u00e9e au 7 juin 2024, j&rsquo;ai accept\u00e9.<\/p>\n<p><strong>2) Les clubs STTL ont \u00e9t\u00e9 inform\u00e9s le 3 avril 2024 du report du projet STTL. Comment t&rsquo;es-tu senti \u00e0 ce moment-l\u00e0 ?<\/strong><\/p>\n<p>US : J&rsquo;ai eu quelques jours pour \u00ab\u00a0dig\u00e9rer\u00a0\u00bb cette nouvelle n\u00e9gative. Il est compr\u00e9hensible que l&rsquo;ambiance au sein des clubs STTL ait \u00e9t\u00e9 \u00ab\u00a0au plus bas\u00a0\u00bb et que tout le monde &#8211; moi y compris &#8211; ait eu du mal \u00e0 comprendre pourquoi le projet devait \u00eatre report\u00e9 si peu de temps avant le \u00ab\u00a0big bang\u00a0\u00bb. Entre-temps, nous en connaissons les causes et avons eu le temps de r\u00e9fl\u00e9chir \u00e0 l&rsquo;avenir. Nous y verrons plus clair dans les semaines \u00e0 venir.<\/p>\n<p><strong>3) Au 15 avril 2024, pas moins de quatre clubs STTL se sont retir\u00e9s de la STTL. Wil et Veyrier chez les hommes et W\u00e4denswil et M\u00fcnsingen chez les femmes ont retir\u00e9 leurs \u00e9quipes. Y a-t-il un lien avec le projet STTL ?<\/strong><\/p>\n<p>US : Les clubs nomm\u00e9ment cit\u00e9s en ont d\u00e9cid\u00e9 ainsi. Du c\u00f4t\u00e9 de la STTL, il \u00e9tait important pour nous que les clubs de STTL soient inform\u00e9s avant le 15 avril de la situation et des cons\u00e9quences qui en d\u00e9coulent pour la saison 2024\/25. Chez les hommes, deux clubs genevois, Carouge et Meyrin, sont promus en STTL, chez les dames, Rio Star Muttenz et Lausanne sont les nouvelles \u00e9quipes STTL.<\/p>\n<p><strong>4) Quels sont les points qui ne sont pas clairs ?<\/strong><\/p>\n<p>US : Le 26 avril 2024, le comit\u00e9 directeur de la STTL a d\u00e9cid\u00e9 de donner un mandat \u00e0 la CCG afin d&rsquo;examiner les faits de mani\u00e8re ind\u00e9pendante et de v\u00e9rifier les ambigu\u00eft\u00e9s existantes. La CCG travaille de mani\u00e8re ind\u00e9pendante et rendra compte des r\u00e9sultats de son enqu\u00eate \u00e0 l&rsquo;AD STT en temps voulu.<\/p>\n<p><strong>5) Quel est l&rsquo;avenir du projet STTL\/Ringier Sport ?<\/strong><\/p>\n<p>US : Nous ne le savons pas aujourd&rsquo;hui. Les portes de Ringier Sports restent ouvertes pour une future collaboration. Ce qui est clair, c&rsquo;est que ce projet &#8211; ou un projet modifi\u00e9 &#8211; doit \u00eatre fond\u00e9 sur une base beaucoup plus large afin de pouvoir financer les investissements n\u00e9cessaires. Lors de l&rsquo;assembl\u00e9e de la chambre STTL du 7 juin 2024, les clubs STTL prendront une d\u00e9cision de principe sur l&rsquo;orientation \u00e0 donner \u00e0 la suite des travaux. Le comit\u00e9 de la STTL partagera ses r\u00e9flexions avec les associations STTL. Il est clair qu&rsquo;il faut compter 12 \u00e0 18 mois pour la mise en place d&rsquo;un projet d&rsquo;une telle envergure.<\/p>\n<p><strong>6) Y a-t-il aussi un aspect positif \u00e0 tirer de cette affaire ?<\/strong><\/p>\n<p>US : Il faut en effet le chercher. Mais en tant que personne optimiste, je pense qu&rsquo;il y a quelques aspects positifs malgr\u00e9 toutes les difficult\u00e9s. Il faut mentionner la future structure de direction de la STTL, qui doit mieux impliquer les clubs STTL, un contr\u00f4le ad\u00e9quat avec des \u00ab\u00a0checks and balances\u00a0\u00bb et la prise en charge de plus de comp\u00e9tences et de responsabilit\u00e9s par les clubs STTL. Il existe d\u00e9j\u00e0 des propositions en ce sens, qui seront discut\u00e9es le 7 juin 2024. La STTL et les clubs STTL pourraient ainsi \u00eatre renforc\u00e9s pour l&rsquo;avenir. Un autre aspect positif est que nous avons suscit\u00e9 un grand int\u00e9r\u00eat avec l&rsquo;orientation de base du projet STTL, c&rsquo;est-\u00e0-dire qu&rsquo;il existe un potentiel &#8211; si nous cr\u00e9ons les bases pour cela &#8211; pour commercialiser le produit \u00ab\u00a0tennis de table suisse de haut niveau\u00a0\u00bb. Si nous parvenons \u00e0 cr\u00e9er les conditions n\u00e9cessaires, nous pourrions \u00e9ventuellement parvenir \u00e0 un bilan positif dans quelques ann\u00e9es.<\/p>\n<p>&nbsp;<\/p>\n","protected":false},"excerpt":{"rendered":"<p>Le 3 avril 2024, Michel Tschanz a surpris tout le monde en annon\u00e7ant qu&rsquo;il d\u00e9missionnait imm\u00e9diatement de ses fonctions de&hellip;<\/p>\n","protected":false},"author":8,"featured_media":30137,"comment_status":"closed","ping_status":"closed","sticky":false,"template":"","format":"standard","meta":{"_monsterinsights_skip_tracking":false,"_monsterinsights_sitenote_active":false,"_monsterinsights_sitenote_note":"","_monsterinsights_sitenote_category":0,"footnotes":""},"categories":[471],"tags":[],"class_list":["post-30761","post","type-post","status-publish","format-standard","has-post-thumbnail","hentry","category-sttl-swiss-table-tennis-league"],"_links":{"self":[{"href":"https:\/\/www.swisstabletennis.ch\/fr\/wp-json\/wp\/v2\/posts\/30761","targetHints":{"allow":["GET"]}}],"collection":[{"href":"https:\/\/www.swisstabletennis.ch\/fr\/wp-json\/wp\/v2\/posts"}],"about":[{"href":"https:\/\/www.swisstabletennis.ch\/fr\/wp-json\/wp\/v2\/types\/post"}],"author":[{"embeddable":true,"href":"https:\/\/www.swisstabletennis.ch\/fr\/wp-json\/wp\/v2\/users\/8"}],"replies":[{"embeddable":true,"href":"https:\/\/www.swisstabletennis.ch\/fr\/wp-json\/wp\/v2\/comments?post=30761"}],"version-history":[{"count":0,"href":"https:\/\/www.swisstabletennis.ch\/fr\/wp-json\/wp\/v2\/posts\/30761\/revisions"}],"wp:featuredmedia":[{"embeddable":true,"href":"https:\/\/www.swisstabletennis.ch\/fr\/wp-json\/wp\/v2\/media\/30137"}],"wp:attachment":[{"href":"https:\/\/www.swisstabletennis.ch\/fr\/wp-json\/wp\/v2\/media?parent=30761"}],"wp:term":[{"taxonomy":"category","embeddable":true,"href":"https:\/\/www.swisstabletennis.ch\/fr\/wp-json\/wp\/v2\/categories?post=30761"},{"taxonomy":"post_tag","embeddable":true,"href":"https:\/\/www.swisstabletennis.ch\/fr\/wp-json\/wp\/v2\/tags?post=30761"}],"curies":[{"name":"wp","href":"https:\/\/api.w.org\/{rel}","templated":true}]}}