{"id":30831,"date":"2024-05-08T13:36:14","date_gmt":"2024-05-08T11:36:14","guid":{"rendered":"https:\/\/www.swisstabletennis.ch\/?p=30831"},"modified":"2024-05-08T21:07:06","modified_gmt":"2024-05-08T19:07:06","slug":"selections-championnats-deurope-jeunesse-2024","status":"publish","type":"post","link":"https:\/\/www.swisstabletennis.ch\/fr\/selections-championnats-deurope-jeunesse-2024\/","title":{"rendered":"S\u00e9lections Championnats d\u2019Europe Jeunesse 2024"},"content":{"rendered":"<p>C&rsquo;est avec plaisir que le comit\u00e9 de s\u00e9lection de Swiss Table Tennis annonce les <span lang=\"FR-CH\">s\u00e9lections aux <b>championnats d\u2019Europe Jeunesse 2024<\/b> \u00e0\u00a0<b>Malm\u00f6<\/b> (Su\u00e8de) qui auront lieu du 12 au 21 juillet 2024.<\/span><\/p>\n<p class=\"x_MsoNormal\"><b><span lang=\"FR-CH\">U15 Filles<\/span><\/b><\/p>\n<ul type=\"disc\">\n<li class=\"x_MsoNormal\"><span lang=\"FR-CH\">Akhyata Patra, Neuhausen<\/span><\/li>\n<li class=\"x_MsoNormal\">Enya Hu, Rio-Star Muttenz<\/li>\n<li class=\"x_MsoNormal\"><span lang=\"FR-CH\">Ilvi Ulrich, Rapperswil-Jona<\/span><\/li>\n<\/ul>\n<p class=\"x_MsoNormal\"><b><span lang=\"FR-CH\">U15 Gar\u00e7ons<\/span><\/b><\/p>\n<ul type=\"disc\">\n<li class=\"x_MsoNormal\"><span lang=\"EN-US\">Levi Ulrich, Rapperswil-Jona<\/span><\/li>\n<li class=\"x_MsoNormal\"><span lang=\"EN-US\">Lowis Vogler, Rapid Luzern<\/span><\/li>\n<li class=\"x_MsoNormal\"><span lang=\"EN-US\">Elias-Mate Simo, Bern<\/span><\/li>\n<\/ul>\n<p class=\"x_MsoNormal\"><b><span lang=\"EN-US\">U19 Filles<\/span><\/b><\/p>\n<ul type=\"disc\">\n<li class=\"x_MsoNormal\"><span lang=\"EN-US\">Fanny Doutaz, ZZ-Lancy<\/span><\/li>\n<li class=\"x_MsoNormal\"><span lang=\"EN-US\">Isabelle Yeo, Silver Star<\/span><\/li>\n<li class=\"x_MsoNormal\"><span lang=\"EN-US\">Seraina Rosset, Young Stars ZH<\/span><\/li>\n<\/ul>\n<p class=\"x_MsoNormal\"><b><span lang=\"FR-CH\">U19 Gar\u00e7ons<\/span><\/b><\/p>\n<ul type=\"disc\">\n<li class=\"x_MsoNormal\"><span lang=\"EN-US\">Timothy Falconnier, ASV Gr\u00fcnwettersbach<\/span><\/li>\n<li class=\"x_MsoNormal\"><span lang=\"EN-US\">Noe Keusch, Young Stars ZH<\/span><\/li>\n<li class=\"x_MsoNormal\">Numa Ulrich, Rapperswil-Jona<\/li>\n<\/ul>\n<p>Entra\u00eeneurs : Samir Mulabdic \/ Pedro Pelz \/ Yannick Charmot<\/p>\n<p class=\"x_MsoNormal\"><span lang=\"FR-CH\">Swiss Table Tennis f\u00e9licite les joueurs s\u00e9lectionn\u00e9s.<\/span><\/p>\n<p><em>Photo : Ren\u00e9 Zwald<\/em><\/p>\n","protected":false},"excerpt":{"rendered":"<p>C&rsquo;est avec plaisir que le comit\u00e9 de s\u00e9lection de Swiss Table Tennis annonce les s\u00e9lections aux championnats d\u2019Europe Jeunesse 2024&hellip;<\/p>\n","protected":false},"author":8,"featured_media":30832,"comment_status":"closed","ping_status":"closed","sticky":false,"template":"","format":"standard","meta":{"_monsterinsights_skip_tracking":false,"_monsterinsights_sitenote_active":false,"_monsterinsights_sitenote_note":"","_monsterinsights_sitenote_category":0,"footnotes":""},"categories":[118],"tags":[],"class_list":["post-30831","post","type-post","status-publish","format-standard","has-post-thumbnail","hentry","category-sport-d-elite"],"_links":{"self":[{"href":"https:\/\/www.swisstabletennis.ch\/fr\/wp-json\/wp\/v2\/posts\/30831","targetHints":{"allow":["GET"]}}],"collection":[{"href":"https:\/\/www.swisstabletennis.ch\/fr\/wp-json\/wp\/v2\/posts"}],"about":[{"href":"https:\/\/www.swisstabletennis.ch\/fr\/wp-json\/wp\/v2\/types\/post"}],"author":[{"embeddable":true,"href":"https:\/\/www.swisstabletennis.ch\/fr\/wp-json\/wp\/v2\/users\/8"}],"replies":[{"embeddable":true,"href":"https:\/\/www.swisstabletennis.ch\/fr\/wp-json\/wp\/v2\/comments?post=30831"}],"version-history":[{"count":0,"href":"https:\/\/www.swisstabletennis.ch\/fr\/wp-json\/wp\/v2\/posts\/30831\/revisions"}],"wp:featuredmedia":[{"embeddable":true,"href":"https:\/\/www.swisstabletennis.ch\/fr\/wp-json\/wp\/v2\/media\/30832"}],"wp:attachment":[{"href":"https:\/\/www.swisstabletennis.ch\/fr\/wp-json\/wp\/v2\/media?parent=30831"}],"wp:term":[{"taxonomy":"category","embeddable":true,"href":"https:\/\/www.swisstabletennis.ch\/fr\/wp-json\/wp\/v2\/categories?post=30831"},{"taxonomy":"post_tag","embeddable":true,"href":"https:\/\/www.swisstabletennis.ch\/fr\/wp-json\/wp\/v2\/tags?post=30831"}],"curies":[{"name":"wp","href":"https:\/\/api.w.org\/{rel}","templated":true}]}}