{"id":31497,"date":"2024-06-13T08:52:58","date_gmt":"2024-06-13T06:52:58","guid":{"rendered":"https:\/\/www.swisstabletennis.ch\/?p=31497"},"modified":"2024-06-13T09:03:21","modified_gmt":"2024-06-13T07:03:21","slug":"ligue-nationale-retour-au-mode-precedent","status":"publish","type":"post","link":"https:\/\/www.swisstabletennis.ch\/fr\/ligue-nationale-retour-au-mode-precedent\/","title":{"rendered":"Ligue nationale : retour au mode pr\u00e9c\u00e9dent"},"content":{"rendered":"<p>Patrick Traber a assur\u00e9 la pr\u00e9sidence de l&rsquo;assembl\u00e9e de la Ligue nationale via Zoom le vendredi 7 juin dernier. Il a remplac\u00e9 le pr\u00e9sident d\u00e9missionnaire de la LN, Michel Tschanz.<\/p>\n<p>De nombreuses propositions avaient \u00e9t\u00e9 d\u00e9pos\u00e9es auparavant \u2013 par exemple, le droit de vote au sein de l\u2019ALN a \u00e9t\u00e9 adapt\u00e9 et la limite sup\u00e9rieure de 8 voix s&rsquo;applique d\u00e9sormais au lieu de l&rsquo;ancien nombre maximal de 12 voix, ce qui est coh\u00e9rent si l&rsquo;on consid\u00e8re le nombre total de voix plus faible apr\u00e8s la s\u00e9paration de la ligue sup\u00e9rieure STTL. Par ailleurs, il a \u00e9t\u00e9 d\u00e9cid\u00e9 que des dispositions claires, conformes \u00e0 la pratique actuelle, s&rsquo;appliqueraient en cas de lib\u00e9ration de places dans une ligue suite \u00e0 un retrait, \u00e0 l&rsquo;\u00e9puisement du contingent d&rsquo;\u00e9quipes ou \u00e0 une rel\u00e9gation volontaire. En outre, des adaptations logiques ont \u00e9t\u00e9 apport\u00e9es au r\u00e8glement sportif (510 et suivants) et des modifications r\u00e9dactionnelles ont \u00e9t\u00e9 apport\u00e9es aux directives afin de garantir l&rsquo;autonomie de la STTL. Les demandes d&rsquo;UGS-Ch\u00eanois visant d&rsquo;une part \u00e0 prolonger la saison et d&rsquo;autre part \u00e0 limiter les heures de d\u00e9but des matchs ont \u00e9t\u00e9 rejet\u00e9es. Le comit\u00e9 de la LN appelle toutefois les clubs \u00e0 choisir des horaires de match aussi \u00e9quitables que possible, en tenant compte de l&rsquo;\u00e9quipe adverse et de son trajet.<\/p>\n<p>Le mode de jeu le plus discut\u00e9 a \u00e9t\u00e9 le mode de jeu de la ligue, dont l&rsquo;adaptation a \u00e9t\u00e9 discut\u00e9e. Le mode de jeu en vigueur \u00e0 partir de 2022\/23 promettait des ligues plus \u00e9quitables et plus attrayantes. En r\u00e9alit\u00e9, de nombreux messages de m\u00e9contentement sont parvenus au comit\u00e9 directeur, car les ambitions sportives disparaissent lors du deuxi\u00e8me tour et le premier tour est \u00e9galement d\u00e9valoris\u00e9. Diverses options examin\u00e9es ne laissaient entrevoir aucune am\u00e9lioration des points critiqu\u00e9s. Le comit\u00e9 de la LN a donc pr\u00e9sent\u00e9 deux id\u00e9es : Le retour \u00e0 l&rsquo;ancien mode avec un tour retour contre les \u00e9quipes du m\u00eame groupe et, dans une proposition s\u00e9par\u00e9e, une \u00e9ventuelle modification selon laquelle les \u00e9quipes class\u00e9es premi\u00e8re et deuxi\u00e8me des groupes LNB et LNC disputeraient en outre un play-off pour la promotion et le titre de champion. Les deux propositions ont \u00e9t\u00e9 accept\u00e9es par l&rsquo;assembl\u00e9e.<\/p>\n<p>Etant donn\u00e9 qu&rsquo;avec le d\u00e9part imm\u00e9diat de Michel Tschanz et la d\u00e9mission de Beat Hostettler, seul Patrick Traber \u00e9tait encore membre du comit\u00e9 \u00e0 la fin de la saison, un effort a \u00e9t\u00e9 fait pour r\u00e9installer un comit\u00e9 largement repr\u00e9sentatif et fonctionnel. Les candidats Patrick Pfefferl\u00e9 (Sion), S\u00e9bastien Demichel (Fribourg), Christan B\u00fcchi-McHale (Port) et Pino Keller (Wetzikon) ont tous \u00e9t\u00e9 \u00e9lus au comit\u00e9 de la LN.<\/p>\n<p>&nbsp;<\/p>\n<p>La date de la prochaine ALN est fix\u00e9e au 1er d\u00e9cembre 2024. L&rsquo;assembl\u00e9e aura lieu \u00e0 Saint-Gall, parall\u00e8lement au tournoi national de classement de la rel\u00e8ve.<\/p>\n","protected":false},"excerpt":{"rendered":"<p>Patrick Traber a assur\u00e9 la pr\u00e9sidence de l&rsquo;assembl\u00e9e de la Ligue nationale via Zoom le vendredi 7 juin dernier. Il&hellip;<\/p>\n","protected":false},"author":14,"featured_media":31494,"comment_status":"closed","ping_status":"closed","sticky":false,"template":"","format":"standard","meta":{"_monsterinsights_skip_tracking":false,"footnotes":""},"categories":[233],"tags":[],"class_list":["post-31497","post","type-post","status-publish","format-standard","has-post-thumbnail","hentry","category-ligue-nationale"],"_links":{"self":[{"href":"https:\/\/www.swisstabletennis.ch\/fr\/wp-json\/wp\/v2\/posts\/31497","targetHints":{"allow":["GET"]}}],"collection":[{"href":"https:\/\/www.swisstabletennis.ch\/fr\/wp-json\/wp\/v2\/posts"}],"about":[{"href":"https:\/\/www.swisstabletennis.ch\/fr\/wp-json\/wp\/v2\/types\/post"}],"author":[{"embeddable":true,"href":"https:\/\/www.swisstabletennis.ch\/fr\/wp-json\/wp\/v2\/users\/14"}],"replies":[{"embeddable":true,"href":"https:\/\/www.swisstabletennis.ch\/fr\/wp-json\/wp\/v2\/comments?post=31497"}],"version-history":[{"count":0,"href":"https:\/\/www.swisstabletennis.ch\/fr\/wp-json\/wp\/v2\/posts\/31497\/revisions"}],"wp:featuredmedia":[{"embeddable":true,"href":"https:\/\/www.swisstabletennis.ch\/fr\/wp-json\/wp\/v2\/media\/31494"}],"wp:attachment":[{"href":"https:\/\/www.swisstabletennis.ch\/fr\/wp-json\/wp\/v2\/media?parent=31497"}],"wp:term":[{"taxonomy":"category","embeddable":true,"href":"https:\/\/www.swisstabletennis.ch\/fr\/wp-json\/wp\/v2\/categories?post=31497"},{"taxonomy":"post_tag","embeddable":true,"href":"https:\/\/www.swisstabletennis.ch\/fr\/wp-json\/wp\/v2\/tags?post=31497"}],"curies":[{"name":"wp","href":"https:\/\/api.w.org\/{rel}","templated":true}]}}