{"id":32513,"date":"2024-08-21T14:54:11","date_gmt":"2024-08-21T12:54:11","guid":{"rendered":"https:\/\/www.swisstabletennis.ch\/?p=32513"},"modified":"2024-08-21T15:35:56","modified_gmt":"2024-08-21T13:35:56","slug":"selection-suisse-pour-les-championnats-deurope-a-linz","status":"publish","type":"post","link":"https:\/\/www.swisstabletennis.ch\/fr\/selection-suisse-pour-les-championnats-deurope-a-linz\/","title":{"rendered":"S\u00e9lection suisse pour les Championnats d&rsquo;Europe \u00e0 Linz"},"content":{"rendered":"<h6>La commission sportive a confirm\u00e9 la s\u00e9lection directe de Rachel Moret et d&rsquo;Elias Hardmeier pour les Championnats d&rsquo;Europe, qui se tiendront \u00e0 Linz, Autriche, du 15 au 20 octobre prochains. Ces deux athl\u00e8tes repr\u00e9senteront la Suisse dans cette comp\u00e9tition prestigieuse. Chez les hommes, deux places restaient \u00e0 pourvoir. Afin de garantir la meilleure repr\u00e9sentation possible, un tournoi de s\u00e9lection interne a \u00e9t\u00e9 organis\u00e9, r\u00e9unissant les meilleurs joueurs suisses. \u00c0 l\u2019issue de cette comp\u00e9tition tr\u00e8s disput\u00e9e, C\u00e9dric Tschanz et Barish Moullet ont d\u00e9croch\u00e9 leur billet pour Linz.<\/h6>\n<p>&nbsp;<\/p>\n<p>Texte : Raouf Morsi \/ Photos : Freddy Oswald &amp; Ren\u00e9 Zwald<\/p>\n<p>&nbsp;<\/p>\n<p>Le tournoi s\u2019est d\u00e9roul\u00e9 en deux groupes distincts. Dans le groupe A, les spectateurs ont pu assister \u00e0 des confrontations de haut niveau entre C\u00e9dric Tschanz, Barish Moullet et Lo\u00efc Stoll. Le groupe B regroupait quant \u00e0 lui Mauro Sch\u00e4rrer, Sam Boccard, Pedro Osiro et Chaitanya Vepa.<\/p>\n<p>Qualifi\u00e9 suite aux matchs de groupe, C\u00e9dric Tschanz a montr\u00e9 toute l&rsquo;\u00e9tendue de son talent en s\u2019imposant face \u00e0 son co\u00e9quipier de club du TTC Rio-Star Muttenz, Pedro Osiro. Tschanz a domin\u00e9 le match malgr\u00e9 qu\u2019Osiro a pu remettre le score \u00e0 \u00e9galit\u00e9 lors du deuxi\u00e8me set. Le match s\u2019est conclu avec un score final de 3-1 (11-4, 3-11, 11-7, 11-7).<\/p>\n<p>De l&rsquo;autre c\u00f4t\u00e9 du tableau et pour la deuxi\u00e8me place pour les championnats europ\u00e9ens, Barish Moullet et Mauro Sch\u00e4rrer se sont affront\u00e9s dans une rencontre particuli\u00e8rement intense. Apr\u00e8s un d\u00e9but assez serr\u00e9, c\u2019est finalement Moullet qui a pris le dessus avec une victoire 3-1 (11-6, 13-11, 7-11, 11-6), confirmant sa place parmi les s\u00e9lectionn\u00e9s.<\/p>\n<p><a href=\"https:\/\/www.swisstabletennis.ch\/wp-content\/uploads\/2024\/08\/IMG-20240818-WA0053.jpg\"><img fetchpriority=\"high\" decoding=\"async\" class=\"alignnone wp-image-32522 size-large\" src=\"https:\/\/www.swisstabletennis.ch\/wp-content\/uploads\/2024\/08\/IMG-20240818-WA0053-768x1024.jpg\" alt=\"\" width=\"768\" height=\"1024\" srcset=\"https:\/\/www.swisstabletennis.ch\/wp-content\/uploads\/2024\/08\/IMG-20240818-WA0053-768x1024.jpg 768w, https:\/\/www.swisstabletennis.ch\/wp-content\/uploads\/2024\/08\/IMG-20240818-WA0053-225x300.jpg 225w, https:\/\/www.swisstabletennis.ch\/wp-content\/uploads\/2024\/08\/IMG-20240818-WA0053-300x400.jpg 300w, https:\/\/www.swisstabletennis.ch\/wp-content\/uploads\/2024\/08\/IMG-20240818-WA0053-1152x1536.jpg 1152w, https:\/\/www.swisstabletennis.ch\/wp-content\/uploads\/2024\/08\/IMG-20240818-WA0053-370x493.jpg 370w, https:\/\/www.swisstabletennis.ch\/wp-content\/uploads\/2024\/08\/IMG-20240818-WA0053-818x1091.jpg 818w, https:\/\/www.swisstabletennis.ch\/wp-content\/uploads\/2024\/08\/IMG-20240818-WA0053-406x541.jpg 406w, https:\/\/www.swisstabletennis.ch\/wp-content\/uploads\/2024\/08\/IMG-20240818-WA0053-600x800.jpg 600w, https:\/\/www.swisstabletennis.ch\/wp-content\/uploads\/2024\/08\/IMG-20240818-WA0053-375x500.jpg 375w, https:\/\/www.swisstabletennis.ch\/wp-content\/uploads\/2024\/08\/IMG-20240818-WA0053-24x32.jpg 24w, https:\/\/www.swisstabletennis.ch\/wp-content\/uploads\/2024\/08\/IMG-20240818-WA0053.jpg 1512w\" sizes=\"(max-width: 768px) 100vw, 768px\" \/><\/a><\/p>\n<p>Les Championnats d&rsquo;Europe \u00e0 Linz rassembleront pr\u00e8s de 300 athl\u00e8tes provenant de plus de 50 nations. Cette comp\u00e9tition de haut niveau offrira des \u00e9preuves en simple, en double, ainsi qu\u2019en double mixte.<\/p>\n<p>Retrouvez toutes les informations de la comp\u00e9tition sur <a href=\"https:\/\/2024ettc.oettv.org\/\">le site officiel des Championnats d&rsquo;Europe \u00e0 Linz<\/a>.<\/p>\n","protected":false},"excerpt":{"rendered":"<p>La commission sportive a confirm\u00e9 la s\u00e9lection directe de Rachel Moret et d&rsquo;Elias Hardmeier pour les Championnats d&rsquo;Europe, qui se&hellip;<\/p>\n","protected":false},"author":8,"featured_media":32520,"comment_status":"closed","ping_status":"closed","sticky":false,"template":"","format":"standard","meta":{"_monsterinsights_skip_tracking":false,"_monsterinsights_sitenote_active":false,"_monsterinsights_sitenote_note":"","_monsterinsights_sitenote_category":0,"footnotes":""},"categories":[118],"tags":[],"class_list":["post-32513","post","type-post","status-publish","format-standard","has-post-thumbnail","hentry","category-sport-d-elite"],"_links":{"self":[{"href":"https:\/\/www.swisstabletennis.ch\/fr\/wp-json\/wp\/v2\/posts\/32513","targetHints":{"allow":["GET"]}}],"collection":[{"href":"https:\/\/www.swisstabletennis.ch\/fr\/wp-json\/wp\/v2\/posts"}],"about":[{"href":"https:\/\/www.swisstabletennis.ch\/fr\/wp-json\/wp\/v2\/types\/post"}],"author":[{"embeddable":true,"href":"https:\/\/www.swisstabletennis.ch\/fr\/wp-json\/wp\/v2\/users\/8"}],"replies":[{"embeddable":true,"href":"https:\/\/www.swisstabletennis.ch\/fr\/wp-json\/wp\/v2\/comments?post=32513"}],"version-history":[{"count":0,"href":"https:\/\/www.swisstabletennis.ch\/fr\/wp-json\/wp\/v2\/posts\/32513\/revisions"}],"wp:featuredmedia":[{"embeddable":true,"href":"https:\/\/www.swisstabletennis.ch\/fr\/wp-json\/wp\/v2\/media\/32520"}],"wp:attachment":[{"href":"https:\/\/www.swisstabletennis.ch\/fr\/wp-json\/wp\/v2\/media?parent=32513"}],"wp:term":[{"taxonomy":"category","embeddable":true,"href":"https:\/\/www.swisstabletennis.ch\/fr\/wp-json\/wp\/v2\/categories?post=32513"},{"taxonomy":"post_tag","embeddable":true,"href":"https:\/\/www.swisstabletennis.ch\/fr\/wp-json\/wp\/v2\/tags?post=32513"}],"curies":[{"name":"wp","href":"https:\/\/api.w.org\/{rel}","templated":true}]}}