{"id":37017,"date":"2025-01-22T08:30:58","date_gmt":"2025-01-22T07:30:58","guid":{"rendered":"https:\/\/www.swisstabletennis.ch\/?p=37017"},"modified":"2025-01-22T11:26:08","modified_gmt":"2025-01-22T10:26:08","slug":"premiere-journee-des-european-teams-championships-un-depart-encourageant-pour-la-suisse","status":"publish","type":"post","link":"https:\/\/www.swisstabletennis.ch\/fr\/premiere-journee-des-european-teams-championships-un-depart-encourageant-pour-la-suisse\/","title":{"rendered":"Premi\u00e8re journ\u00e9e des European Teams Championships : un d\u00e9part encourageant pour la Suisse"},"content":{"rendered":"<h6>L&rsquo;\u00e9quipe nationale suisse, compos\u00e9e de huit joueurs et joueuses, a pris la direction de la Bosnie-Herz\u00e9govine pour disputer le premier tour des European Teams Championships. L&rsquo;objectif est clair : obtenir une qualification pour la phase finale qui se tiendra \u00e0 Zadar, en Croatie, du 12 au 19 octobre prochain.<\/h6>\n<p>&nbsp;<\/p>\n<p>Texte : Raouf Morsi \/ Photos : ETTU &amp; priv\u00e9<\/p>\n<p>&nbsp;<\/p>\n<p><strong>Des r\u00e9sultats contrast\u00e9s pour l&rsquo;\u00e9quipe masculine<\/strong><\/p>\n<p>Plac\u00e9e dans le groupe A, l\u2019\u00e9quipe masculine, compos\u00e9e de C\u00e9dric Tschanz, Elias Hardmeier, Barish Moullet et Lo\u00efc Stoll, a connu un d\u00e9but de parcours en demi-teinte. Battus d\u2019entr\u00e9e par la Moldavie (1-3), les Suisses ont su r\u00e9agir avec caract\u00e8re en d\u00e9crochant une pr\u00e9cieuse victoire face \u00e0 Chypre (3-2), s&rsquo;imposant dans les moments d\u00e9cisifs.<\/p>\n<p>Les prochains matchs seront d\u00e9cisifs, avec des confrontations attendues contre la Lettonie et la Gr\u00e8ce, t\u00eate de s\u00e9rie de la comp\u00e9tition masculine, pr\u00e9vues ce mercredi 22 janvier.<\/p>\n<p><a href=\"https:\/\/www.swisstabletennis.ch\/wp-content\/uploads\/2025\/01\/MenTeamCH-EMC-scaled.jpeg\"><img fetchpriority=\"high\" decoding=\"async\" class=\"alignnone wp-image-37018 size-large\" src=\"https:\/\/www.swisstabletennis.ch\/wp-content\/uploads\/2025\/01\/MenTeamCH-EMC-993x1024.jpeg\" alt=\"\" width=\"993\" height=\"1024\" srcset=\"https:\/\/www.swisstabletennis.ch\/wp-content\/uploads\/2025\/01\/MenTeamCH-EMC-993x1024.jpeg 993w, https:\/\/www.swisstabletennis.ch\/wp-content\/uploads\/2025\/01\/MenTeamCH-EMC-291x300.jpeg 291w, https:\/\/www.swisstabletennis.ch\/wp-content\/uploads\/2025\/01\/MenTeamCH-EMC-768x792.jpeg 768w, https:\/\/www.swisstabletennis.ch\/wp-content\/uploads\/2025\/01\/MenTeamCH-EMC-1489x1536.jpeg 1489w, https:\/\/www.swisstabletennis.ch\/wp-content\/uploads\/2025\/01\/MenTeamCH-EMC-1986x2048.jpeg 1986w, https:\/\/www.swisstabletennis.ch\/wp-content\/uploads\/2025\/01\/MenTeamCH-EMC-370x382.jpeg 370w, https:\/\/www.swisstabletennis.ch\/wp-content\/uploads\/2025\/01\/MenTeamCH-EMC-818x844.jpeg 818w, https:\/\/www.swisstabletennis.ch\/wp-content\/uploads\/2025\/01\/MenTeamCH-EMC-406x419.jpeg 406w, https:\/\/www.swisstabletennis.ch\/wp-content\/uploads\/2025\/01\/MenTeamCH-EMC-600x619.jpeg 600w, https:\/\/www.swisstabletennis.ch\/wp-content\/uploads\/2025\/01\/MenTeamCH-EMC-485x500.jpeg 485w, https:\/\/www.swisstabletennis.ch\/wp-content\/uploads\/2025\/01\/MenTeamCH-EMC-388x400.jpeg 388w, https:\/\/www.swisstabletennis.ch\/wp-content\/uploads\/2025\/01\/MenTeamCH-EMC-32x32.jpeg 32w\" sizes=\"(max-width: 993px) 100vw, 993px\" \/><\/a><\/p>\n<p><strong>Une entr\u00e9e prometteuse pour les Suissesses<\/strong><\/p>\n<p>Du c\u00f4t\u00e9 de l\u2019\u00e9quipe f\u00e9minine, repr\u00e9sent\u00e9e par Cynthia Lilly, Ludivine Maurer, Fanny Doutaz et Rachel Moret, la premi\u00e8re rencontre a laiss\u00e9 entrevoir de belles perspectives. Fanny Doutaz et Rachel Moret ont brillamment men\u00e9 l&rsquo;\u00e9quipe vers une victoire convaincante contre la Lituanie (3-1).<\/p>\n<p>Les Suissesses devront maintenant confirmer leur bon d\u00e9part face au Groenland ce mercredi, avant un test plus exigeant contre l&rsquo;Angleterre jeudi.<\/p>\n<p><a href=\"https:\/\/www.ettu.org\/eureopan-teams-championships-stag-1\/\">R\u00e9sultats<\/a><\/p>\n<p><a href=\"https:\/\/www.swisstabletennis.ch\/wp-content\/uploads\/2025\/01\/WomenTeamCH-EMC-scaled.jpeg\"><img decoding=\"async\" class=\"alignnone wp-image-37020 size-large\" src=\"https:\/\/www.swisstabletennis.ch\/wp-content\/uploads\/2025\/01\/WomenTeamCH-EMC-1024x865.jpeg\" alt=\"\" width=\"1024\" height=\"865\" srcset=\"https:\/\/www.swisstabletennis.ch\/wp-content\/uploads\/2025\/01\/WomenTeamCH-EMC-1024x865.jpeg 1024w, https:\/\/www.swisstabletennis.ch\/wp-content\/uploads\/2025\/01\/WomenTeamCH-EMC-300x254.jpeg 300w, https:\/\/www.swisstabletennis.ch\/wp-content\/uploads\/2025\/01\/WomenTeamCH-EMC-768x649.jpeg 768w, https:\/\/www.swisstabletennis.ch\/wp-content\/uploads\/2025\/01\/WomenTeamCH-EMC-1536x1298.jpeg 1536w, https:\/\/www.swisstabletennis.ch\/wp-content\/uploads\/2025\/01\/WomenTeamCH-EMC-2048x1731.jpeg 2048w, https:\/\/www.swisstabletennis.ch\/wp-content\/uploads\/2025\/01\/WomenTeamCH-EMC-370x313.jpeg 370w, https:\/\/www.swisstabletennis.ch\/wp-content\/uploads\/2025\/01\/WomenTeamCH-EMC-818x691.jpeg 818w, https:\/\/www.swisstabletennis.ch\/wp-content\/uploads\/2025\/01\/WomenTeamCH-EMC-406x343.jpeg 406w, https:\/\/www.swisstabletennis.ch\/wp-content\/uploads\/2025\/01\/WomenTeamCH-EMC-600x507.jpeg 600w, https:\/\/www.swisstabletennis.ch\/wp-content\/uploads\/2025\/01\/WomenTeamCH-EMC-500x423.jpeg 500w, https:\/\/www.swisstabletennis.ch\/wp-content\/uploads\/2025\/01\/WomenTeamCH-EMC-400x338.jpeg 400w, https:\/\/www.swisstabletennis.ch\/wp-content\/uploads\/2025\/01\/WomenTeamCH-EMC-32x27.jpeg 32w\" sizes=\"(max-width: 1024px) 100vw, 1024px\" \/><\/a><\/p>\n","protected":false},"excerpt":{"rendered":"<p>L&rsquo;\u00e9quipe nationale suisse, compos\u00e9e de huit joueurs et joueuses, a pris la direction de la Bosnie-Herz\u00e9govine pour disputer le premier&hellip;<\/p>\n","protected":false},"author":8,"featured_media":37022,"comment_status":"closed","ping_status":"closed","sticky":false,"template":"","format":"standard","meta":{"_monsterinsights_skip_tracking":false,"_monsterinsights_sitenote_active":false,"_monsterinsights_sitenote_note":"","_monsterinsights_sitenote_category":0,"footnotes":""},"categories":[118],"tags":[],"class_list":["post-37017","post","type-post","status-publish","format-standard","has-post-thumbnail","hentry","category-sport-d-elite"],"_links":{"self":[{"href":"https:\/\/www.swisstabletennis.ch\/fr\/wp-json\/wp\/v2\/posts\/37017","targetHints":{"allow":["GET"]}}],"collection":[{"href":"https:\/\/www.swisstabletennis.ch\/fr\/wp-json\/wp\/v2\/posts"}],"about":[{"href":"https:\/\/www.swisstabletennis.ch\/fr\/wp-json\/wp\/v2\/types\/post"}],"author":[{"embeddable":true,"href":"https:\/\/www.swisstabletennis.ch\/fr\/wp-json\/wp\/v2\/users\/8"}],"replies":[{"embeddable":true,"href":"https:\/\/www.swisstabletennis.ch\/fr\/wp-json\/wp\/v2\/comments?post=37017"}],"version-history":[{"count":5,"href":"https:\/\/www.swisstabletennis.ch\/fr\/wp-json\/wp\/v2\/posts\/37017\/revisions"}],"predecessor-version":[{"id":37032,"href":"https:\/\/www.swisstabletennis.ch\/fr\/wp-json\/wp\/v2\/posts\/37017\/revisions\/37032"}],"wp:featuredmedia":[{"embeddable":true,"href":"https:\/\/www.swisstabletennis.ch\/fr\/wp-json\/wp\/v2\/media\/37022"}],"wp:attachment":[{"href":"https:\/\/www.swisstabletennis.ch\/fr\/wp-json\/wp\/v2\/media?parent=37017"}],"wp:term":[{"taxonomy":"category","embeddable":true,"href":"https:\/\/www.swisstabletennis.ch\/fr\/wp-json\/wp\/v2\/categories?post=37017"},{"taxonomy":"post_tag","embeddable":true,"href":"https:\/\/www.swisstabletennis.ch\/fr\/wp-json\/wp\/v2\/tags?post=37017"}],"curies":[{"name":"wp","href":"https:\/\/api.w.org\/{rel}","templated":true}]}}