{"id":37074,"date":"2025-01-27T11:34:49","date_gmt":"2025-01-27T10:34:49","guid":{"rendered":"https:\/\/www.swisstabletennis.ch\/?p=37074"},"modified":"2025-01-27T11:34:49","modified_gmt":"2025-01-27T10:34:49","slug":"pas-de-qualification-pour-zadar-pour-les-equipes-suisses","status":"publish","type":"post","link":"https:\/\/www.swisstabletennis.ch\/fr\/pas-de-qualification-pour-zadar-pour-les-equipes-suisses\/","title":{"rendered":"Pas de qualification pour Zadar pour les \u00e9quipes suisses"},"content":{"rendered":"<h6>Les deux derniers jour de comp\u00e9tition n\u2019ont pas souri aux \u00e9quipes suisses, qui n\u2019ont pas r\u00e9ussi \u00e0 d\u00e9crocher l\u2019une des douze pr\u00e9cieuses places pour la phase finale des European Teams Championships, pr\u00e9vue \u00e0 Zadar.<\/h6>\n<p>&nbsp;<\/p>\n<p>Texte : Raouf Morsi \/ Photos : ETTU<\/p>\n<p>&nbsp;<\/p>\n<p><strong>Un d\u00e9fi trop grand pour les hommes<\/strong><\/p>\n<p>L\u2019\u00e9quipe masculine est pass\u00e9e tout pr\u00e8s d\u2019un exploit face aux Pays-Bas, mais Gabrielius Camara, imp\u00e9rial, n\u2019a laiss\u00e9 aucune chance aux Suisses, leur infligeant une d\u00e9faite cruelle (2-3). Malgr\u00e9 une belle r\u00e9sistance, notamment dans les moments cl\u00e9s, la victoire leur a \u00e9chapp\u00e9.<\/p>\n<p>Face \u00e0 la Norv\u00e8ge, les Helv\u00e8tes ont rencontr\u00e9 une opposition plus rude. Bien que C\u00e9dric Tschanz ait r\u00e9ussi \u00e0 sauver l\u2019honneur, la Suisse s\u2019est inclin\u00e9e 1-3, laissant filer ses espoirs de qualification.<\/p>\n<p>Les Suisses ont n\u00e9anmoins su conclure leur parcours sur une note positive en dominant l\u2019\u00c9cosse (3-1). Toutefois, cette victoire n\u2019a pas suffi, et avec une 3\u1d49 place au classement de groupe, l\u2019\u00e9quipe masculine voit son parcours s\u2019arr\u00eater l\u00e0.<\/p>\n<p><a href=\"https:\/\/www.swisstabletennis.ch\/wp-content\/uploads\/2025\/01\/54283982142_829edb81f8_k.jpg\"><img fetchpriority=\"high\" decoding=\"async\" class=\"alignnone wp-image-37079 size-large\" src=\"https:\/\/www.swisstabletennis.ch\/wp-content\/uploads\/2025\/01\/54283982142_829edb81f8_k-1024x682.jpg\" alt=\"\" width=\"1024\" height=\"682\" srcset=\"https:\/\/www.swisstabletennis.ch\/wp-content\/uploads\/2025\/01\/54283982142_829edb81f8_k-1024x682.jpg 1024w, https:\/\/www.swisstabletennis.ch\/wp-content\/uploads\/2025\/01\/54283982142_829edb81f8_k-300x200.jpg 300w, https:\/\/www.swisstabletennis.ch\/wp-content\/uploads\/2025\/01\/54283982142_829edb81f8_k-768x511.jpg 768w, https:\/\/www.swisstabletennis.ch\/wp-content\/uploads\/2025\/01\/54283982142_829edb81f8_k-391x260.jpg 391w, https:\/\/www.swisstabletennis.ch\/wp-content\/uploads\/2025\/01\/54283982142_829edb81f8_k-1536x1022.jpg 1536w, https:\/\/www.swisstabletennis.ch\/wp-content\/uploads\/2025\/01\/54283982142_829edb81f8_k-370x246.jpg 370w, https:\/\/www.swisstabletennis.ch\/wp-content\/uploads\/2025\/01\/54283982142_829edb81f8_k-818x544.jpg 818w, https:\/\/www.swisstabletennis.ch\/wp-content\/uploads\/2025\/01\/54283982142_829edb81f8_k-406x270.jpg 406w, https:\/\/www.swisstabletennis.ch\/wp-content\/uploads\/2025\/01\/54283982142_829edb81f8_k-600x399.jpg 600w, https:\/\/www.swisstabletennis.ch\/wp-content\/uploads\/2025\/01\/54283982142_829edb81f8_k-500x333.jpg 500w, https:\/\/www.swisstabletennis.ch\/wp-content\/uploads\/2025\/01\/54283982142_829edb81f8_k-400x266.jpg 400w, https:\/\/www.swisstabletennis.ch\/wp-content\/uploads\/2025\/01\/54283982142_829edb81f8_k-32x21.jpg 32w, https:\/\/www.swisstabletennis.ch\/wp-content\/uploads\/2025\/01\/54283982142_829edb81f8_k.jpg 2048w\" sizes=\"(max-width: 1024px) 100vw, 1024px\" \/><\/a><\/p>\n<p><strong>Les femmes \u00e9chouent aux portes de la qualification<\/strong><\/p>\n<p>Chez les dames, la Suisse a entam\u00e9 cette derni\u00e8re ligne droite avec une performance convaincante face au Danemark, s\u2019imposant solidement 3-1. Cependant, l\u2019\u00e9lan a \u00e9t\u00e9 bris\u00e9 d\u00e8s le lendemain face \u00e0 la Belgique, o\u00f9 les Suissesses se sont inclin\u00e9es 1-3, incapables de maintenir leur dynamique victorieuse.<\/p>\n<p>Malgr\u00e9 leur 2\u1d49 place au classement du groupe, les joueuses avaient encore une chance de qualification lors d\u2019un match d\u00e9cisif contre la Slov\u00e9nie. H\u00e9las, elles n\u2019ont pas r\u00e9ussi \u00e0 \u00e9lever leur niveau face \u00e0 une \u00e9quipe slov\u00e8ne solide, s\u2019inclinant lourdement 0-3, scellant ainsi leur sort dans la comp\u00e9tition.<\/p>\n<p><a href=\"https:\/\/www.ettu.org\/eureopan-teams-championships-stag-1\/\">R\u00e9sultats<\/a><\/p>\n<p><a href=\"https:\/\/www.swisstabletennis.ch\/wp-content\/uploads\/2025\/01\/54287246165_ade2b33c40_k.jpg\"><img decoding=\"async\" class=\"alignnone wp-image-37077 size-large\" src=\"https:\/\/www.swisstabletennis.ch\/wp-content\/uploads\/2025\/01\/54287246165_ade2b33c40_k-1024x682.jpg\" alt=\"\" width=\"1024\" height=\"682\" srcset=\"https:\/\/www.swisstabletennis.ch\/wp-content\/uploads\/2025\/01\/54287246165_ade2b33c40_k-1024x682.jpg 1024w, https:\/\/www.swisstabletennis.ch\/wp-content\/uploads\/2025\/01\/54287246165_ade2b33c40_k-300x200.jpg 300w, https:\/\/www.swisstabletennis.ch\/wp-content\/uploads\/2025\/01\/54287246165_ade2b33c40_k-768x511.jpg 768w, https:\/\/www.swisstabletennis.ch\/wp-content\/uploads\/2025\/01\/54287246165_ade2b33c40_k-391x260.jpg 391w, https:\/\/www.swisstabletennis.ch\/wp-content\/uploads\/2025\/01\/54287246165_ade2b33c40_k-1536x1022.jpg 1536w, https:\/\/www.swisstabletennis.ch\/wp-content\/uploads\/2025\/01\/54287246165_ade2b33c40_k-370x246.jpg 370w, https:\/\/www.swisstabletennis.ch\/wp-content\/uploads\/2025\/01\/54287246165_ade2b33c40_k-818x544.jpg 818w, https:\/\/www.swisstabletennis.ch\/wp-content\/uploads\/2025\/01\/54287246165_ade2b33c40_k-406x270.jpg 406w, https:\/\/www.swisstabletennis.ch\/wp-content\/uploads\/2025\/01\/54287246165_ade2b33c40_k-600x399.jpg 600w, https:\/\/www.swisstabletennis.ch\/wp-content\/uploads\/2025\/01\/54287246165_ade2b33c40_k-500x333.jpg 500w, https:\/\/www.swisstabletennis.ch\/wp-content\/uploads\/2025\/01\/54287246165_ade2b33c40_k-400x266.jpg 400w, https:\/\/www.swisstabletennis.ch\/wp-content\/uploads\/2025\/01\/54287246165_ade2b33c40_k-32x21.jpg 32w, https:\/\/www.swisstabletennis.ch\/wp-content\/uploads\/2025\/01\/54287246165_ade2b33c40_k.jpg 2048w\" sizes=\"(max-width: 1024px) 100vw, 1024px\" \/><\/a><\/p>\n","protected":false},"excerpt":{"rendered":"<p>Les deux derniers jour de comp\u00e9tition n\u2019ont pas souri aux \u00e9quipes suisses, qui n\u2019ont pas r\u00e9ussi \u00e0 d\u00e9crocher l\u2019une des&hellip;<\/p>\n","protected":false},"author":8,"featured_media":37075,"comment_status":"closed","ping_status":"closed","sticky":false,"template":"","format":"standard","meta":{"_monsterinsights_skip_tracking":false,"_monsterinsights_sitenote_active":false,"_monsterinsights_sitenote_note":"","_monsterinsights_sitenote_category":0,"footnotes":""},"categories":[118],"tags":[],"class_list":["post-37074","post","type-post","status-publish","format-standard","has-post-thumbnail","hentry","category-sport-d-elite"],"_links":{"self":[{"href":"https:\/\/www.swisstabletennis.ch\/fr\/wp-json\/wp\/v2\/posts\/37074","targetHints":{"allow":["GET"]}}],"collection":[{"href":"https:\/\/www.swisstabletennis.ch\/fr\/wp-json\/wp\/v2\/posts"}],"about":[{"href":"https:\/\/www.swisstabletennis.ch\/fr\/wp-json\/wp\/v2\/types\/post"}],"author":[{"embeddable":true,"href":"https:\/\/www.swisstabletennis.ch\/fr\/wp-json\/wp\/v2\/users\/8"}],"replies":[{"embeddable":true,"href":"https:\/\/www.swisstabletennis.ch\/fr\/wp-json\/wp\/v2\/comments?post=37074"}],"version-history":[{"count":1,"href":"https:\/\/www.swisstabletennis.ch\/fr\/wp-json\/wp\/v2\/posts\/37074\/revisions"}],"predecessor-version":[{"id":37081,"href":"https:\/\/www.swisstabletennis.ch\/fr\/wp-json\/wp\/v2\/posts\/37074\/revisions\/37081"}],"wp:featuredmedia":[{"embeddable":true,"href":"https:\/\/www.swisstabletennis.ch\/fr\/wp-json\/wp\/v2\/media\/37075"}],"wp:attachment":[{"href":"https:\/\/www.swisstabletennis.ch\/fr\/wp-json\/wp\/v2\/media?parent=37074"}],"wp:term":[{"taxonomy":"category","embeddable":true,"href":"https:\/\/www.swisstabletennis.ch\/fr\/wp-json\/wp\/v2\/categories?post=37074"},{"taxonomy":"post_tag","embeddable":true,"href":"https:\/\/www.swisstabletennis.ch\/fr\/wp-json\/wp\/v2\/tags?post=37074"}],"curies":[{"name":"wp","href":"https:\/\/api.w.org\/{rel}","templated":true}]}}