{"id":42901,"date":"2025-09-24T14:08:13","date_gmt":"2025-09-24T12:08:13","guid":{"rendered":"https:\/\/www.swisstabletennis.ch\/?p=42901"},"modified":"2025-09-24T14:08:13","modified_gmt":"2025-09-24T12:08:13","slug":"la-sttl-men-debute-la-saison-avec-7-equipes","status":"publish","type":"post","link":"https:\/\/www.swisstabletennis.ch\/fr\/la-sttl-men-debute-la-saison-avec-7-equipes\/","title":{"rendered":"La STTL Men d\u00e9bute la saison avec 7 \u00e9quipes"},"content":{"rendered":"<p>En mai dernier, avant les finales de LNB, le comit\u00e9 de la STTL s\u2019\u00e9tait pench\u00e9 sur la possible promotion des finalistes ABTT et Vevey. Sur la base des crit\u00e8res du r\u00e8glement sportif ainsi que de la solidit\u00e9 financi\u00e8re examin\u00e9e, le comit\u00e9 de la STTL \u00e9tait arriv\u00e9 \u00e0 la conclusion qu\u2019aucun des deux clubs, ni ABTT ni Vevey, ne remplissait enti\u00e8rement les crit\u00e8res requis, m\u00eame si Vevey r\u00e9pondait mieux aux exigences sur certains points.<\/p>\n<p>Dans ce contexte, le comit\u00e9 de la STTL avait d\u00e9cid\u00e9 d\u2019exclure une \u00e9ventuelle promotion d\u2019ABTT. Apr\u00e8s qu\u2019ABTT ait remport\u00e9 le titre de champion de LNB et se soit ainsi qualifi\u00e9 sportivement, le club a d\u00e9pos\u00e9 un recours aupr\u00e8s de la commission de recours de STT contre la d\u00e9cision du comit\u00e9 de la STTL.<\/p>\n<p>Ces derniers mois, un \u00e9change intensif de documents et de prises de position a eu lieu, ce qui a conduit la commission de recours \u00e0 la d\u00e9cision suivante : ni ABTT ni Vevey ne pourront jouer en STTL Men durant la saison 2025\/26. Pour cette raison, la STTL Men sera disput\u00e9e lors de la saison 2025\/26 entre sept \u00e9quipes, \u00e0 savoir :\u00a0Lugano, Rio-Star Muttenz, Neuhausen, Rapperswil-Jona, ZZ-Lancy, Carouge et Young Stars Z\u00fcrich.<\/p>\n<p>Le comit\u00e9 de la STTL collabore d\u00e9j\u00e0 depuis cet \u00e9t\u00e9 avec le comit\u00e9 de la LN afin d\u2019optimiser le r\u00e8glement, pour \u00e9viter que de tels cas ne se reproduisent \u00e0 l\u2019avenir.<\/p>\n<p>La saison commencera donc comme pr\u00e9vu le samedi 11 octobre 2025, Rapperswil-Jona \u00e9tant au repos.<\/p>\n<p><strong>LNB : le calendrier des matchs est en cours d&rsquo;\u00e9laboration<\/strong><\/p>\n<p>Apr\u00e8s l&rsquo;annonce de la d\u00e9cision d&rsquo;appel de la commission de recours, le comit\u00e9 de la LN examine actuellement la possibilit\u00e9 d&rsquo;organiser les matchs de la LNB en deux groupes de huit et neuf \u00e9quipes. Cette d\u00e9cision intervient dans des circonstances malheureuses, les premiers matchs ayant d\u00e9j\u00e0 \u00e9t\u00e9 disput\u00e9s, m\u00eame si ceux de l&rsquo;ABTT ont au moins \u00e9t\u00e9 suspendus. La d\u00e9cision n&rsquo;est toutefois parvenue au comit\u00e9 de la LN qu&rsquo;avant-hier. La suite de la proc\u00e9dure sera d\u00e9finie en collaboration avec les deux clubs directement concern\u00e9s par la d\u00e9cision de recours et communiqu\u00e9e publiquement d\u00e8s que possible.<\/p>\n","protected":false},"excerpt":{"rendered":"<p>En mai dernier, avant les finales de LNB, le comit\u00e9 de la STTL s\u2019\u00e9tait pench\u00e9 sur la possible promotion des&hellip;<\/p>\n","protected":false},"author":14,"featured_media":42906,"comment_status":"closed","ping_status":"closed","sticky":false,"template":"","format":"standard","meta":{"_monsterinsights_skip_tracking":false,"_monsterinsights_sitenote_active":false,"_monsterinsights_sitenote_note":"","_monsterinsights_sitenote_category":0,"footnotes":""},"categories":[233,471],"tags":[],"class_list":["post-42901","post","type-post","status-publish","format-standard","has-post-thumbnail","hentry","category-ligue-nationale","category-sttl-swiss-table-tennis-league"],"_links":{"self":[{"href":"https:\/\/www.swisstabletennis.ch\/fr\/wp-json\/wp\/v2\/posts\/42901","targetHints":{"allow":["GET"]}}],"collection":[{"href":"https:\/\/www.swisstabletennis.ch\/fr\/wp-json\/wp\/v2\/posts"}],"about":[{"href":"https:\/\/www.swisstabletennis.ch\/fr\/wp-json\/wp\/v2\/types\/post"}],"author":[{"embeddable":true,"href":"https:\/\/www.swisstabletennis.ch\/fr\/wp-json\/wp\/v2\/users\/14"}],"replies":[{"embeddable":true,"href":"https:\/\/www.swisstabletennis.ch\/fr\/wp-json\/wp\/v2\/comments?post=42901"}],"version-history":[{"count":2,"href":"https:\/\/www.swisstabletennis.ch\/fr\/wp-json\/wp\/v2\/posts\/42901\/revisions"}],"predecessor-version":[{"id":42907,"href":"https:\/\/www.swisstabletennis.ch\/fr\/wp-json\/wp\/v2\/posts\/42901\/revisions\/42907"}],"wp:featuredmedia":[{"embeddable":true,"href":"https:\/\/www.swisstabletennis.ch\/fr\/wp-json\/wp\/v2\/media\/42906"}],"wp:attachment":[{"href":"https:\/\/www.swisstabletennis.ch\/fr\/wp-json\/wp\/v2\/media?parent=42901"}],"wp:term":[{"taxonomy":"category","embeddable":true,"href":"https:\/\/www.swisstabletennis.ch\/fr\/wp-json\/wp\/v2\/categories?post=42901"},{"taxonomy":"post_tag","embeddable":true,"href":"https:\/\/www.swisstabletennis.ch\/fr\/wp-json\/wp\/v2\/tags?post=42901"}],"curies":[{"name":"wp","href":"https:\/\/api.w.org\/{rel}","templated":true}]}}