{"id":43398,"date":"2025-10-13T08:57:38","date_gmt":"2025-10-13T06:57:38","guid":{"rendered":"https:\/\/www.swisstabletennis.ch\/?p=43398"},"modified":"2025-10-13T08:57:38","modified_gmt":"2025-10-13T06:57:38","slug":"en-memoire-de-dimitri-rebetez","status":"publish","type":"post","link":"https:\/\/www.swisstabletennis.ch\/fr\/en-memoire-de-dimitri-rebetez\/","title":{"rendered":"En m\u00e9moire de Dimitri Rebetez"},"content":{"rendered":"<p>C\u2019est avec une profonde tristesse que le Comit\u00e9 central a appris le d\u00e9c\u00e8s de Dimitri Rebetez, pr\u00e9sident en fonction de l\u2019ANJTT depuis 2017.<\/p>\n<p>Dimitri a commenc\u00e9 sa carri\u00e8re de pongiste au CTT Moutier, o\u00f9 il a occup\u00e9 toutes les fonctions, devenant finalement pr\u00e9sident d\u2019honneur, tout en jouant jusqu\u2019en 2e ligue.<br \/>\nEn 2017, il a repris \u00e0 la fois la pr\u00e9sidence et la direction technique de l\u2019ANJTT.<\/p>\n<p>Il a toujours entretenu une \u00e9troite collaboration avec STT et a particip\u00e9 personnellement au groupe de travail charg\u00e9 de l\u2019\u00e9laboration de la strat\u00e9gie actuelle.<br \/>\nSon engagement au sein de la CPA, dont il a \u00e9t\u00e9 vice-pr\u00e9sident pendant un certain temps, a \u00e9galement \u00e9t\u00e9 marqu\u00e9 par une grande attention et par des retours pr\u00e9cieux sur les modes de communication.<\/p>\n<p>Nous nous souvenons de lui comme d\u2019un spectateur attentif lors d\u2019innombrables manifestations nationales, toujours soucieux de soutenir les jeunes talents et les champions confirm\u00e9s ayant particip\u00e9 au tournoi de la Piscine \u2013 un \u00e9v\u00e9nement qu\u2019il aimait qualifier d\u2019\u00e9tape incontournable sur le chemin du titre de champion suisse.<\/p>\n<p>Tout r\u00e9cemment, il a pr\u00e9sid\u00e9 le comit\u00e9 d\u2019organisation du 50e anniversaire du CTT Moutier, \u00e0 l\u2019occasion duquel s\u2019est \u00e9galement tenue notre Assembl\u00e9e des d\u00e9l\u00e9gu\u00e9s.<br \/>\nSa derni\u00e8re contribution, il y a quelques jours \u00e0 peine, fut un commentaire sur l\u2019augmentation du nombre de licences dans l\u2019ANJTT cette ann\u00e9e \u2013 une \u00e9volution qui le remplissait d\u2019une grande fiert\u00e9.<\/p>\n<p>Avec Dimitri, nous perdons une personne exceptionnelle, profond\u00e9ment engag\u00e9e dans le b\u00e9n\u00e9volat, un exemple pour toute la sc\u00e8ne du tennis de table suisse.<\/p>\n<p><a href=\"https:\/\/anjtt.ch\/carnet-noir-dimitri-rebetez\/\">N\u00e9crologie Dimitri Rebetez &#8211; Site web ANJTT<\/a><\/p>\n<p><a href=\"https:\/\/www.swisstabletennis.ch\/wp-content\/uploads\/2025\/10\/Carnet-noir-Dimitri-Rebetez.jpg\"><img fetchpriority=\"high\" decoding=\"async\" class=\"alignnone wp-image-43390 size-full\" src=\"https:\/\/www.swisstabletennis.ch\/wp-content\/uploads\/2025\/10\/Carnet-noir-Dimitri-Rebetez.jpg\" alt=\"\" width=\"704\" height=\"874\" srcset=\"https:\/\/www.swisstabletennis.ch\/wp-content\/uploads\/2025\/10\/Carnet-noir-Dimitri-Rebetez.jpg 704w, https:\/\/www.swisstabletennis.ch\/wp-content\/uploads\/2025\/10\/Carnet-noir-Dimitri-Rebetez-242x300.jpg 242w, https:\/\/www.swisstabletennis.ch\/wp-content\/uploads\/2025\/10\/Carnet-noir-Dimitri-Rebetez-370x459.jpg 370w, https:\/\/www.swisstabletennis.ch\/wp-content\/uploads\/2025\/10\/Carnet-noir-Dimitri-Rebetez-406x504.jpg 406w, https:\/\/www.swisstabletennis.ch\/wp-content\/uploads\/2025\/10\/Carnet-noir-Dimitri-Rebetez-600x745.jpg 600w, https:\/\/www.swisstabletennis.ch\/wp-content\/uploads\/2025\/10\/Carnet-noir-Dimitri-Rebetez-403x500.jpg 403w, https:\/\/www.swisstabletennis.ch\/wp-content\/uploads\/2025\/10\/Carnet-noir-Dimitri-Rebetez-322x400.jpg 322w, https:\/\/www.swisstabletennis.ch\/wp-content\/uploads\/2025\/10\/Carnet-noir-Dimitri-Rebetez-26x32.jpg 26w\" sizes=\"(max-width: 704px) 100vw, 704px\" \/><\/a><\/p>\n","protected":false},"excerpt":{"rendered":"<p>C\u2019est avec une profonde tristesse que le Comit\u00e9 central a appris le d\u00e9c\u00e8s de Dimitri Rebetez, pr\u00e9sident en fonction de&hellip;<\/p>\n","protected":false},"author":8,"featured_media":43408,"comment_status":"closed","ping_status":"closed","sticky":false,"template":"","format":"standard","meta":{"_monsterinsights_skip_tracking":false,"_monsterinsights_sitenote_active":false,"_monsterinsights_sitenote_note":"","_monsterinsights_sitenote_category":0,"footnotes":""},"categories":[120],"tags":[],"class_list":["post-43398","post","type-post","status-publish","format-standard","has-post-thumbnail","hentry","category-stt-news-kategorie-fr"],"_links":{"self":[{"href":"https:\/\/www.swisstabletennis.ch\/fr\/wp-json\/wp\/v2\/posts\/43398","targetHints":{"allow":["GET"]}}],"collection":[{"href":"https:\/\/www.swisstabletennis.ch\/fr\/wp-json\/wp\/v2\/posts"}],"about":[{"href":"https:\/\/www.swisstabletennis.ch\/fr\/wp-json\/wp\/v2\/types\/post"}],"author":[{"embeddable":true,"href":"https:\/\/www.swisstabletennis.ch\/fr\/wp-json\/wp\/v2\/users\/8"}],"replies":[{"embeddable":true,"href":"https:\/\/www.swisstabletennis.ch\/fr\/wp-json\/wp\/v2\/comments?post=43398"}],"version-history":[{"count":4,"href":"https:\/\/www.swisstabletennis.ch\/fr\/wp-json\/wp\/v2\/posts\/43398\/revisions"}],"predecessor-version":[{"id":43410,"href":"https:\/\/www.swisstabletennis.ch\/fr\/wp-json\/wp\/v2\/posts\/43398\/revisions\/43410"}],"wp:featuredmedia":[{"embeddable":true,"href":"https:\/\/www.swisstabletennis.ch\/fr\/wp-json\/wp\/v2\/media\/43408"}],"wp:attachment":[{"href":"https:\/\/www.swisstabletennis.ch\/fr\/wp-json\/wp\/v2\/media?parent=43398"}],"wp:term":[{"taxonomy":"category","embeddable":true,"href":"https:\/\/www.swisstabletennis.ch\/fr\/wp-json\/wp\/v2\/categories?post=43398"},{"taxonomy":"post_tag","embeddable":true,"href":"https:\/\/www.swisstabletennis.ch\/fr\/wp-json\/wp\/v2\/tags?post=43398"}],"curies":[{"name":"wp","href":"https:\/\/api.w.org\/{rel}","templated":true}]}}