{"id":47141,"date":"2026-02-02T17:50:03","date_gmt":"2026-02-02T16:50:03","guid":{"rendered":"https:\/\/www.swisstabletennis.ch\/?p=47141"},"modified":"2026-02-02T17:50:03","modified_gmt":"2026-02-02T16:50:03","slug":"interview-rachel-moret-et-pedro-osiro-avant-le-top-16-a-montreux","status":"publish","type":"post","link":"https:\/\/www.swisstabletennis.ch\/fr\/interview-rachel-moret-et-pedro-osiro-avant-le-top-16-a-montreux\/","title":{"rendered":"Interview : Rachel Moret et Pedro Osiro avant le Top 16 \u00e0 Montreux"},"content":{"rendered":"<h6><span class=\"TextRun SCXW108343983 BCX0\" lang=\"FR-FR\" xml:lang=\"FR-FR\" data-contrast=\"none\"><span class=\"NormalTextRun SCXW108343983 BCX0\">La CCB Europe Top 16 Cup \u00e0 Montreux approche \u00e0 grands pas : jeudi, Rachel\u00a0<\/span><span class=\"NormalTextRun SpellingErrorV2Themed SCXW108343983 BCX0\">Moret<\/span><span class=\"NormalTextRun SCXW108343983 BCX0\">\u00a0et Pedro\u00a0<\/span><span class=\"NormalTextRun SCXW108343983 BCX0\">Osiro<\/span><span class=\"NormalTextRun SCXW108343983 BCX0\">\u00a0se battront \u00e9galement lors des qualifications pour acc\u00e9der au tableau principal. Nous avons\u00a0<\/span><span class=\"NormalTextRun SCXW108343983 BCX0\">parl<\/span><span class=\"NormalTextRun SCXW108343983 BCX0\">\u00e9 avec<\/span><span class=\"NormalTextRun SCXW108343983 BCX0\">\u00a0eux de leur pr\u00e9paration et de leurs objectifs pour ce tournoi \u00e0 domicile.<\/span><\/span><\/h6>\n<p>&nbsp;<\/p>\n<p><span data-contrast=\"none\">Texte : Lionel Weber \/ Photos : Ren\u00e9 Zwald<\/span><\/p>\n<p>&nbsp;<\/p>\n<p><strong>Il\u00a0ne\u00a0reste\u00a0que\u00a0quelques\u00a0jours\u00a0avant\u00a0les\u00a0qualifications\u00a0de\u00a0jeudi. Comment se\u00a0d\u00e9roule\u00a0votre\u00a0pr\u00e9paration\u00a0ces\u00a0derniers\u00a0jours\u00a0avant le\u00a0d\u00e9but\u00a0du\u00a0tournoi\u00a0? Comment\u00a0vous\u00a0sentez-vous\u00a0?\u00a0<\/strong><\/p>\n<p><span data-contrast=\"auto\">Rachel Moret : Cette semaine, j&rsquo;\u00e9tais au WTT Feeder \u00e0 Lille et les semaines pr\u00e9c\u00e9dentes, j&rsquo;ai disput\u00e9 plusieurs matchs en Pro A en France. C&rsquo;est donc une p\u00e9riode de comp\u00e9tition intense. Mardi, j&rsquo;ai encore un match en Pro A, apr\u00e8s quoi je me rendrai directement \u00e0 Montreux. Je me sens bien et je me r\u00e9jouis d&rsquo;\u00eatre \u00e0 Montreux.<\/span><span data-ccp-props=\"{}\">\u00a0<\/span><\/p>\n<p><span data-contrast=\"auto\">Pedro Osiro : Dans les jours qui pr\u00e9c\u00e8dent la comp\u00e9tition, je m&rsquo;entra\u00eene \u00e0 reproduire de nombreuses situations de match. Il s&rsquo;agit d&rsquo;acqu\u00e9rir de l&rsquo;assurance et de se sentir \u00e0 l&rsquo;aise \u00e0 la table. Pour l&rsquo;instant, je me r\u00e9jouis surtout de pouvoir participer au Top 16.\u00a0 <\/span><span data-ccp-props=\"{}\">\u00a0<\/span><\/p>\n<p>&nbsp;<\/p>\n<p><strong>Quelles\u00a0sont\u00a0vos\u00a0attentes\u00a0personnelles\u00a0pour\u00a0ce\u00a0tournoi, tant en\u00a0termes\u00a0de\u00a0performances\u00a0personnelles\u00a0que\u00a0d&rsquo;ambiance\u00a0et de\u00a0lieu\u00a0?\u00a0<\/strong><\/p>\n<p><span data-contrast=\"auto\">Rachel :\u00a0Le Top 16\u00a0rassemble\u00a0forc\u00e9ment\u00a0les\u00a0meilleures\u00a0joueuses\u00a0europ\u00e9ennes, je\u00a0sais\u00a0donc\u00a0que\u00a0le\u00a0niveau\u00a0sera\u00a0tr\u00e8s\u00a0\u00e9lev\u00e9. Je\u00a0n&rsquo;ai\u00a0pas\u00a0d&rsquo;objectif\u00a0concret\u00a0en\u00a0termes\u00a0de\u00a0r\u00e9sultat,\u00a0mais\u00a0je\u00a0souhaite\u00a0avant\u00a0tout\u00a0donner\u00a0le\u00a0meilleur\u00a0de\u00a0moi-m\u00eame\u00a0devant\u00a0le\u00a0public\u00a0suisse.\u00a0J&rsquo;esp\u00e8re\u00a0que\u00a0les\u00a0spectateurs\u00a0seront\u00a0nombreux\u00a0d\u00e8s\u00a0jeudi\u00a0pour\u00a0les\u00a0matchs\u00a0de\u00a0qualification\u00a0!<\/span><span data-ccp-props=\"{}\">\u00a0<\/span><\/p>\n<p><span data-contrast=\"auto\">Pedro :\u00a0Je\u00a0veux\u00a0jouer\u00a0avec\u00a0audace\u00a0et\u00a0imposer\u00a0mon\u00a0jeu.\u00a0Si\u00a0j&rsquo;y\u00a0parviens, je\u00a0serai\u00a0satisfait,\u00a0quel\u00a0que\u00a0soit\u00a0le\u00a0r\u00e9sultat. Montreux\u00a0est\u00a0un\u00a0endroit\u00a0vraiment\u00a0sympa\u00a0et le fait de\u00a0pouvoir\u00a0jouer\u00a0devant\u00a0mon\u00a0public\u00a0me\u00a0donnera\u00a0certainement\u00a0un\u00a0coup\u00a0de\u00a0pouce\u00a0suppl\u00e9mentaire.\u00a0<\/span><span data-ccp-props=\"{}\">\u00a0<\/span><\/p>\n<p>&nbsp;<\/p>\n<p><strong>Qu&rsquo;est-ce\u00a0qui\u00a0caract\u00e9rise\u00a0ce\u00a0tournoi\u00a0selon\u00a0vous\u00a0et en\u00a0quoi\u00a0cette\u00a0comp\u00e9tition\u00a0se\u00a0distingue-t-elle des\u00a0autres\u00a0tournois\u00a0?\u00a0<\/strong><\/p>\n<p><span data-contrast=\"auto\">Rachel :\u00a0Le Top 16\u00a0est\u00a0la\u00a0comp\u00e9tition\u00a0europ\u00e9enne\u00a0la plus\u00a0prestigieuse. Le\u00a0format\u00a0\u00e0\u00a0table\u00a0unique\u00a0rend\u00a0l&rsquo;\u00e9v\u00e9nement\u00a0encore\u00a0plus\u00a0spectaculaire\u00a0et\u00a0intense. Nous\u00a0avons\u00a0toujours\u00a0\u00e9t\u00e9\u00a0tr\u00e8s\u00a0bien\u00a0accueillis\u00a0\u00e0 Montreux, et\u00a0tout\u00a0est\u00a0mis\u00a0en\u00a0\u0153uvre\u00a0pour\u00a0que\u00a0les\u00a0joueuses\u00a0et\u00a0les\u00a0joueurs\u00a0puissent\u00a0jouer\u00a0dans\u00a0les\u00a0meilleures\u00a0conditions\u00a0possibles. Je\u00a0profite\u00a0de\u00a0cette\u00a0occasion\u00a0pour\u00a0remercier\u00a0l&rsquo;ensemble\u00a0du\u00a0comit\u00e9\u00a0d&rsquo;organisation,\u00a0qui\u00a0fait\u00a0un\u00a0travail\u00a0remarquable\u00a0pour\u00a0que\u00a0tous\u00a0les\u00a0athl\u00e8tes\u00a0se\u00a0sentent\u00a0\u00e0\u00a0l&rsquo;aise\u00a0pendant\u00a0ces\u00a0quatre\u00a0jours\u00a0de\u00a0comp\u00e9tition.\u00a0<\/span><span data-ccp-props=\"{&quot;134233117&quot;:false,&quot;134233118&quot;:false,&quot;335559738&quot;:240,&quot;335559739&quot;:240}\">\u00a0<\/span><\/p>\n<p><span data-contrast=\"auto\">Pedro :\u00a0Bien\u00a0s\u00fbr, le Top 16\u00a0est\u00a0un\u00a0tournoi\u00a0tr\u00e8s\u00a0sp\u00e9cial\u00a0pour\u00a0moi,\u00a0surtout\u00a0parce\u00a0qu&rsquo;il\u00a0se\u00a0d\u00e9roule\u00a0en Suisse. Comme il\u00a0n&rsquo;y\u00a0a\u00a0que\u00a0des\u00a0adversaires\u00a0de haut\u00a0niveau, il faut\u00a0\u00eatre\u00a0pr\u00eat\u00a0d\u00e8s\u00a0le\u00a0d\u00e9but\u00a0et on\u00a0n&rsquo;a\u00a0pas\u00a0le\u00a0temps\u00a0de se\u00a0mettre\u00a0en\u00a0jambe\u00a0progressivement.<\/span><span data-ccp-props=\"{&quot;134233117&quot;:false,&quot;134233118&quot;:false,&quot;335559738&quot;:240,&quot;335559739&quot;:240}\">\u00a0<\/span><\/p>\n<p>&nbsp;<\/p>\n<p><strong>Contre\u00a0qui\u00a0aimeriez-vous\u00a0jouer,\u00a0que\u00a0ce\u00a0soit\u00a0lors\u00a0des\u00a0qualifications\u00a0ou\u00a0dans\u00a0le\u00a0tableau\u00a0principal\u00a0?\u00a0\u00a0<\/strong><\/p>\n<p><span data-contrast=\"auto\">Rachel :\u00a0Je\u00a0n&rsquo;ai\u00a0pas\u00a0de\u00a0pr\u00e9f\u00e9rence\u00a0particuli\u00e8re\u00a0quant\u00a0\u00e0\u00a0mes\u00a0adversaires. En\u00a0tout\u00a0cas, je\u00a0me\u00a0r\u00e9jouis\u00a0de\u00a0jouer\u00a0\u00e0\u00a0Montreux !\u00a0<\/span><span data-ccp-props=\"{}\">\u00a0<\/span><\/p>\n<p><span data-contrast=\"auto\">Pedro : Je n&rsquo;ai pas d&rsquo;adversaire pr\u00e9f\u00e9r\u00e9 pour les qualifications. Si je me qualifie pour le tableau principal, un duel avec Darko\u00a0Jorgi\u0107\u00a0serait g\u00e9nial, car nous sommes tous les deux des joueurs ax\u00e9s sur le revers et cela donnerait certainement un bon match.\u00a0<\/span><span data-ccp-props=\"{}\">\u00a0<\/span><\/p>\n<p>&nbsp;<\/p>\n<p><strong>Rachel,\u00a0quel\u00a0a\u00a0\u00e9t\u00e9\u00a0ton\u00a0meilleur\u00a0moment\u00a0lors\u00a0de\u00a0tes\u00a0pr\u00e9c\u00e9dentes\u00a0participations\u00a0\u00e0\u00a0Montreux ?\u00a0\u00a0<\/strong><\/p>\n<p><span data-contrast=\"auto\">Sans\u00a0h\u00e9siter,\u00a0ma\u00a0premi\u00e8re\u00a0victoire\u00a0l&rsquo;ann\u00e9e\u00a0derni\u00e8re\u00a0contre Hana\u00a0Matelov\u00e1\u00a0!\u00a0<\/span><span data-ccp-props=\"{}\">\u00a0<\/span><\/p>\n<p>&nbsp;<\/p>\n<p><strong>As-tu\u00a0un\u00a0conseil\u00a0\u00e0\u00a0donner\u00a0\u00e0 Pedro,\u00a0qui\u00a0participe\u00a0pour\u00a0la\u00a0premi\u00e8re\u00a0fois\u00a0\u00e0 la CCB Europe Top 16\u00a0Cup ?\u00a0\u00a0<\/strong><\/p>\n<p><span data-contrast=\"auto\">De\u00a0profiter\u00a0de\u00a0chaque\u00a0instant et de\u00a0jouer\u00a0sans\u00a0pression. Pouvoir\u00a0affronter\u00a0les\u00a0meilleurs\u00a0joueurs\u00a0europ\u00e9ens\u00a0est\u00a0une\u00a0formidable\u00a0opportunit\u00e9\u00a0!\u00a0<\/span><span data-ccp-props=\"{}\">\u00a0<\/span><\/p>\n<p>&nbsp;<\/p>\n<p><strong>Pedro,\u00a0que\u00a0signifie\u00a0pour\u00a0toi\u00a0ta\u00a0premi\u00e8re\u00a0qualification\u00a0pour\u00a0ce\u00a0tournoi\u00a0?\u00a0\u00a0<\/strong><\/p>\n<p><span data-contrast=\"auto\">Cela\u00a0signifie\u00a0beaucoup\u00a0pour\u00a0moi,\u00a0d&rsquo;autant\u00a0plus\u00a0que\u00a0j&rsquo;ai\u00a0d\u00e9j\u00e0\u00a0\u00e9chou\u00e9\u00a0deux\u00a0fois\u00a0de\u00a0justesse\u00a0lors\u00a0des\u00a0qualifications\u00a0internes. Je\u00a0suis\u00a0tr\u00e8s\u00a0heureux\u00a0et c&rsquo;est\u00a0une\u00a0bonne\u00a0occasion\u00a0de\u00a0voir\u00a0o\u00f9\u00a0j&rsquo;en\u00a0suis\u00a0actuellement.<\/span><\/p>\n","protected":false},"excerpt":{"rendered":"<p>La CCB Europe Top 16 Cup \u00e0 Montreux approche \u00e0 grands pas : jeudi, Rachel\u00a0Moret\u00a0et Pedro\u00a0Osiro\u00a0se battront \u00e9galement lors des&hellip;<\/p>\n","protected":false},"author":14,"featured_media":47140,"comment_status":"closed","ping_status":"closed","sticky":false,"template":"","format":"standard","meta":{"_monsterinsights_skip_tracking":false,"_monsterinsights_sitenote_active":false,"_monsterinsights_sitenote_note":"","_monsterinsights_sitenote_category":0,"footnotes":""},"categories":[117,118],"tags":[],"class_list":["post-47141","post","type-post","status-publish","format-standard","has-post-thumbnail","hentry","category-competitions","category-sport-d-elite"],"_links":{"self":[{"href":"https:\/\/www.swisstabletennis.ch\/fr\/wp-json\/wp\/v2\/posts\/47141","targetHints":{"allow":["GET"]}}],"collection":[{"href":"https:\/\/www.swisstabletennis.ch\/fr\/wp-json\/wp\/v2\/posts"}],"about":[{"href":"https:\/\/www.swisstabletennis.ch\/fr\/wp-json\/wp\/v2\/types\/post"}],"author":[{"embeddable":true,"href":"https:\/\/www.swisstabletennis.ch\/fr\/wp-json\/wp\/v2\/users\/14"}],"replies":[{"embeddable":true,"href":"https:\/\/www.swisstabletennis.ch\/fr\/wp-json\/wp\/v2\/comments?post=47141"}],"version-history":[{"count":1,"href":"https:\/\/www.swisstabletennis.ch\/fr\/wp-json\/wp\/v2\/posts\/47141\/revisions"}],"predecessor-version":[{"id":47142,"href":"https:\/\/www.swisstabletennis.ch\/fr\/wp-json\/wp\/v2\/posts\/47141\/revisions\/47142"}],"wp:featuredmedia":[{"embeddable":true,"href":"https:\/\/www.swisstabletennis.ch\/fr\/wp-json\/wp\/v2\/media\/47140"}],"wp:attachment":[{"href":"https:\/\/www.swisstabletennis.ch\/fr\/wp-json\/wp\/v2\/media?parent=47141"}],"wp:term":[{"taxonomy":"category","embeddable":true,"href":"https:\/\/www.swisstabletennis.ch\/fr\/wp-json\/wp\/v2\/categories?post=47141"},{"taxonomy":"post_tag","embeddable":true,"href":"https:\/\/www.swisstabletennis.ch\/fr\/wp-json\/wp\/v2\/tags?post=47141"}],"curies":[{"name":"wp","href":"https:\/\/api.w.org\/{rel}","templated":true}]}}