{"id":48868,"date":"2026-04-27T22:46:40","date_gmt":"2026-04-27T20:46:40","guid":{"rendered":"https:\/\/www.swisstabletennis.ch\/?p=48868"},"modified":"2026-04-27T22:48:22","modified_gmt":"2026-04-27T20:48:22","slug":"ligues-nationales-vevey-reve-de-la-sttl-affoltern-a-a-en-lnb","status":"publish","type":"post","link":"https:\/\/www.swisstabletennis.ch\/fr\/ligues-nationales-vevey-reve-de-la-sttl-affoltern-a-a-en-lnb\/","title":{"rendered":"Ligues nationales : Vevey r\u00eave de la STTL, Affoltern A\/A en LNB"},"content":{"rendered":"<p><b><span data-contrast=\"auto\">Ce week-end, plusieurs matchs de promotion ont eu lieu dans les Ligues nationales B et C masculines. Gr\u00e2ce \u00e0 sa victoire contre Lucerne, Vevey peut continuer \u00e0 r\u00eaver d&rsquo;une promotion en STTL, tandis qu&rsquo;Affoltern am Albis a pu f\u00eater son accession \u00e0 la LNB. Dans le duel entre Sarnen et Zurich Affoltern, un troisi\u00e8me match devra d\u00e9partager les deux \u00e9quipes. <\/span><\/b><span data-ccp-props=\"{&quot;134233117&quot;:false,&quot;134233118&quot;:false,&quot;201341983&quot;:0,&quot;335551550&quot;:1,&quot;335551620&quot;:1,&quot;335559685&quot;:0,&quot;335559737&quot;:0,&quot;335559738&quot;:0,&quot;335559739&quot;:160,&quot;335559740&quot;:279}\">\u00a0<\/span><\/p>\n<p><span data-contrast=\"auto\">Texte : Lionel Weber \/ Photos : Ren\u00e9 Zwald<\/span><span data-ccp-props=\"{&quot;134233117&quot;:false,&quot;134233118&quot;:false,&quot;201341983&quot;:0,&quot;335551550&quot;:1,&quot;335551620&quot;:1,&quot;335559685&quot;:0,&quot;335559737&quot;:0,&quot;335559738&quot;:0,&quot;335559739&quot;:160,&quot;335559740&quot;:279}\">\u00a0<\/span><\/p>\n<p><b><span data-contrast=\"auto\">Ligue Nationale B : Vevey et Bellinzone s\u2019affrontent pour la promotion directe <\/span><\/b><span data-ccp-props=\"{&quot;134233117&quot;:false,&quot;134233118&quot;:false,&quot;201341983&quot;:0,&quot;335551550&quot;:1,&quot;335551620&quot;:1,&quot;335559685&quot;:0,&quot;335559737&quot;:0,&quot;335559738&quot;:0,&quot;335559739&quot;:160,&quot;335559740&quot;:279}\">\u00a0<\/span><\/p>\n<p><span data-contrast=\"auto\">Vevey s\u2019est impos\u00e9 \u00e0 deux reprises 6-2 face au Rapid Lucerne. Les matchs ont toutefois \u00e9t\u00e9 plus \u00e9quilibr\u00e9s que ne le laisse supposer le r\u00e9sultat. Samedi, Vevey a fait preuve d\u2019un sang-froid \u00e0 toute \u00e9preuve, les Romands remportant les trois matchs au set d\u00e9cisif. Celian Besnier a m\u00eame r\u00e9ussi \u00e0 renverser deux fois un d\u00e9ficit de 0-2. Avec Sam Boccard, il a ainsi men\u00e9 Vevey \u00e0 la victoire. Le duo est rest\u00e9 invaincu tant en simple qu\u2019en double \u2013 \u00e9galement au set d\u00e9cisif. <\/span><span data-ccp-props=\"{&quot;134233117&quot;:false,&quot;134233118&quot;:false,&quot;201341983&quot;:0,&quot;335551550&quot;:1,&quot;335551620&quot;:1,&quot;335559685&quot;:0,&quot;335559737&quot;:0,&quot;335559738&quot;:0,&quot;335559739&quot;:160,&quot;335559740&quot;:279}\">\u00a0<\/span><\/p>\n<p><span data-contrast=\"auto\">Dimanche, Yannick Taff\u00e9 a remplac\u00e9 Nicolas Simonet chez Vevey, tandis que Lucerne alignait \u00e0 nouveau David Daus, Lars Petersen et Lowis Vogler. Taff\u00e9 a justifi\u00e9 la confiance plac\u00e9e en lui en s\u2019imposant face \u00e0 Vogler et Petersen, tandis que Boccard et Besnier sont rest\u00e9s invaincus en simple. Vevey s\u2019est une nouvelle fois montr\u00e9 particuli\u00e8rement convaincant dans les sets d\u00e9cisifs et a remport\u00e9 les trois matchs disput\u00e9s dans cette situation. <\/span><span data-ccp-props=\"{&quot;134233117&quot;:false,&quot;134233118&quot;:false,&quot;201341983&quot;:0,&quot;335551550&quot;:1,&quot;335551620&quot;:1,&quot;335559685&quot;:0,&quot;335559737&quot;:0,&quot;335559738&quot;:0,&quot;335559739&quot;:160,&quot;335559740&quot;:279}\">\u00a0<\/span><\/p>\n<p><span data-contrast=\"auto\">En finale de la LNB, Vevey affrontera d\u00e9sormais Bellinzone. Les Tessinois ont b\u00e9n\u00e9fici\u00e9 d&rsquo;un tour de repos en demi-finale, l&rsquo;UGS-Ch\u00eanois ayant renonc\u00e9 \u00e0 participer aux barrages de promotion. Le vainqueur de ce duel sera promu en STTL, tandis que le perdant aura une nouvelle chance lors des barrages contre Rapperswil-Jona. <\/span><span data-ccp-props=\"{&quot;134233117&quot;:false,&quot;134233118&quot;:false,&quot;201341983&quot;:0,&quot;335551550&quot;:1,&quot;335551620&quot;:1,&quot;335559685&quot;:0,&quot;335559737&quot;:0,&quot;335559738&quot;:0,&quot;335559739&quot;:160,&quot;335559740&quot;:279}\">\u00a0<\/span><\/p>\n<p><b><span data-contrast=\"auto\">Ligue nationale C : Port, Fribourg et Affoltern A\/A sont promus <\/span><\/b><span data-ccp-props=\"{&quot;134233117&quot;:false,&quot;134233118&quot;:false,&quot;201341983&quot;:0,&quot;335551550&quot;:1,&quot;335551620&quot;:1,&quot;335559685&quot;:0,&quot;335559737&quot;:0,&quot;335559738&quot;:0,&quot;335559739&quot;:160,&quot;335559740&quot;:279}\">\u00a0<\/span><\/p>\n<p><span data-contrast=\"auto\">Port et Fribourg ont b\u00e9n\u00e9fici\u00e9 d&rsquo;un tour de repos en quarts de finale des play-offs de la LNC, les \u00e9quipes du groupe 1 ayant renonc\u00e9 \u00e0 y participer. La qualification pour les demi-finales \u00e9quivalant d\u00e9j\u00e0 \u00e0 une promotion en LNB, les deux \u00e9quipes sont d\u00e9sormais assur\u00e9es de monter en division sup\u00e9rieure.<\/span><span data-ccp-props=\"{&quot;134233117&quot;:false,&quot;134233118&quot;:false,&quot;201341983&quot;:0,&quot;335551550&quot;:1,&quot;335551620&quot;:1,&quot;335559685&quot;:0,&quot;335559737&quot;:0,&quot;335559738&quot;:0,&quot;335559739&quot;:160,&quot;335559740&quot;:279}\">\u00a0<\/span><\/p>\n<p><span data-contrast=\"auto\">Affoltern A\/A a scell\u00e9 sa promotion gr\u00e2ce \u00e0 deux victoires 6-2 contre Burgdorf. Les Zurichois n\u2019ont laiss\u00e9 planer aucun doute quant \u00e0 l\u2019issue des rencontres. Alban Burgat et Markus Bott, en particulier, ont domin\u00e9 le week-end et remport\u00e9 tous leurs simples. Adrian Raschle a quant \u00e0 lui ajout\u00e9 une victoire suppl\u00e9mentaire \u00e0 chaque rencontre. Malgr\u00e9 leur d\u00e9faite, il faut rendre hommage aux joueurs de Burgdorf qui, en tant que quatri\u00e8mes des qualifications, ont relev\u00e9 le d\u00e9fi et ont livr\u00e9 plusieurs matchs passionnants contre des adversaires mieux class\u00e9s. <\/span><span data-ccp-props=\"{&quot;134233117&quot;:false,&quot;134233118&quot;:false,&quot;201341983&quot;:0,&quot;335551550&quot;:1,&quot;335551620&quot;:1,&quot;335559685&quot;:0,&quot;335559737&quot;:0,&quot;335559738&quot;:0,&quot;335559739&quot;:160,&quot;335559740&quot;:279}\">\u00a0<\/span><\/p>\n<p><span data-contrast=\"auto\">Le duel entre Sarnen et Zurich Affoltern entrera quant \u00e0 lui dans sa troisi\u00e8me et d\u00e9cisive manche ce week-end. Sarnen a pris l&rsquo;avantage samedi \u00e0 Affoltern, mais n&rsquo;a pas su sceller l&rsquo;issue lors du match retour \u00e0 domicile. Pour Affoltern, l\u2019am\u00e9lioration des performances de Jozef Ondis a \u00e9t\u00e9 d\u00e9terminante : apr\u00e8s trois d\u00e9faites samedi, il a retrouv\u00e9 sa forme dimanche et a remport\u00e9 deux points. De plus, l\u2019\u00e9quipe a pu compter sur son meilleur joueur, Damian Zech, qui a remport\u00e9 tous ses matchs. Dans cette s\u00e9rie tr\u00e8s serr\u00e9e, le double pourrait bien faire la diff\u00e9rence au final. <\/span><span data-ccp-props=\"{&quot;134233117&quot;:false,&quot;134233118&quot;:false,&quot;201341983&quot;:0,&quot;335551550&quot;:1,&quot;335551620&quot;:1,&quot;335559685&quot;:0,&quot;335559737&quot;:0,&quot;335559738&quot;:0,&quot;335559739&quot;:160,&quot;335559740&quot;:279}\">\u00a0<\/span><\/p>\n<p><b><span data-contrast=\"auto\">Entretien avec Alban Burgat (Affoltern am Albis) <\/span><\/b><span data-ccp-props=\"{&quot;134233117&quot;:false,&quot;134233118&quot;:false,&quot;201341983&quot;:0,&quot;335551550&quot;:1,&quot;335551620&quot;:1,&quot;335559685&quot;:0,&quot;335559737&quot;:0,&quot;335559738&quot;:0,&quot;335559739&quot;:160,&quot;335559740&quot;:279}\">\u00a0<\/span><\/p>\n<p><b><span data-contrast=\"auto\">Alban Burgat, toutes nos f\u00e9licitations pour cette promotion ! Comment as-tu v\u00e9cu ce week-end ? <\/span><\/b><span data-ccp-props=\"{&quot;134233117&quot;:false,&quot;134233118&quot;:false,&quot;201341983&quot;:0,&quot;335551550&quot;:1,&quot;335551620&quot;:1,&quot;335559685&quot;:0,&quot;335559737&quot;:0,&quot;335559738&quot;:0,&quot;335559739&quot;:160,&quot;335559740&quot;:279}\">\u00a0<\/span><\/p>\n<p><span data-contrast=\"auto\">Toute l&rsquo;\u00e9quipe a r\u00e9alis\u00e9 une superbe performance, m\u00eame si Adrian (Raschle) et moi-m\u00eame \u00e9tions un peu tendus lors du match retour. Markus (Bott) est rest\u00e9 tr\u00e8s serein tout au long de la saison. Vendredi, nous n\u2019avons jamais dout\u00e9 de la victoire, car nous avons rapidement pris l\u2019avantage. Samedi, nous \u00e9tions un peu fatigu\u00e9s par le retour tardif \u00e0 la maison et nous nous sommes mis un peu de pression, car nous voulions absolument r\u00e9ussir la premi\u00e8re promotion de l\u2019histoire du club. J&rsquo;ai remport\u00e9 mon premier match de justesse et Adrian en a perdu deux, ce qui a rendu le match moins \u00e9vident. Heureusement, nous avons ensuite remport\u00e9 le double haut la main et avons ainsi assur\u00e9 la mont\u00e9e, m\u00eame si nous devions encore disputer les simples restants. Pour f\u00eater \u00e7a, nous avons ensuite jou\u00e9 une partie ultimate ping (tennis de table avec quatre tables) et mang\u00e9 des pizzas.\u00a0 <\/span><span data-ccp-props=\"{&quot;134233117&quot;:false,&quot;134233118&quot;:false,&quot;201341983&quot;:0,&quot;335551550&quot;:1,&quot;335551620&quot;:1,&quot;335559685&quot;:0,&quot;335559737&quot;:0,&quot;335559738&quot;:0,&quot;335559739&quot;:160,&quot;335559740&quot;:279}\">\u00a0<\/span><\/p>\n<p><b><span data-contrast=\"auto\">Vous avez termin\u00e9 en t\u00eate de votre groupe haut la main, \u00e9tait-ce d\u00e8s le d\u00e9part votre objectif de monter en division sup\u00e9rieure ? <\/span><\/b><span data-ccp-props=\"{&quot;134233117&quot;:false,&quot;134233118&quot;:false,&quot;201341983&quot;:0,&quot;335551550&quot;:1,&quot;335551620&quot;:1,&quot;335559685&quot;:0,&quot;335559737&quot;:0,&quot;335559738&quot;:0,&quot;335559739&quot;:160,&quot;335559740&quot;:279}\">\u00a0<\/span><\/p>\n<p><span data-contrast=\"auto\">Oui, c&rsquo;est d&rsquo;ailleurs pour cela que nous nous sommes renforc\u00e9s avec Markus. Nous \u00e9tions tr\u00e8s heureux de l&rsquo;avoir parmi nous, car il nous a beaucoup soulag\u00e9s de la pression. C&rsquo;\u00e9tait particuli\u00e8rement important lors des matchs de barrage, car nous voulions absolument monter et nous pouvions compter sur lui pour remporter trois victoires. Mais les autres joueurs rempla\u00e7ants de l&rsquo;\u00e9quipe, Dominik et Robin, ont \u00e9galement apport\u00e9 une contribution importante, car ils ont souvent contribu\u00e9 \u00e0 une ou deux victoires d\u00e9cisives.\u00a0 <\/span><span data-ccp-props=\"{&quot;134233117&quot;:false,&quot;134233118&quot;:false,&quot;201341983&quot;:0,&quot;335551550&quot;:1,&quot;335551620&quot;:1,&quot;335559685&quot;:0,&quot;335559737&quot;:0,&quot;335559738&quot;:0,&quot;335559739&quot;:160,&quot;335559740&quot;:279}\">\u00a0<\/span><\/p>\n<p><b><span data-contrast=\"auto\">Quels sont vos prochains objectifs ? <\/span><\/b><span data-ccp-props=\"{&quot;134233117&quot;:false,&quot;134233118&quot;:false,&quot;201341983&quot;:0,&quot;335551550&quot;:1,&quot;335551620&quot;:1,&quot;335559685&quot;:0,&quot;335559737&quot;:0,&quot;335559738&quot;:0,&quot;335559739&quot;:160,&quot;335559740&quot;:279}\">\u00a0<\/span><\/p>\n<p><span data-contrast=\"auto\">L&rsquo;objectif pour la saison prochaine est certainement, dans un premier temps, de se maintenir en division et de r\u00e9aliser une bonne saison en tant qu&rsquo;\u00e9quipe. Nous serons une \u00e9quipe sympa l&rsquo;ann\u00e9e prochaine, c&rsquo;est pourquoi je ne m&rsquo;en fais pas \u00e0 ce sujet.\u00a0 <\/span><span data-ccp-props=\"{&quot;134233117&quot;:false,&quot;134233118&quot;:false,&quot;201341983&quot;:0,&quot;335551550&quot;:1,&quot;335551620&quot;:1,&quot;335559685&quot;:0,&quot;335559737&quot;:0,&quot;335559738&quot;:0,&quot;335559739&quot;:160,&quot;335559740&quot;:279}\">\u00a0<\/span><\/p>\n<figure id=\"attachment_48864\" aria-describedby=\"caption-attachment-48864\" style=\"width: 818px\" class=\"wp-caption aligncenter\"><img fetchpriority=\"high\" decoding=\"async\" class=\"wp-image-48864 size-fcunited-thumb-big\" src=\"https:\/\/www.swisstabletennis.ch\/wp-content\/uploads\/2026\/04\/54317300712_5bba8c5bbf_o-818x461.jpg\" alt=\"\" width=\"818\" height=\"461\" srcset=\"https:\/\/www.swisstabletennis.ch\/wp-content\/uploads\/2026\/04\/54317300712_5bba8c5bbf_o-818x461.jpg 818w, https:\/\/www.swisstabletennis.ch\/wp-content\/uploads\/2026\/04\/54317300712_5bba8c5bbf_o-1278x719.jpg 1278w, https:\/\/www.swisstabletennis.ch\/wp-content\/uploads\/2026\/04\/54317300712_5bba8c5bbf_o-406x228.jpg 406w, https:\/\/www.swisstabletennis.ch\/wp-content\/uploads\/2026\/04\/54317300712_5bba8c5bbf_o-32x17.jpg 32w, https:\/\/www.swisstabletennis.ch\/wp-content\/uploads\/2026\/04\/54317300712_5bba8c5bbf_o-270x152.jpg 270w\" sizes=\"(max-width: 818px) 100vw, 818px\" \/><figcaption id=\"caption-attachment-48864\" class=\"wp-caption-text\">Alban Burgat<\/figcaption><\/figure>\n<p><span data-ccp-props=\"{&quot;134233117&quot;:false,&quot;134233118&quot;:false,&quot;201341983&quot;:0,&quot;335551550&quot;:1,&quot;335551620&quot;:1,&quot;335559685&quot;:0,&quot;335559737&quot;:0,&quot;335559738&quot;:0,&quot;335559739&quot;:160,&quot;335559740&quot;:279}\">\u00a0<\/span><\/p>\n<p><span data-ccp-props=\"{}\">\u00a0<\/span><\/p>\n","protected":false},"excerpt":{"rendered":"<p>Ce week-end, plusieurs matchs de promotion ont eu lieu dans les Ligues nationales B et C masculines. Gr\u00e2ce \u00e0 sa&hellip;<\/p>\n","protected":false},"author":22,"featured_media":48860,"comment_status":"closed","ping_status":"closed","sticky":false,"template":"","format":"standard","meta":{"_monsterinsights_skip_tracking":false,"_monsterinsights_sitenote_active":false,"_monsterinsights_sitenote_note":"","_monsterinsights_sitenote_category":0,"footnotes":""},"categories":[233],"tags":[],"class_list":["post-48868","post","type-post","status-publish","format-standard","has-post-thumbnail","hentry","category-ligue-nationale"],"_links":{"self":[{"href":"https:\/\/www.swisstabletennis.ch\/fr\/wp-json\/wp\/v2\/posts\/48868","targetHints":{"allow":["GET"]}}],"collection":[{"href":"https:\/\/www.swisstabletennis.ch\/fr\/wp-json\/wp\/v2\/posts"}],"about":[{"href":"https:\/\/www.swisstabletennis.ch\/fr\/wp-json\/wp\/v2\/types\/post"}],"author":[{"embeddable":true,"href":"https:\/\/www.swisstabletennis.ch\/fr\/wp-json\/wp\/v2\/users\/22"}],"replies":[{"embeddable":true,"href":"https:\/\/www.swisstabletennis.ch\/fr\/wp-json\/wp\/v2\/comments?post=48868"}],"version-history":[{"count":3,"href":"https:\/\/www.swisstabletennis.ch\/fr\/wp-json\/wp\/v2\/posts\/48868\/revisions"}],"predecessor-version":[{"id":48871,"href":"https:\/\/www.swisstabletennis.ch\/fr\/wp-json\/wp\/v2\/posts\/48868\/revisions\/48871"}],"wp:featuredmedia":[{"embeddable":true,"href":"https:\/\/www.swisstabletennis.ch\/fr\/wp-json\/wp\/v2\/media\/48860"}],"wp:attachment":[{"href":"https:\/\/www.swisstabletennis.ch\/fr\/wp-json\/wp\/v2\/media?parent=48868"}],"wp:term":[{"taxonomy":"category","embeddable":true,"href":"https:\/\/www.swisstabletennis.ch\/fr\/wp-json\/wp\/v2\/categories?post=48868"},{"taxonomy":"post_tag","embeddable":true,"href":"https:\/\/www.swisstabletennis.ch\/fr\/wp-json\/wp\/v2\/tags?post=48868"}],"curies":[{"name":"wp","href":"https:\/\/api.w.org\/{rel}","templated":true}]}}