{"id":49292,"date":"2026-05-17T21:53:35","date_gmt":"2026-05-17T19:53:35","guid":{"rendered":"https:\/\/www.swisstabletennis.ch\/?p=49292"},"modified":"2026-05-21T09:12:24","modified_gmt":"2026-05-21T07:12:24","slug":"superfinale-sttl-lancy-reussira-t-il-le-double","status":"publish","type":"post","link":"https:\/\/www.swisstabletennis.ch\/fr\/superfinale-sttl-lancy-reussira-t-il-le-double\/","title":{"rendered":"Superfinale STTL : Lancy r\u00e9ussira-t-il le doubl\u00e9 ?"},"content":{"rendered":"<h6>Ce samedi, la Superfinale de la STTL se d\u00e9roulera \u00e0 Petit-Lancy. Pour le ZZ-Lancy, ce sera un double match \u00e0 domicile. Chez les femmes, l&rsquo;\u00e9quipe h\u00f4te affrontera Rio-Star Muttenz, et chez les hommes, Carouge. Apr\u00e8s deux d\u00e9faites en finale l&rsquo;ann\u00e9e derni\u00e8re, cette \u00e9dition pourrait bien \u00eatre une v\u00e9ritable f\u00eate du tennis de table pour les Genevois. Mais le tenant du titre de Carouge et l&rsquo;\u00e9quipe surprise de Muttenz ont bien l&rsquo;intention de leur mettre des b\u00e2tons dans les roues. Les femmes d\u00e9buteront \u00e0 13h30, les hommes \u00e0 17h30.<\/h6>\n<p><strong>Les matchs seront retransmis en direct sur <a href=\"https:\/\/www.youtube.com\/@swisstabletennis4064\/featured\">YouTube<\/a>.\u00a0 \u00a0\u00a0\u00a0<\/strong><\/p>\n<p><span data-contrast=\"auto\">Texte : Sebastian Lauener \/ Photos : Ren\u00e9 Zwald<\/span><\/p>\n<p><strong>STTL Women : Rio-Star Muttenz d\u00e9fie ZZ-Lancy<\/strong><\/p>\n<p>Le jour de la Superfinale, le duel tr\u00e8s attendu entre ZZ-Lancy et Rio-Star Muttenz aura lieu. Les deux \u00e9quipes, qui ont termin\u00e9 le championnat de groupe \u00e0 \u00e9galit\u00e9 de points, se sont qualifi\u00e9es pour la finale de mani\u00e8re diff\u00e9rente. Les h\u00f4tes partiront-elles l\u00e9g\u00e8rement favorites gr\u00e2ce \u00e0 l\u2019avantage du terrain ?<\/p>\n<p>ZZ-Lancy abordera cette finale repos\u00e9e, mais sans exp\u00e9rience des play-offs, car ses adversaires de demi-finale, Zurich-Affoltern, ont d\u00fb d\u00e9clarer forfait. Selon l\u2019entra\u00eeneur Florian Denerier, cela pourrait justement constituer un l\u00e9ger d\u00e9savantage : Muttenz a d\u00e9j\u00e0 jou\u00e9 sous le nouveau format des play-offs. Il r\u00e9fute par ailleurs l\u2019id\u00e9e d\u2019un \u00e9ventuel statut de favorite pour l\u2019\u00e9quipe locale : \u00ab Je ne pense pas qu\u2019il y ait de favorite dans cette finale. Toutes les joueuses des deux \u00e9quipes \u00e9voluent \u00e0 un haut niveau. \u00bb La cl\u00e9 du succ\u00e8s r\u00e9side ailleurs : \u00ab L\u2019ambiance au sein de l\u2019\u00e9quipe et la d\u00e9termination de chaque joueuse seront d\u00e9cisives \u00bb, souligne Denerier. La coh\u00e9sion de l\u2019\u00e9quipe est d\u2019ailleurs l\u2019un des grands atouts de ZZ-Lancy.<\/p>\n<p>Le parcours de Rio-Star Muttenz s\u2019est d\u00e9roul\u00e9 tout autrement. Les B\u00e2loises ont d\u00fb s\u2019imposer lors d\u2019une s\u00e9rie de demi-finales intense contre le tenant du titre, Neuhausen, et ont fait preuve de sang-froid : en g\u00e9n\u00e9ral, les sets d\u00e9cisifs ont tourn\u00e9 \u00e0 l\u2019avantage de Rio-Star. Les performances en demi-finale ont donn\u00e9 \u00e0 Muttenz une confiance suppl\u00e9mentaire. \u00ab La demi-finale a \u00e9t\u00e9 tr\u00e8s disput\u00e9e et je pense que nous pouvons \u00e9galement nous attendre \u00e0 une finale passionnante \u00bb, d\u00e9clare Emma K\u00fchn. Pour la jeune \u00e9quipe, cette qualification pour la Superfinale est un tournant : \u00ab C\u2019est la premi\u00e8re fois que nous participons \u00e0 la Superfinale et nous ferons de notre mieux pour remporter le titre \u00bb, d\u00e9clare Cynthia Lilly.<\/p>\n<p>Enya Hu apporte une motivation particuli\u00e8re : pour elle, ce sera le dernier match sous le maillot de Muttenz avant de partir \u00e0 l\u2019\u00e9tranger. \u00ab C\u2019est pourquoi je suis particuli\u00e8rement motiv\u00e9e \u00e0 tout donner une derni\u00e8re fois \u00bb, explique-t-elle, \u00e9voquant ce facteur \u00e9motionnel suppl\u00e9mentaire qui vient s\u2019ajouter \u00e0 un moment fort de la saison d\u00e9j\u00e0 tr\u00e8s intense. La capitaine Alex Blazek, tout comme Denerier du c\u00f4t\u00e9 de ZZ-Lancy, souligne l\u2019ambiance positive qui r\u00e8gne au sein de l\u2019\u00e9quipe : \u00ab La saison avec mes jeunes co\u00e9quipi\u00e8res a \u00e9t\u00e9 tr\u00e8s agr\u00e9able et nous avons maintenant h\u00e2te d\u2019\u00eatre en finale. \u00bb<\/p>\n<figure id=\"attachment_49441\" aria-describedby=\"caption-attachment-49441\" style=\"width: 818px\" class=\"wp-caption aligncenter\"><img fetchpriority=\"high\" decoding=\"async\" class=\"wp-image-49441 size-fcunited-thumb-big\" src=\"https:\/\/www.swisstabletennis.ch\/wp-content\/uploads\/2026\/05\/Blazek-Alex-01_2026-4-818x461.jpg\" alt=\"\" width=\"818\" height=\"461\" srcset=\"https:\/\/www.swisstabletennis.ch\/wp-content\/uploads\/2026\/05\/Blazek-Alex-01_2026-4-818x461.jpg 818w, https:\/\/www.swisstabletennis.ch\/wp-content\/uploads\/2026\/05\/Blazek-Alex-01_2026-4-1278x719.jpg 1278w, https:\/\/www.swisstabletennis.ch\/wp-content\/uploads\/2026\/05\/Blazek-Alex-01_2026-4-406x228.jpg 406w, https:\/\/www.swisstabletennis.ch\/wp-content\/uploads\/2026\/05\/Blazek-Alex-01_2026-4-270x152.jpg 270w\" sizes=\"(max-width: 818px) 100vw, 818px\" \/><figcaption id=\"caption-attachment-49441\" class=\"wp-caption-text\">Alex Blazek<\/figcaption><\/figure>\n<p>&nbsp;<\/p>\n<p><strong>STTL Men: duel genevois pour le titre<\/strong><\/p>\n<p>Texte : Lionel Weber<\/p>\n<p><span data-contrast=\"auto\">Chez les hommes, on assiste \u00e0 une nouvelle \u00e9dition de la finale de l\u2019ann\u00e9e derni\u00e8re. Apr\u00e8s sa d\u00e9faite il y a un an, Lancy cherche \u00e0 prendre sa revanche lors de cette finale \u00e0 domicile. La t\u00e2che s\u2019annonce toutefoistout sauf facile, car Carouge se montre encore plus fort que la saison derni\u00e8re. Mais Lancy r\u00e9alise lui aussi une saison exceptionnelle. Les deux confrontations directes de cette saison se sont sold\u00e9es par unmatch nul 5-5 et une victoire serr\u00e9e 6-4 pour Carouge. Tout laisse donc pr\u00e9sager une lutte acharn\u00e9e pour le titre.<\/span><span data-ccp-props=\"{&quot;134233117&quot;:false,&quot;134233118&quot;:false,&quot;201341983&quot;:0,&quot;335551550&quot;:1,&quot;335551620&quot;:1,&quot;335559685&quot;:0,&quot;335559737&quot;:0,&quot;335559738&quot;:0,&quot;335559739&quot;:160,&quot;335559740&quot;:279}\">\u00a0<\/span><\/p>\n<p><span data-contrast=\"auto\">Le tenant du titre, Carouge, s&rsquo;est renforc\u00e9 en d\u00e9but de saison avec les arriv\u00e9es de Mihai Bobocica et Maxime Antoine-Michard. L&rsquo;Italien Bobocica affiche l&rsquo;un des meilleurs bilans de la ligue, et Antoine-Michard n&rsquo;alui aussi essuy\u00e9 que quatre d\u00e9faites cette saison. En tant que num\u00e9ros trois, Cl\u00e9ment Chobeau, Bastien Dupont et Nolan Givone, les artisans du titre de l&rsquo;ann\u00e9e derni\u00e8re, sont \u00e9galement pr\u00eats \u00e0 entrer en jeu. En demi-finale, Carouge n\u2019a fait qu\u2019une bouch\u00e9e de l\u2019\u00e9quipe-surprise de la saison, les Young Stars Zurich. S\u2019imposant 3-1 et 3-0, les Genevois se sont qualifi\u00e9s haut la main pour la Superfinale. Forts de leurexp\u00e9rience et de leur classe internationale, ils abordent la rencontre en tant que l\u00e9gers favoris. <\/span><span data-ccp-props=\"{&quot;134233117&quot;:false,&quot;134233118&quot;:false,&quot;201341983&quot;:0,&quot;335551550&quot;:1,&quot;335551620&quot;:1,&quot;335559685&quot;:0,&quot;335559737&quot;:0,&quot;335559738&quot;:0,&quot;335559739&quot;:160,&quot;335559740&quot;:279}\">\u00a0<\/span><\/p>\n<p><span data-contrast=\"auto\">Mais le ZZ-Lancy semble lui aussi pr\u00eat pour la grande finale. En demi-finale, les Genevois ont d\u00e9j\u00e0 \u00e9limin\u00e9 l\u2019un des grands favoris, Lugano. La nouvelle recrue Benjamin Fruchart s\u2019est av\u00e9r\u00e9e \u00eatre une v\u00e9ritableaubaine. Lors du tour de qualification, il n\u2019a perdu qu\u2019un seul match. Contre Bobocica, il a certes d\u00fb quitter le terrain en tant que perdant lors du match aller, mais il a pris sa revanche de mani\u00e8re impressionnantelors du match retour avec une victoire 3-0. Outre le Fran\u00e7ais, les deux Suisses Lo\u00efc Stoll et Yoan Rebetez ont \u00e9galement convaincu par leurs solides performances et un bilan nettement positif lors des qualifications. Chaitanya Vepa et Michel Martinez offrent d\u2019autres options. L\u2019ancien champion et entra\u00eeneur des Genevois a \u00e9t\u00e9 surpris lors du troisi\u00e8me match d\u00e9cisif contre Lugano.<\/span><span data-ccp-props=\"{&quot;134233117&quot;:false,&quot;134233118&quot;:false,&quot;201341983&quot;:0,&quot;335551550&quot;:1,&quot;335551620&quot;:1,&quot;335559685&quot;:0,&quot;335559737&quot;:0,&quot;335559738&quot;:0,&quot;335559739&quot;:160,&quot;335559740&quot;:279}\">\u00a0<\/span><\/p>\n<figure id=\"attachment_49290\" aria-describedby=\"caption-attachment-49290\" style=\"width: 818px\" class=\"wp-caption aligncenter\"><img decoding=\"async\" class=\"wp-image-49290 size-fcunited-thumb-big\" src=\"https:\/\/www.swisstabletennis.ch\/wp-content\/uploads\/2026\/05\/55176968329_b28fce7e8c_o-818x461.jpg\" alt=\"\" width=\"818\" height=\"461\" srcset=\"https:\/\/www.swisstabletennis.ch\/wp-content\/uploads\/2026\/05\/55176968329_b28fce7e8c_o-818x461.jpg 818w, https:\/\/www.swisstabletennis.ch\/wp-content\/uploads\/2026\/05\/55176968329_b28fce7e8c_o-1278x719.jpg 1278w, https:\/\/www.swisstabletennis.ch\/wp-content\/uploads\/2026\/05\/55176968329_b28fce7e8c_o-406x228.jpg 406w, https:\/\/www.swisstabletennis.ch\/wp-content\/uploads\/2026\/05\/55176968329_b28fce7e8c_o-270x152.jpg 270w\" sizes=\"(max-width: 818px) 100vw, 818px\" \/><figcaption id=\"caption-attachment-49290\" class=\"wp-caption-text\">Nolan Givone<\/figcaption><\/figure>\n<p><span data-ccp-props=\"{&quot;134233117&quot;:false,&quot;134233118&quot;:false,&quot;201341983&quot;:0,&quot;335551550&quot;:1,&quot;335551620&quot;:1,&quot;335559685&quot;:0,&quot;335559737&quot;:0,&quot;335559738&quot;:0,&quot;335559739&quot;:160,&quot;335559740&quot;:279}\">\u00a0<\/span><\/p>\n","protected":false},"excerpt":{"rendered":"<p>Ce samedi, la Superfinale de la STTL se d\u00e9roulera \u00e0 Petit-Lancy. Pour le ZZ-Lancy, ce sera un double match \u00e0&hellip;<\/p>\n","protected":false},"author":22,"featured_media":49443,"comment_status":"closed","ping_status":"closed","sticky":false,"template":"","format":"standard","meta":{"_monsterinsights_skip_tracking":false,"footnotes":""},"categories":[471],"tags":[],"class_list":["post-49292","post","type-post","status-publish","format-standard","has-post-thumbnail","hentry","category-sttl-swiss-table-tennis-league"],"_links":{"self":[{"href":"https:\/\/www.swisstabletennis.ch\/fr\/wp-json\/wp\/v2\/posts\/49292","targetHints":{"allow":["GET"]}}],"collection":[{"href":"https:\/\/www.swisstabletennis.ch\/fr\/wp-json\/wp\/v2\/posts"}],"about":[{"href":"https:\/\/www.swisstabletennis.ch\/fr\/wp-json\/wp\/v2\/types\/post"}],"author":[{"embeddable":true,"href":"https:\/\/www.swisstabletennis.ch\/fr\/wp-json\/wp\/v2\/users\/22"}],"replies":[{"embeddable":true,"href":"https:\/\/www.swisstabletennis.ch\/fr\/wp-json\/wp\/v2\/comments?post=49292"}],"version-history":[{"count":7,"href":"https:\/\/www.swisstabletennis.ch\/fr\/wp-json\/wp\/v2\/posts\/49292\/revisions"}],"predecessor-version":[{"id":49545,"href":"https:\/\/www.swisstabletennis.ch\/fr\/wp-json\/wp\/v2\/posts\/49292\/revisions\/49545"}],"wp:featuredmedia":[{"embeddable":true,"href":"https:\/\/www.swisstabletennis.ch\/fr\/wp-json\/wp\/v2\/media\/49443"}],"wp:attachment":[{"href":"https:\/\/www.swisstabletennis.ch\/fr\/wp-json\/wp\/v2\/media?parent=49292"}],"wp:term":[{"taxonomy":"category","embeddable":true,"href":"https:\/\/www.swisstabletennis.ch\/fr\/wp-json\/wp\/v2\/categories?post=49292"},{"taxonomy":"post_tag","embeddable":true,"href":"https:\/\/www.swisstabletennis.ch\/fr\/wp-json\/wp\/v2\/tags?post=49292"}],"curies":[{"name":"wp","href":"https:\/\/api.w.org\/{rel}","templated":true}]}}