{"id":49750,"date":"2026-05-27T16:05:18","date_gmt":"2026-05-27T14:05:18","guid":{"rendered":"https:\/\/www.swisstabletennis.ch\/?p=49750"},"modified":"2026-05-27T16:05:18","modified_gmt":"2026-05-27T14:05:18","slug":"1-600-athletes-font-de-zoug-la-capitale-sportive-de-la-suisse","status":"publish","type":"post","link":"https:\/\/www.swisstabletennis.ch\/fr\/1-600-athletes-font-de-zoug-la-capitale-sportive-de-la-suisse\/","title":{"rendered":"1 600 athl\u00e8tes font de Zoug la capitale sportive de la Suisse"},"content":{"rendered":"<h6>C&rsquo;est parti d\u00e8s demain : du 28 au 31 mai 2026, Zoug deviendra le centre du sport. Lors des National Summer Games organis\u00e9s par Special Olympics Switzerland, quelque 1 600 athl\u00e8tes pr\u00e9sentant un handicap intellectuel s&rsquo;affronteront, accompagn\u00e9s de 600 entra\u00eeneurs. Des d\u00e9l\u00e9gations venues de 11 pays invit\u00e9s viendront compl\u00e9ter le tableau. Pendant quatre jours, les performances sportives, les r\u00e9ussites personnelles et les rencontres authentiques seront au centre de l\u2019attention.<\/h6>\n<p>&nbsp;<\/p>\n<p style=\"text-align: justify;\">Les National Games constituent le plus grand \u00e9v\u00e9nement sportif pour les personnes pr\u00e9sentant un handicap intellectuel en Suisse et ont lieu tous les deux ans, en alternance en \u00e9t\u00e9 et en hiver. \u00c0 Zoug, des comp\u00e9titions seront organis\u00e9es dans 16 disciplines sportives. Parmi les participants : 46 joueuses et joueurs de tennis de table qui d\u00e9montreront leur talent \u2013 avec rapidit\u00e9, pr\u00e9cision et beaucoup de passion. De nombreuses disciplines sont accessibles \u00e0 pied autour de la place devant l\u2019OYM hall, o\u00f9 un village olympique anim\u00e9 prend forme \u2013 avec des activit\u00e9s participatives, des stands de partenaires et des points de restauration. Les distances r\u00e9duites favorisent la proximit\u00e9, les \u00e9changes et une ambiance dense et enthousiasmante.<\/p>\n<p style=\"text-align: justify;\">Les Games rassemblent les gens : athl\u00e8tes, visiteurs, supporters et jusqu\u2019\u00e0 1 500 b\u00e9n\u00e9voles organisent ensemble l\u2019\u00e9v\u00e9nement. Un programme familial suppl\u00e9mentaire offre \u00e0 quelque 200 proches un espace d\u2019\u00e9change et de soutien. L\u2019\u00e9v\u00e9nement b\u00e9n\u00e9ficie \u00e9galement d\u2019un large soutien international : des d\u00e9l\u00e9gations d\u2019Autriche, de France, d\u2019Allemagne, de Gibraltar, d\u2019Italie, du Liechtenstein, de Monaco, de Pologne, de Saint-Marin, d\u2019Ukraine et d\u2019Ouzb\u00e9kistan y participent.<\/p>\n<figure id=\"attachment_49744\" aria-describedby=\"caption-attachment-49744\" style=\"width: 818px\" class=\"wp-caption aligncenter\"><img fetchpriority=\"high\" decoding=\"async\" class=\"wp-image-49744 size-fcunited-thumb-big\" src=\"https:\/\/www.swisstabletennis.ch\/wp-content\/uploads\/2026\/05\/2018-National-Summer-Games-Genf-deim06900-818x461.jpg\" alt=\"\" width=\"818\" height=\"461\" srcset=\"https:\/\/www.swisstabletennis.ch\/wp-content\/uploads\/2026\/05\/2018-National-Summer-Games-Genf-deim06900-818x461.jpg 818w, https:\/\/www.swisstabletennis.ch\/wp-content\/uploads\/2026\/05\/2018-National-Summer-Games-Genf-deim06900-1278x719.jpg 1278w, https:\/\/www.swisstabletennis.ch\/wp-content\/uploads\/2026\/05\/2018-National-Summer-Games-Genf-deim06900-406x228.jpg 406w, https:\/\/www.swisstabletennis.ch\/wp-content\/uploads\/2026\/05\/2018-National-Summer-Games-Genf-deim06900-270x152.jpg 270w\" sizes=\"(max-width: 818px) 100vw, 818px\" \/><figcaption id=\"caption-attachment-49744\" class=\"wp-caption-text\">National Games 2018 in Geneva (Valentin Flauraud)<\/figcaption><\/figure>\n<p>&nbsp;<\/p>\n<p><strong>C\u00e9r\u00e9monie d&rsquo;ouverture en pr\u00e9sence du ministre des Sports Martin Pfister et du chanteur Marc Sway<\/strong><\/p>\n<p style=\"text-align: justify;\">La c\u00e9r\u00e9monie d&rsquo;ouverture, qui se tiendra le jeudi soir 28 mai 2026, captivera autant les invit\u00e9s que les athl\u00e8tes. L&rsquo;entr\u00e9e des d\u00e9l\u00e9gations, l&rsquo;hymne des Special Olympics et l&rsquo;allumage de la \u00abFlame of Hope\u00bb promettent d\u00e9j\u00e0 des moments impressionnants et \u00e9mouvants. Le chanteur Marc Sway, qui pr\u00e9sentera pour la premi\u00e8re fois une chanson sp\u00e9cialement adapt\u00e9e pour les Jeux, promet de donner des frissons suppl\u00e9mentaires. La visite du conseiller f\u00e9d\u00e9ral et ministre des Sports Martin Pfister, qui s\u2019adressera aux athl\u00e8tes avec des mots personnels, constituera un autre temps fort. La soir\u00e9e sera anim\u00e9e par Christa Rigozzi et Nik Hartmann.<\/p>\n<p>&nbsp;<\/p>\n<p><strong>Une comp\u00e9tition \u00e0 armes \u00e9gales : la philosophie sportive derri\u00e8re les Special Olympics<\/strong><\/p>\n<p style=\"text-align: justify;\">Ce qui rend les Special Olympics si particuliers se r\u00e9v\u00e8le dans la comp\u00e9tition elle-m\u00eame : ce n\u2019est pas le handicap qui est au centre de l\u2019attention, mais la performance individuelle. Ce qui compte, c\u2019est ce que chacun est capable de faire \u2013 et la volont\u00e9 de donner le meilleur de soi-m\u00eame.<\/p>\n<p style=\"text-align: justify;\">Afin que tous les participants \u2013 quelles que soient leurs capacit\u00e9s \u2013 aient une chance \u00e9quitable de r\u00e9ussir, Special Olympics utilise ce qu\u2019on appelle le \u00ab divisioning \u00bb : au d\u00e9but des Games, tous les athl\u00e8tes participent \u00e0 des \u00e9preuves de classement et pratiquent leur discipline comme lors d\u2019une v\u00e9ritable comp\u00e9tition. Le classement est \u00e9tabli en fonction des r\u00e9sultats obtenus. La diff\u00e9rence de niveau au sein d\u2019un groupe ne doit pas d\u00e9passer une certaine valeur de r\u00e9f\u00e9rence (environ 15 %). Dans ces groupes, trois \u00e0 huit athl\u00e8tes au maximum s\u2019affrontent. Cela permet d\u2019instaurer une comp\u00e9tition \u00e9quitable entre pairs. Ceux qui y participent le savent : si je donne le meilleur de moi-m\u00eame, je peux gagner.<\/p>\n<figure id=\"attachment_49747\" aria-describedby=\"caption-attachment-49747\" style=\"width: 818px\" class=\"wp-caption aligncenter\"><img decoding=\"async\" class=\"wp-image-49747 size-fcunited-thumb-big\" src=\"https:\/\/www.swisstabletennis.ch\/wp-content\/uploads\/2026\/05\/2018-National-Summer-Games-Genf-deim06904-818x461.jpg\" alt=\"\" width=\"818\" height=\"461\" srcset=\"https:\/\/www.swisstabletennis.ch\/wp-content\/uploads\/2026\/05\/2018-National-Summer-Games-Genf-deim06904-818x461.jpg 818w, https:\/\/www.swisstabletennis.ch\/wp-content\/uploads\/2026\/05\/2018-National-Summer-Games-Genf-deim06904-1278x719.jpg 1278w, https:\/\/www.swisstabletennis.ch\/wp-content\/uploads\/2026\/05\/2018-National-Summer-Games-Genf-deim06904-406x228.jpg 406w, https:\/\/www.swisstabletennis.ch\/wp-content\/uploads\/2026\/05\/2018-National-Summer-Games-Genf-deim06904-270x152.jpg 270w\" sizes=\"(max-width: 818px) 100vw, 818px\" \/><figcaption id=\"caption-attachment-49747\" class=\"wp-caption-text\">National Games 2018 in Geneva (Valentin Flauraud)<\/figcaption><\/figure>\n<p>&nbsp;<\/p>\n<p><strong>Un comit\u00e9 d&rsquo;organisation engag\u00e9<\/strong><\/p>\n<p style=\"text-align: justify;\">Les National Summer Games sont organis\u00e9s par le comit\u00e9 d&rsquo;organisation local avec beaucoup d&rsquo;engagement et de professionnalisme. L&rsquo;objectif est de cr\u00e9er un \u00e9v\u00e9nement qui fait bouger, rassemble et met en avant l&rsquo;inclusion. Un programme-cadre vari\u00e9 invite la population \u00e0 prendre part \u00e0 ce moment particulier.<\/p>\n<p>&nbsp;<\/p>\n<p><b>Pr\u00e9paration aux World Games de Santiago 2027<\/b><\/p>\n<p style=\"text-align: justify;\">Les National Games sont plus qu\u2019un simple \u00e9v\u00e9nement sportif. Ils cr\u00e9ent un espace de rencontre, jettent des ponts et montrent ce qu\u2019il est possible de r\u00e9aliser lorsque chacun peut mettre \u00e0 profit ses atouts. Pour de nombreux athl\u00e8tes, ils constituent en outre une \u00e9tape importante, voire d\u00e9cisive, de leur carri\u00e8re sportive : la participation est une condition pr\u00e9alable \u00e0 une \u00e9ventuelle s\u00e9lection pour les World Games 2027 \u00e0 Santiago du Chili.<\/p>\n<p>&nbsp;<\/p>\n<p><b>Aper\u00e7u du programme<\/b><\/p>\n<p style=\"text-align: justify;\">28 mai 2026 \u2192 R\u00e9partition par divisions dans toutes les disciplines, \u00e0 partir de 17h00 C\u00e9r\u00e9monie d&rsquo;ouverture \u00e0 l&rsquo;OYM hall<br \/>\n29 et 30 mai 2026 \u2192 Comp\u00e9titions, Village olympique avec attractions, spectacles et c\u00e9r\u00e9monies de remise des m\u00e9dailles<br \/>\n31 mai 2026 \u2192 Derni\u00e8res comp\u00e9titions et remises de m\u00e9dailles, \u00e0 partir de 15h00 C\u00e9r\u00e9monie de cl\u00f4ture<\/p>\n","protected":false},"excerpt":{"rendered":"<p>C&rsquo;est parti d\u00e8s demain : du 28 au 31 mai 2026, Zoug deviendra le centre du sport. Lors des National&hellip;<\/p>\n","protected":false},"author":14,"featured_media":49743,"comment_status":"closed","ping_status":"closed","sticky":false,"template":"","format":"standard","meta":{"_monsterinsights_skip_tracking":false,"footnotes":""},"categories":[706],"tags":[],"class_list":["post-49750","post","type-post","status-publish","format-standard","has-post-thumbnail","hentry","category-inclusion"],"_links":{"self":[{"href":"https:\/\/www.swisstabletennis.ch\/fr\/wp-json\/wp\/v2\/posts\/49750","targetHints":{"allow":["GET"]}}],"collection":[{"href":"https:\/\/www.swisstabletennis.ch\/fr\/wp-json\/wp\/v2\/posts"}],"about":[{"href":"https:\/\/www.swisstabletennis.ch\/fr\/wp-json\/wp\/v2\/types\/post"}],"author":[{"embeddable":true,"href":"https:\/\/www.swisstabletennis.ch\/fr\/wp-json\/wp\/v2\/users\/14"}],"replies":[{"embeddable":true,"href":"https:\/\/www.swisstabletennis.ch\/fr\/wp-json\/wp\/v2\/comments?post=49750"}],"version-history":[{"count":1,"href":"https:\/\/www.swisstabletennis.ch\/fr\/wp-json\/wp\/v2\/posts\/49750\/revisions"}],"predecessor-version":[{"id":49751,"href":"https:\/\/www.swisstabletennis.ch\/fr\/wp-json\/wp\/v2\/posts\/49750\/revisions\/49751"}],"wp:featuredmedia":[{"embeddable":true,"href":"https:\/\/www.swisstabletennis.ch\/fr\/wp-json\/wp\/v2\/media\/49743"}],"wp:attachment":[{"href":"https:\/\/www.swisstabletennis.ch\/fr\/wp-json\/wp\/v2\/media?parent=49750"}],"wp:term":[{"taxonomy":"category","embeddable":true,"href":"https:\/\/www.swisstabletennis.ch\/fr\/wp-json\/wp\/v2\/categories?post=49750"},{"taxonomy":"post_tag","embeddable":true,"href":"https:\/\/www.swisstabletennis.ch\/fr\/wp-json\/wp\/v2\/tags?post=49750"}],"curies":[{"name":"wp","href":"https:\/\/api.w.org\/{rel}","templated":true}]}}