{"id":49822,"date":"2026-06-02T15:26:25","date_gmt":"2026-06-02T13:26:25","guid":{"rendered":"https:\/\/www.swisstabletennis.ch\/?p=49822"},"modified":"2026-06-02T15:31:57","modified_gmt":"2026-06-02T13:31:57","slug":"journee-suisse-du-sport-scolaire-2026-a-winterthour","status":"publish","type":"post","link":"https:\/\/www.swisstabletennis.ch\/fr\/journee-suisse-du-sport-scolaire-2026-a-winterthour\/","title":{"rendered":"Journ\u00e9e suisse du sport scolaire 2026 \u00e0 Winterthour"},"content":{"rendered":"<h6>Depuis 2015 d\u00e9j\u00e0, le tournoi de tennis de table fait partie int\u00e9grante de la Journ\u00e9e suisse du sport scolaire, qui se d\u00e9roule chaque ann\u00e9e \u00e0 la fin du mois de mai, \u00e0 tour de r\u00f4le dans une autre r\u00e9gion du pays. Cette ann\u00e9e, c&rsquo;est Winterthour qui a accueilli l&rsquo;\u00e9v\u00e9nement : \u00e0 la patinoire Deutweg, 21 \u00e9quipes scolaires de Suisse al\u00e9manique et romande se sont affront\u00e9es chez les gar\u00e7ons. Dix inscriptions provenant de ces deux r\u00e9gions linguistiques ont \u00e9t\u00e9 enregistr\u00e9es chez les filles.<\/h6>\n<p>Texte : Paul Sch\u00f6nb\u00e4chler \/ Photos : Ren\u00e9 Zwald<\/p>\n<p>&nbsp;<\/p>\n<p>Apr\u00e8s des qualifications disput\u00e9es en groupes de cinq et six, qui se sont d\u00e9roul\u00e9es de la matin\u00e9e jusqu\u2019en d\u00e9but d\u2019apr\u00e8s-midi, huit \u00e9quipes chez les gar\u00e7ons pouvaient encore esp\u00e9rer remporter le titre. Chez les filles, le tour principal a d\u00e9but\u00e9 directement avec les demi-finales. Apr\u00e8s s\u2019\u00eatre inclin\u00e9e l\u2019ann\u00e9e derni\u00e8re en finale face \u00e0 la d\u00e9l\u00e9gation zurichoise, La Chaux-de-Fonds n\u2019a rien laiss\u00e9 passer cette ann\u00e9e et a remport\u00e9 haut la main la finale contre l\u2019\u00e9cole secondaire De Wette de B\u00e2le. Le match pour la m\u00e9daille de bronze a \u00e9t\u00e9 c\u00e9d\u00e9 sans combat par la CO Golette de Meyrin \u00e0 ses rivales cantonales de la CO Vuillonnex de Confignon.<\/p>\n<p>Chez les filles, l\u2019\u00e9quipe de l\u2019\u00e9cole secondaire f\u00e9minine St. Katharina de Wil s\u2019est impos\u00e9e face \u00e0 celle de l\u2019\u00e9cole secondaire B\u00e4umlihof de B\u00e2le. Les filles du CSVR la Fontenelle de Cernier ont termin\u00e9 troisi\u00e8mes apr\u00e8s s\u2019\u00eatre finalement impos\u00e9es dans le double d\u00e9cisif contre l\u2019\u00e9quipe d\u2019Appenzell.<\/p>\n<p>Sur le plan organisationnel, la collaboration entre les clubs de tennis de table de W\u00e4denswil, Winterthur et Imperial Winterthur a fait ses preuves ; ceux-ci ont consacr\u00e9 beaucoup de temps et de personnel \u00e0 cet \u00e9v\u00e9nement. Il convient \u00e9galement de souligner ici l\u2019excellent soutien apport\u00e9 par les services des sports du canton de Zurich et de la ville de Winterthur, qui ont fait preuve d\u2019une grande compr\u00e9hension pour les besoins particuliers de cette manifestation de tennis de table.<\/p>\n<p>&nbsp;<\/p>\n<p><em>Swiss Table Tennis remercie chaleureusement Paul Sch\u00f6nb\u00e4chler ainsi que tous les b\u00e9n\u00e9voles pr\u00e9sents lors de cette Journ\u00e9e suisse du sport scolaire pour l&rsquo;organisation et la gestion de cette manifestation importante pour le sport de loisir. Nous adressons \u00e9galement nos plus sinc\u00e8res remerciements \u00e0 Ren\u00e9 Zwald pour la mise \u00e0 disposition de ses photos de grande qualit\u00e9.<\/em><\/p>\n<p><a href=\"https:\/\/www.swisstabletennis.ch\/wp-content\/uploads\/2026\/06\/SSST-2026-RL-Maedchen.pdf\">Classement filles<\/a> \/ <a href=\"https:\/\/www.swisstabletennis.ch\/wp-content\/uploads\/2026\/06\/SSST-2026-RL-Knaben.pdf\">Classement gar\u00e7ons<\/a><\/p>\n<p><a href=\"https:\/\/ssst26.schulsporttag.ch\/?lang=fr\">Journ\u00e9e suisse du sport scolaire 2026 Zurich | JSSS 2026 Zurich\/Winterthour<\/a><\/p>\n<p><a href=\"https:\/\/ssst26.schulsporttag.ch\/?page_id=4146&amp;lang=fr\">Tennis de table | Journ\u00e9e suisse du sport scolaire 2026 Zurich<\/a><\/p>\n<p><a href=\"https:\/\/tt-turnier.ch\/schulsporttag\/fr\/\">Journ\u00e9e suisse du sport scolaire \u2013 TT-Turnier<\/a><\/p>\n<div id='gallery-1' class='gallery galleryid-49822 gallery-columns-4 gallery-size-trx_addons-thumb-med'><figure class='gallery-item'>\n\t\t\t<div class='gallery-icon landscape'>\n\t\t\t\t<a href='https:\/\/www.swisstabletennis.ch\/wp-content\/uploads\/2026\/06\/20260529-Eishalle-Deutweg-Winterthur-scaled.jpg'><img fetchpriority=\"high\" decoding=\"async\" width=\"2560\" height=\"1440\" src=\"https:\/\/www.swisstabletennis.ch\/wp-content\/uploads\/2026\/06\/20260529-Eishalle-Deutweg-Winterthur-scaled.jpg\" class=\"attachment-trx_addons-thumb-med size-trx_addons-thumb-med\" alt=\"\" srcset=\"https:\/\/www.swisstabletennis.ch\/wp-content\/uploads\/2026\/06\/20260529-Eishalle-Deutweg-Winterthur-scaled.jpg 2560w, https:\/\/www.swisstabletennis.ch\/wp-content\/uploads\/2026\/06\/20260529-Eishalle-Deutweg-Winterthur-300x169.jpg 300w, https:\/\/www.swisstabletennis.ch\/wp-content\/uploads\/2026\/06\/20260529-Eishalle-Deutweg-Winterthur-1024x576.jpg 1024w, https:\/\/www.swisstabletennis.ch\/wp-content\/uploads\/2026\/06\/20260529-Eishalle-Deutweg-Winterthur-768x432.jpg 768w, https:\/\/www.swisstabletennis.ch\/wp-content\/uploads\/2026\/06\/20260529-Eishalle-Deutweg-Winterthur-1536x864.jpg 1536w, https:\/\/www.swisstabletennis.ch\/wp-content\/uploads\/2026\/06\/20260529-Eishalle-Deutweg-Winterthur-2048x1152.jpg 2048w, https:\/\/www.swisstabletennis.ch\/wp-content\/uploads\/2026\/06\/20260529-Eishalle-Deutweg-Winterthur-370x208.jpg 370w, https:\/\/www.swisstabletennis.ch\/wp-content\/uploads\/2026\/06\/20260529-Eishalle-Deutweg-Winterthur-1278x719.jpg 1278w, https:\/\/www.swisstabletennis.ch\/wp-content\/uploads\/2026\/06\/20260529-Eishalle-Deutweg-Winterthur-818x460.jpg 818w, https:\/\/www.swisstabletennis.ch\/wp-content\/uploads\/2026\/06\/20260529-Eishalle-Deutweg-Winterthur-406x228.jpg 406w, https:\/\/www.swisstabletennis.ch\/wp-content\/uploads\/2026\/06\/20260529-Eishalle-Deutweg-Winterthur-600x338.jpg 600w, https:\/\/www.swisstabletennis.ch\/wp-content\/uploads\/2026\/06\/20260529-Eishalle-Deutweg-Winterthur-500x281.jpg 500w, https:\/\/www.swisstabletennis.ch\/wp-content\/uploads\/2026\/06\/20260529-Eishalle-Deutweg-Winterthur-400x225.jpg 400w, https:\/\/www.swisstabletennis.ch\/wp-content\/uploads\/2026\/06\/20260529-Eishalle-Deutweg-Winterthur-32x18.jpg 32w, https:\/\/www.swisstabletennis.ch\/wp-content\/uploads\/2026\/06\/20260529-Eishalle-Deutweg-Winterthur-270x152.jpg 270w\" sizes=\"(max-width: 2560px) 100vw, 2560px\" \/><\/a>\n\t\t\t<\/div><\/figure><figure class='gallery-item'>\n\t\t\t<div class='gallery-icon landscape'>\n\t\t\t\t<a href='https:\/\/www.swisstabletennis.ch\/wp-content\/uploads\/2026\/06\/20260529-Podest-Knaben-scaled.jpg'><img decoding=\"async\" width=\"2560\" height=\"1440\" src=\"https:\/\/www.swisstabletennis.ch\/wp-content\/uploads\/2026\/06\/20260529-Podest-Knaben-scaled.jpg\" class=\"attachment-trx_addons-thumb-med size-trx_addons-thumb-med\" alt=\"\" srcset=\"https:\/\/www.swisstabletennis.ch\/wp-content\/uploads\/2026\/06\/20260529-Podest-Knaben-scaled.jpg 2560w, https:\/\/www.swisstabletennis.ch\/wp-content\/uploads\/2026\/06\/20260529-Podest-Knaben-300x169.jpg 300w, https:\/\/www.swisstabletennis.ch\/wp-content\/uploads\/2026\/06\/20260529-Podest-Knaben-1024x576.jpg 1024w, https:\/\/www.swisstabletennis.ch\/wp-content\/uploads\/2026\/06\/20260529-Podest-Knaben-768x432.jpg 768w, https:\/\/www.swisstabletennis.ch\/wp-content\/uploads\/2026\/06\/20260529-Podest-Knaben-1536x864.jpg 1536w, https:\/\/www.swisstabletennis.ch\/wp-content\/uploads\/2026\/06\/20260529-Podest-Knaben-2048x1152.jpg 2048w, https:\/\/www.swisstabletennis.ch\/wp-content\/uploads\/2026\/06\/20260529-Podest-Knaben-370x208.jpg 370w, https:\/\/www.swisstabletennis.ch\/wp-content\/uploads\/2026\/06\/20260529-Podest-Knaben-1278x719.jpg 1278w, https:\/\/www.swisstabletennis.ch\/wp-content\/uploads\/2026\/06\/20260529-Podest-Knaben-818x460.jpg 818w, https:\/\/www.swisstabletennis.ch\/wp-content\/uploads\/2026\/06\/20260529-Podest-Knaben-406x228.jpg 406w, https:\/\/www.swisstabletennis.ch\/wp-content\/uploads\/2026\/06\/20260529-Podest-Knaben-600x338.jpg 600w, https:\/\/www.swisstabletennis.ch\/wp-content\/uploads\/2026\/06\/20260529-Podest-Knaben-500x281.jpg 500w, https:\/\/www.swisstabletennis.ch\/wp-content\/uploads\/2026\/06\/20260529-Podest-Knaben-400x225.jpg 400w, https:\/\/www.swisstabletennis.ch\/wp-content\/uploads\/2026\/06\/20260529-Podest-Knaben-32x18.jpg 32w, https:\/\/www.swisstabletennis.ch\/wp-content\/uploads\/2026\/06\/20260529-Podest-Knaben-270x152.jpg 270w\" sizes=\"(max-width: 2560px) 100vw, 2560px\" \/><\/a>\n\t\t\t<\/div><\/figure><figure class='gallery-item'>\n\t\t\t<div class='gallery-icon landscape'>\n\t\t\t\t<a href='https:\/\/www.swisstabletennis.ch\/wp-content\/uploads\/2026\/06\/20260529-Podest-Maedchen.jpg'><img decoding=\"async\" width=\"1922\" height=\"1081\" src=\"https:\/\/www.swisstabletennis.ch\/wp-content\/uploads\/2026\/06\/20260529-Podest-Maedchen.jpg\" class=\"attachment-trx_addons-thumb-med size-trx_addons-thumb-med\" alt=\"\" srcset=\"https:\/\/www.swisstabletennis.ch\/wp-content\/uploads\/2026\/06\/20260529-Podest-Maedchen.jpg 1922w, https:\/\/www.swisstabletennis.ch\/wp-content\/uploads\/2026\/06\/20260529-Podest-Maedchen-300x169.jpg 300w, https:\/\/www.swisstabletennis.ch\/wp-content\/uploads\/2026\/06\/20260529-Podest-Maedchen-1024x576.jpg 1024w, https:\/\/www.swisstabletennis.ch\/wp-content\/uploads\/2026\/06\/20260529-Podest-Maedchen-768x432.jpg 768w, https:\/\/www.swisstabletennis.ch\/wp-content\/uploads\/2026\/06\/20260529-Podest-Maedchen-1536x864.jpg 1536w, https:\/\/www.swisstabletennis.ch\/wp-content\/uploads\/2026\/06\/20260529-Podest-Maedchen-370x208.jpg 370w, https:\/\/www.swisstabletennis.ch\/wp-content\/uploads\/2026\/06\/20260529-Podest-Maedchen-1278x719.jpg 1278w, https:\/\/www.swisstabletennis.ch\/wp-content\/uploads\/2026\/06\/20260529-Podest-Maedchen-818x460.jpg 818w, https:\/\/www.swisstabletennis.ch\/wp-content\/uploads\/2026\/06\/20260529-Podest-Maedchen-406x228.jpg 406w, https:\/\/www.swisstabletennis.ch\/wp-content\/uploads\/2026\/06\/20260529-Podest-Maedchen-600x337.jpg 600w, https:\/\/www.swisstabletennis.ch\/wp-content\/uploads\/2026\/06\/20260529-Podest-Maedchen-500x281.jpg 500w, https:\/\/www.swisstabletennis.ch\/wp-content\/uploads\/2026\/06\/20260529-Podest-Maedchen-400x225.jpg 400w, https:\/\/www.swisstabletennis.ch\/wp-content\/uploads\/2026\/06\/20260529-Podest-Maedchen-32x18.jpg 32w, https:\/\/www.swisstabletennis.ch\/wp-content\/uploads\/2026\/06\/20260529-Podest-Maedchen-270x152.jpg 270w\" sizes=\"(max-width: 1922px) 100vw, 1922px\" \/><\/a>\n\t\t\t<\/div><\/figure><figure class='gallery-item'>\n\t\t\t<div class='gallery-icon landscape'>\n\t\t\t\t<a href='https:\/\/www.swisstabletennis.ch\/wp-content\/uploads\/2026\/06\/20260529-Eishalle-Deutweg.jpg'><img loading=\"lazy\" decoding=\"async\" width=\"1922\" height=\"1081\" src=\"https:\/\/www.swisstabletennis.ch\/wp-content\/uploads\/2026\/06\/20260529-Eishalle-Deutweg.jpg\" class=\"attachment-trx_addons-thumb-med size-trx_addons-thumb-med\" alt=\"\" srcset=\"https:\/\/www.swisstabletennis.ch\/wp-content\/uploads\/2026\/06\/20260529-Eishalle-Deutweg.jpg 1922w, https:\/\/www.swisstabletennis.ch\/wp-content\/uploads\/2026\/06\/20260529-Eishalle-Deutweg-300x169.jpg 300w, https:\/\/www.swisstabletennis.ch\/wp-content\/uploads\/2026\/06\/20260529-Eishalle-Deutweg-1024x576.jpg 1024w, https:\/\/www.swisstabletennis.ch\/wp-content\/uploads\/2026\/06\/20260529-Eishalle-Deutweg-768x432.jpg 768w, https:\/\/www.swisstabletennis.ch\/wp-content\/uploads\/2026\/06\/20260529-Eishalle-Deutweg-1536x864.jpg 1536w, https:\/\/www.swisstabletennis.ch\/wp-content\/uploads\/2026\/06\/20260529-Eishalle-Deutweg-370x208.jpg 370w, https:\/\/www.swisstabletennis.ch\/wp-content\/uploads\/2026\/06\/20260529-Eishalle-Deutweg-1278x719.jpg 1278w, https:\/\/www.swisstabletennis.ch\/wp-content\/uploads\/2026\/06\/20260529-Eishalle-Deutweg-818x460.jpg 818w, https:\/\/www.swisstabletennis.ch\/wp-content\/uploads\/2026\/06\/20260529-Eishalle-Deutweg-406x228.jpg 406w, https:\/\/www.swisstabletennis.ch\/wp-content\/uploads\/2026\/06\/20260529-Eishalle-Deutweg-600x337.jpg 600w, https:\/\/www.swisstabletennis.ch\/wp-content\/uploads\/2026\/06\/20260529-Eishalle-Deutweg-500x281.jpg 500w, https:\/\/www.swisstabletennis.ch\/wp-content\/uploads\/2026\/06\/20260529-Eishalle-Deutweg-400x225.jpg 400w, https:\/\/www.swisstabletennis.ch\/wp-content\/uploads\/2026\/06\/20260529-Eishalle-Deutweg-32x18.jpg 32w, https:\/\/www.swisstabletennis.ch\/wp-content\/uploads\/2026\/06\/20260529-Eishalle-Deutweg-270x152.jpg 270w\" sizes=\"(max-width: 1922px) 100vw, 1922px\" \/><\/a>\n\t\t\t<\/div><\/figure><figure class='gallery-item'>\n\t\t\t<div class='gallery-icon portrait'>\n\t\t\t\t<a href='https:\/\/www.swisstabletennis.ch\/wp-content\/uploads\/2026\/06\/w_SSST-2026-Winterthur-scaled.jpg'><img loading=\"lazy\" decoding=\"async\" width=\"2542\" height=\"2560\" src=\"https:\/\/www.swisstabletennis.ch\/wp-content\/uploads\/2026\/06\/w_SSST-2026-Winterthur-scaled.jpg\" class=\"attachment-trx_addons-thumb-med size-trx_addons-thumb-med\" alt=\"\" srcset=\"https:\/\/www.swisstabletennis.ch\/wp-content\/uploads\/2026\/06\/w_SSST-2026-Winterthur-scaled.jpg 2542w, https:\/\/www.swisstabletennis.ch\/wp-content\/uploads\/2026\/06\/w_SSST-2026-Winterthur-298x300.jpg 298w, https:\/\/www.swisstabletennis.ch\/wp-content\/uploads\/2026\/06\/w_SSST-2026-Winterthur-1017x1024.jpg 1017w, https:\/\/www.swisstabletennis.ch\/wp-content\/uploads\/2026\/06\/w_SSST-2026-Winterthur-150x150.jpg 150w, https:\/\/www.swisstabletennis.ch\/wp-content\/uploads\/2026\/06\/w_SSST-2026-Winterthur-768x774.jpg 768w, https:\/\/www.swisstabletennis.ch\/wp-content\/uploads\/2026\/06\/w_SSST-2026-Winterthur-1525x1536.jpg 1525w, https:\/\/www.swisstabletennis.ch\/wp-content\/uploads\/2026\/06\/w_SSST-2026-Winterthur-2033x2048.jpg 2033w, https:\/\/www.swisstabletennis.ch\/wp-content\/uploads\/2026\/06\/w_SSST-2026-Winterthur-370x373.jpg 370w, https:\/\/www.swisstabletennis.ch\/wp-content\/uploads\/2026\/06\/w_SSST-2026-Winterthur-90x90.jpg 90w, https:\/\/www.swisstabletennis.ch\/wp-content\/uploads\/2026\/06\/w_SSST-2026-Winterthur-818x824.jpg 818w, https:\/\/www.swisstabletennis.ch\/wp-content\/uploads\/2026\/06\/w_SSST-2026-Winterthur-406x409.jpg 406w, https:\/\/www.swisstabletennis.ch\/wp-content\/uploads\/2026\/06\/w_SSST-2026-Winterthur-600x604.jpg 600w, https:\/\/www.swisstabletennis.ch\/wp-content\/uploads\/2026\/06\/w_SSST-2026-Winterthur-496x500.jpg 496w, https:\/\/www.swisstabletennis.ch\/wp-content\/uploads\/2026\/06\/w_SSST-2026-Winterthur-397x400.jpg 397w, https:\/\/www.swisstabletennis.ch\/wp-content\/uploads\/2026\/06\/w_SSST-2026-Winterthur-32x32.jpg 32w\" sizes=\"(max-width: 2542px) 100vw, 2542px\" \/><\/a>\n\t\t\t<\/div><\/figure><figure class='gallery-item'>\n\t\t\t<div class='gallery-icon landscape'>\n\t\t\t\t<a href='https:\/\/www.swisstabletennis.ch\/wp-content\/uploads\/2026\/06\/z_SSST-2026-Winterthur-scaled.jpg'><img loading=\"lazy\" decoding=\"async\" width=\"2560\" height=\"2428\" src=\"https:\/\/www.swisstabletennis.ch\/wp-content\/uploads\/2026\/06\/z_SSST-2026-Winterthur-scaled.jpg\" class=\"attachment-trx_addons-thumb-med size-trx_addons-thumb-med\" alt=\"\" srcset=\"https:\/\/www.swisstabletennis.ch\/wp-content\/uploads\/2026\/06\/z_SSST-2026-Winterthur-scaled.jpg 2560w, https:\/\/www.swisstabletennis.ch\/wp-content\/uploads\/2026\/06\/z_SSST-2026-Winterthur-300x285.jpg 300w, https:\/\/www.swisstabletennis.ch\/wp-content\/uploads\/2026\/06\/z_SSST-2026-Winterthur-1024x971.jpg 1024w, https:\/\/www.swisstabletennis.ch\/wp-content\/uploads\/2026\/06\/z_SSST-2026-Winterthur-768x728.jpg 768w, https:\/\/www.swisstabletennis.ch\/wp-content\/uploads\/2026\/06\/z_SSST-2026-Winterthur-1536x1457.jpg 1536w, https:\/\/www.swisstabletennis.ch\/wp-content\/uploads\/2026\/06\/z_SSST-2026-Winterthur-2048x1942.jpg 2048w, https:\/\/www.swisstabletennis.ch\/wp-content\/uploads\/2026\/06\/z_SSST-2026-Winterthur-370x351.jpg 370w, https:\/\/www.swisstabletennis.ch\/wp-content\/uploads\/2026\/06\/z_SSST-2026-Winterthur-818x776.jpg 818w, https:\/\/www.swisstabletennis.ch\/wp-content\/uploads\/2026\/06\/z_SSST-2026-Winterthur-406x385.jpg 406w, https:\/\/www.swisstabletennis.ch\/wp-content\/uploads\/2026\/06\/z_SSST-2026-Winterthur-600x569.jpg 600w, https:\/\/www.swisstabletennis.ch\/wp-content\/uploads\/2026\/06\/z_SSST-2026-Winterthur-500x474.jpg 500w, https:\/\/www.swisstabletennis.ch\/wp-content\/uploads\/2026\/06\/z_SSST-2026-Winterthur-400x379.jpg 400w, https:\/\/www.swisstabletennis.ch\/wp-content\/uploads\/2026\/06\/z_SSST-2026-Winterthur-32x30.jpg 32w\" sizes=\"(max-width: 2560px) 100vw, 2560px\" \/><\/a>\n\t\t\t<\/div><\/figure><figure class='gallery-item'>\n\t\t\t<div class='gallery-icon landscape'>\n\t\t\t\t<a href='https:\/\/www.swisstabletennis.ch\/wp-content\/uploads\/2026\/06\/20260529-Turnierbetrieb.jpg'><img loading=\"lazy\" decoding=\"async\" width=\"1922\" height=\"1081\" src=\"https:\/\/www.swisstabletennis.ch\/wp-content\/uploads\/2026\/06\/20260529-Turnierbetrieb.jpg\" class=\"attachment-trx_addons-thumb-med size-trx_addons-thumb-med\" alt=\"\" srcset=\"https:\/\/www.swisstabletennis.ch\/wp-content\/uploads\/2026\/06\/20260529-Turnierbetrieb.jpg 1922w, https:\/\/www.swisstabletennis.ch\/wp-content\/uploads\/2026\/06\/20260529-Turnierbetrieb-300x169.jpg 300w, https:\/\/www.swisstabletennis.ch\/wp-content\/uploads\/2026\/06\/20260529-Turnierbetrieb-1024x576.jpg 1024w, https:\/\/www.swisstabletennis.ch\/wp-content\/uploads\/2026\/06\/20260529-Turnierbetrieb-768x432.jpg 768w, https:\/\/www.swisstabletennis.ch\/wp-content\/uploads\/2026\/06\/20260529-Turnierbetrieb-1536x864.jpg 1536w, https:\/\/www.swisstabletennis.ch\/wp-content\/uploads\/2026\/06\/20260529-Turnierbetrieb-370x208.jpg 370w, https:\/\/www.swisstabletennis.ch\/wp-content\/uploads\/2026\/06\/20260529-Turnierbetrieb-1278x719.jpg 1278w, https:\/\/www.swisstabletennis.ch\/wp-content\/uploads\/2026\/06\/20260529-Turnierbetrieb-818x460.jpg 818w, https:\/\/www.swisstabletennis.ch\/wp-content\/uploads\/2026\/06\/20260529-Turnierbetrieb-406x228.jpg 406w, https:\/\/www.swisstabletennis.ch\/wp-content\/uploads\/2026\/06\/20260529-Turnierbetrieb-600x337.jpg 600w, https:\/\/www.swisstabletennis.ch\/wp-content\/uploads\/2026\/06\/20260529-Turnierbetrieb-500x281.jpg 500w, https:\/\/www.swisstabletennis.ch\/wp-content\/uploads\/2026\/06\/20260529-Turnierbetrieb-400x225.jpg 400w, https:\/\/www.swisstabletennis.ch\/wp-content\/uploads\/2026\/06\/20260529-Turnierbetrieb-32x18.jpg 32w, https:\/\/www.swisstabletennis.ch\/wp-content\/uploads\/2026\/06\/20260529-Turnierbetrieb-270x152.jpg 270w\" sizes=\"(max-width: 1922px) 100vw, 1922px\" \/><\/a>\n\t\t\t<\/div><\/figure><figure class='gallery-item'>\n\t\t\t<div class='gallery-icon portrait'>\n\t\t\t\t<a href='https:\/\/www.swisstabletennis.ch\/wp-content\/uploads\/2026\/06\/20260529-SSST-2026.jpg'><img loading=\"lazy\" decoding=\"async\" width=\"676\" height=\"1202\" src=\"https:\/\/www.swisstabletennis.ch\/wp-content\/uploads\/2026\/06\/20260529-SSST-2026.jpg\" class=\"attachment-trx_addons-thumb-med size-trx_addons-thumb-med\" alt=\"\" srcset=\"https:\/\/www.swisstabletennis.ch\/wp-content\/uploads\/2026\/06\/20260529-SSST-2026.jpg 676w, https:\/\/www.swisstabletennis.ch\/wp-content\/uploads\/2026\/06\/20260529-SSST-2026-169x300.jpg 169w, https:\/\/www.swisstabletennis.ch\/wp-content\/uploads\/2026\/06\/20260529-SSST-2026-576x1024.jpg 576w, https:\/\/www.swisstabletennis.ch\/wp-content\/uploads\/2026\/06\/20260529-SSST-2026-370x658.jpg 370w, https:\/\/www.swisstabletennis.ch\/wp-content\/uploads\/2026\/06\/20260529-SSST-2026-406x722.jpg 406w, https:\/\/www.swisstabletennis.ch\/wp-content\/uploads\/2026\/06\/20260529-SSST-2026-600x1067.jpg 600w, https:\/\/www.swisstabletennis.ch\/wp-content\/uploads\/2026\/06\/20260529-SSST-2026-281x500.jpg 281w, https:\/\/www.swisstabletennis.ch\/wp-content\/uploads\/2026\/06\/20260529-SSST-2026-225x400.jpg 225w, https:\/\/www.swisstabletennis.ch\/wp-content\/uploads\/2026\/06\/20260529-SSST-2026-18x32.jpg 18w\" sizes=\"(max-width: 676px) 100vw, 676px\" \/><\/a>\n\t\t\t<\/div><\/figure>\n\t\t<\/div>\n\n","protected":false},"excerpt":{"rendered":"<p>Depuis 2015 d\u00e9j\u00e0, le tournoi de tennis de table fait partie int\u00e9grante de la Journ\u00e9e suisse du sport scolaire, qui&hellip;<\/p>\n","protected":false},"author":14,"featured_media":49834,"comment_status":"closed","ping_status":"closed","sticky":false,"template":"","format":"standard","meta":{"_monsterinsights_skip_tracking":false,"footnotes":""},"categories":[119],"tags":[],"class_list":["post-49822","post","type-post","status-publish","format-standard","has-post-thumbnail","hentry","category-sport-de-loisirs"],"_links":{"self":[{"href":"https:\/\/www.swisstabletennis.ch\/fr\/wp-json\/wp\/v2\/posts\/49822","targetHints":{"allow":["GET"]}}],"collection":[{"href":"https:\/\/www.swisstabletennis.ch\/fr\/wp-json\/wp\/v2\/posts"}],"about":[{"href":"https:\/\/www.swisstabletennis.ch\/fr\/wp-json\/wp\/v2\/types\/post"}],"author":[{"embeddable":true,"href":"https:\/\/www.swisstabletennis.ch\/fr\/wp-json\/wp\/v2\/users\/14"}],"replies":[{"embeddable":true,"href":"https:\/\/www.swisstabletennis.ch\/fr\/wp-json\/wp\/v2\/comments?post=49822"}],"version-history":[{"count":12,"href":"https:\/\/www.swisstabletennis.ch\/fr\/wp-json\/wp\/v2\/posts\/49822\/revisions"}],"predecessor-version":[{"id":49859,"href":"https:\/\/www.swisstabletennis.ch\/fr\/wp-json\/wp\/v2\/posts\/49822\/revisions\/49859"}],"wp:featuredmedia":[{"embeddable":true,"href":"https:\/\/www.swisstabletennis.ch\/fr\/wp-json\/wp\/v2\/media\/49834"}],"wp:attachment":[{"href":"https:\/\/www.swisstabletennis.ch\/fr\/wp-json\/wp\/v2\/media?parent=49822"}],"wp:term":[{"taxonomy":"category","embeddable":true,"href":"https:\/\/www.swisstabletennis.ch\/fr\/wp-json\/wp\/v2\/categories?post=49822"},{"taxonomy":"post_tag","embeddable":true,"href":"https:\/\/www.swisstabletennis.ch\/fr\/wp-json\/wp\/v2\/tags?post=49822"}],"curies":[{"name":"wp","href":"https:\/\/api.w.org\/{rel}","templated":true}]}}