{"id":50131,"date":"2026-06-15T17:57:57","date_gmt":"2026-06-15T15:57:57","guid":{"rendered":"https:\/\/www.swisstabletennis.ch\/?p=50131"},"modified":"2026-06-15T18:24:52","modified_gmt":"2026-06-15T16:24:52","slug":"coupe-suisse-2026-carouge-defend-son-titre","status":"publish","type":"post","link":"https:\/\/www.swisstabletennis.ch\/fr\/coupe-suisse-2026-carouge-defend-son-titre\/","title":{"rendered":"Coupe Suisse 2026 : Carouge d\u00e9fend son titre"},"content":{"rendered":"<h6>Le TTC Carouge a r\u00e9ussi \u00e0 se rattraper apr\u00e8s sa d\u00e9faite en Superfinale et a d\u00e9fendu son titre de Coupe de mani\u00e8re impressionnante \u00e0 Wetzikon.<\/h6>\n<p>&nbsp;<\/p>\n<p>Texte : Sebastian Lauener \/ Photos : Ren\u00e9 Zwald (<a href=\"https:\/\/www.flickr.com\/photos\/142862027@N07\/albums\/72177720334229358\/\">Album photo<\/a>)<\/p>\n<p>&nbsp;<\/p>\n<p>Le samedi 13 juin, les quarts de finalistes de la Coupe suisse se sont retrouv\u00e9s \u00e0 Wetzikon pour disputer les quarts de finale, les demi-finales et la finale.<\/p>\n<p>Les quarts de finale n\u2019ont gu\u00e8re offert de suspense : Burgdorf, consid\u00e9r\u00e9 comme outsider, a, comme pr\u00e9vu au vu des points au classement, battu le champion suisse en titre ZZ-Lancy 8-0, Vernier a battu Ch\u00e2telaine 8-1 dans le duel genevois et Carouge a battu l&rsquo;ABTT 8-1 dans une sorte de finale avanc\u00e9e, la premi\u00e8re s\u00e9rie de simples ayant notamment \u00e9t\u00e9 tr\u00e8s disput\u00e9e \u00e0 plusieurs reprises et le 5e set ayant parfois d\u00fb faire la diff\u00e9rence. Lors du quatri\u00e8me match, l\u2019\u00e9quipe h\u00f4te de Wetzikon a oppos\u00e9 une r\u00e9sistance consid\u00e9rable \u00e0 B\u00e2le, mais l\u00e0 encore, c\u2019est finalement l\u2019\u00e9quipe la plus forte, notamment sur les deux premi\u00e8res places, qui s\u2019est impos\u00e9e : B\u00e2le a remport\u00e9 la victoire 8-4.<\/p>\n<p>Les demi-finales ont \u00e9galement donn\u00e9 lieu \u00e0 des d\u00e9monstrations de force : Carouge, d\u00e9sormais consid\u00e9r\u00e9 comme le favori au vu de la composition de son \u00e9quipe, a \u00e9cras\u00e9 Vernier 8-0, ne conc\u00e9dant qu\u2019un seul set en double. B\u00e2le s\u2019est \u00e9galement impos\u00e9 8-0 face \u00e0 Burgdorf, m\u00eame si les Emmentalois ont tout de m\u00eame disput\u00e9 plusieurs matchs serr\u00e9s et n\u2019ont d\u00fb s\u2019avouer vaincus qu\u2019\u00e0 deux reprises au set d\u00e9cisif.<\/p>\n<p>La finale a donc oppos\u00e9 Carouge, issu de la plus haute division suisse, \u00e0 B\u00e2le, issu de la deuxi\u00e8me division. L&rsquo;\u00e9quipe genevoise, soucieuse de d\u00e9fendre son titre, avait sp\u00e9cialement recrut\u00e9 pour la finale de la Coupe St\u00e9phane Ouaiche, qui n&rsquo;avait pas encore perdu le moindre set ce jour-l\u00e0. Il en fut de m\u00eame en finale : B\u00e2le a certes failli marquer un point d&rsquo;honneur \u00e0 un moment donn\u00e9, mais les quatre sets remport\u00e9s au total n&rsquo;ont pas suffi. Carouge a ainsi d\u00e9fendu son titre de la Coupe de mani\u00e8re convaincante avec un score de 8-0.<\/p>\n<p><a href=\"https:\/\/www.click-tt.ch\/cgi-bin\/WebObjects\/nuLigaTTCH.woa\/wa\/leaguePage?championship=Schweizer+Cup+25%2F26&amp;preferredLanguage=French\">R\u00e9sultats<\/a><\/p>\n<p>&nbsp;<\/p>\n<p><img fetchpriority=\"high\" decoding=\"async\" class=\"aligncenter wp-image-50126 size-fcunited-thumb-big\" src=\"https:\/\/www.swisstabletennis.ch\/wp-content\/uploads\/2026\/06\/z_Cup-STT-2026-818x461.jpg\" alt=\"\" width=\"818\" height=\"461\" srcset=\"https:\/\/www.swisstabletennis.ch\/wp-content\/uploads\/2026\/06\/z_Cup-STT-2026-818x461.jpg 818w, https:\/\/www.swisstabletennis.ch\/wp-content\/uploads\/2026\/06\/z_Cup-STT-2026-1278x719.jpg 1278w, https:\/\/www.swisstabletennis.ch\/wp-content\/uploads\/2026\/06\/z_Cup-STT-2026-406x228.jpg 406w, https:\/\/www.swisstabletennis.ch\/wp-content\/uploads\/2026\/06\/z_Cup-STT-2026-270x152.jpg 270w\" sizes=\"(max-width: 818px) 100vw, 818px\" \/><\/p>\n","protected":false},"excerpt":{"rendered":"<p>Le TTC Carouge a r\u00e9ussi \u00e0 se rattraper apr\u00e8s sa d\u00e9faite en Superfinale et a d\u00e9fendu son titre de Coupe&hellip;<\/p>\n","protected":false},"author":14,"featured_media":50129,"comment_status":"closed","ping_status":"closed","sticky":false,"template":"","format":"standard","meta":{"_monsterinsights_skip_tracking":false,"footnotes":""},"categories":[117],"tags":[],"class_list":["post-50131","post","type-post","status-publish","format-standard","has-post-thumbnail","hentry","category-competitions"],"_links":{"self":[{"href":"https:\/\/www.swisstabletennis.ch\/fr\/wp-json\/wp\/v2\/posts\/50131","targetHints":{"allow":["GET"]}}],"collection":[{"href":"https:\/\/www.swisstabletennis.ch\/fr\/wp-json\/wp\/v2\/posts"}],"about":[{"href":"https:\/\/www.swisstabletennis.ch\/fr\/wp-json\/wp\/v2\/types\/post"}],"author":[{"embeddable":true,"href":"https:\/\/www.swisstabletennis.ch\/fr\/wp-json\/wp\/v2\/users\/14"}],"replies":[{"embeddable":true,"href":"https:\/\/www.swisstabletennis.ch\/fr\/wp-json\/wp\/v2\/comments?post=50131"}],"version-history":[{"count":2,"href":"https:\/\/www.swisstabletennis.ch\/fr\/wp-json\/wp\/v2\/posts\/50131\/revisions"}],"predecessor-version":[{"id":50133,"href":"https:\/\/www.swisstabletennis.ch\/fr\/wp-json\/wp\/v2\/posts\/50131\/revisions\/50133"}],"wp:featuredmedia":[{"embeddable":true,"href":"https:\/\/www.swisstabletennis.ch\/fr\/wp-json\/wp\/v2\/media\/50129"}],"wp:attachment":[{"href":"https:\/\/www.swisstabletennis.ch\/fr\/wp-json\/wp\/v2\/media?parent=50131"}],"wp:term":[{"taxonomy":"category","embeddable":true,"href":"https:\/\/www.swisstabletennis.ch\/fr\/wp-json\/wp\/v2\/categories?post=50131"},{"taxonomy":"post_tag","embeddable":true,"href":"https:\/\/www.swisstabletennis.ch\/fr\/wp-json\/wp\/v2\/tags?post=50131"}],"curies":[{"name":"wp","href":"https:\/\/api.w.org\/{rel}","templated":true}]}}