{"id":50177,"date":"2026-06-17T23:03:52","date_gmt":"2026-06-17T21:03:52","guid":{"rendered":"https:\/\/www.swisstabletennis.ch\/?p=50177"},"modified":"2026-07-02T14:52:03","modified_gmt":"2026-07-02T12:52:03","slug":"le-duo-suisse-fait-forte-impression-aux-championnats-deurope-u21","status":"publish","type":"post","link":"https:\/\/www.swisstabletennis.ch\/fr\/le-duo-suisse-fait-forte-impression-aux-championnats-deurope-u21\/","title":{"rendered":"Le duo suisse fait forte impression aux Championnats d&rsquo;Europe U21"},"content":{"rendered":"<h6>Gr\u00e2ce \u00e0 de belles performances lors de la phase de poules, Fanny Doutaz et No\u00e9 Keusch ont su convaincre et se sont qualifi\u00e9es pour le tour suivant du Championnat d&rsquo;Europe des moins de 21 ans en Roumanie.<\/h6>\n<p>Text: Sebastian Lauener \/ Fotos: ETTU<\/p>\n<p>&nbsp;<\/p>\n<p style=\"text-align: justify;\">Fanny Doutaz (n\u00b0 13 au classement ETTU des moins de 21 ans) a livr\u00e9 une performance convaincante et faisant preuve d\u2019une grande maturit\u00e9 combative lors des Championnats d\u2019Europe des moins de 21 ans \u00e0 Cluj-Napoca, au sein d\u2019un groupe tr\u00e8s \u00e9quilibr\u00e9. Avec deux victoires et une d\u00e9faite, elle a m\u00e9rit\u00e9 la deuxi\u00e8me place. D\u00e8s son premier match, elle s\u2019est impos\u00e9e face \u00e0 Agnes Svensson (n\u00b0 46) au terme d\u2019un match serr\u00e9 en cinq manches, en prenant d\u00e9finitivement l\u2019avantage 11-5 lors de la cinqui\u00e8me manche. Face \u00e0 Natalia Bogdanowicz (n\u00b0 38), qui allait remporter la poule, elle s\u2019est certes inclin\u00e9e 1:3, mais elle a tout de m\u00eame r\u00e9ussi \u00e0 remporter au moins un set contre la Polonaise et s\u2019est montr\u00e9e, l\u00e0 encore, presque \u00e0 \u00e9galit\u00e9 avec son adversaire pendant de longues p\u00e9riodes au cours de plusieurs sets serr\u00e9s. Lors du dernier match contre l\u2019Isra\u00e9lienne Elinor Davidov (n\u00b0 98), Doutaz a notamment d\u00e9montr\u00e9 toute sa classe lors du cinqui\u00e8me set d\u00e9cisif : au moment crucial, elle a su adapter son jeu sur le plan technique et tactique, notamment en recourant davantage au service en revers, ce qui lui a permis de prendre l\u2019avantage sur son adversaire. Cette capacit\u00e9 d\u2019adaptation et son sang-froid ont \u00e9t\u00e9 d\u00e9terminants pour sa victoire 11-8 dans ce set, qui lui a valu la victoire finale. Dans l\u2019ensemble, le groupe \u00e9tait tr\u00e8s \u00e9quilibr\u00e9, si bien qu\u2019on pouvait s\u2019attendre \u00e0 ce que la lutte pour la deuxi\u00e8me place soit particuli\u00e8rement serr\u00e9e. Doutaz a convaincu tout au long du tournoi par son esprit combatif et a fait preuve d\u2019une force mentale comparable \u00e0 celle dont elle avait d\u00e9j\u00e0 fait preuve \u00e0 Londres lors des Championnats du monde par \u00e9quipes, o\u00f9 elle s\u2019\u00e9tait \u00e9galement distingu\u00e9e par son sang-froid.<\/p>\n<p><img fetchpriority=\"high\" decoding=\"async\" class=\"aligncenter wp-image-50171 size-fcunited-thumb-big\" src=\"https:\/\/www.swisstabletennis.ch\/wp-content\/uploads\/2026\/06\/2026_06_16-U21-Europameisterschaft-Cluj-Napoca-Fanny-Doutaz-15-818x461.jpg\" alt=\"\" width=\"818\" height=\"461\" srcset=\"https:\/\/www.swisstabletennis.ch\/wp-content\/uploads\/2026\/06\/2026_06_16-U21-Europameisterschaft-Cluj-Napoca-Fanny-Doutaz-15-818x461.jpg 818w, https:\/\/www.swisstabletennis.ch\/wp-content\/uploads\/2026\/06\/2026_06_16-U21-Europameisterschaft-Cluj-Napoca-Fanny-Doutaz-15-1278x719.jpg 1278w, https:\/\/www.swisstabletennis.ch\/wp-content\/uploads\/2026\/06\/2026_06_16-U21-Europameisterschaft-Cluj-Napoca-Fanny-Doutaz-15-406x228.jpg 406w, https:\/\/www.swisstabletennis.ch\/wp-content\/uploads\/2026\/06\/2026_06_16-U21-Europameisterschaft-Cluj-Napoca-Fanny-Doutaz-15-270x152.jpg 270w\" sizes=\"(max-width: 818px) 100vw, 818px\" \/><\/p>\n<p>Noe Keusch (n\u00b0 44) a lui aussi livr\u00e9 une performance globalement solide dans son groupe. Pour son premier match, il a affront\u00e9 l\u2019Italien Danilo Faso (n\u00b0 19) et, bien qu\u2019il se soit inclin\u00e9 0-3, il a bien r\u00e9sist\u00e9 dans tous les sets, ce qui rend le r\u00e9sultat un peu plus net que ne le laisse supposer le d\u00e9roulement r\u00e9el du match. Lors du deuxi\u00e8me match, il a r\u00e9agi avec brio et a battu le Grec Georgios Kosmas (n\u00b0 62) 3:1, apr\u00e8s avoir conc\u00e9d\u00e9 le premier set. Lors du dernier match de poule, il a affront\u00e9 Elias Sj\u00f6gren (n\u00b0 31), qui comptait d\u00e9j\u00e0 deux d\u00e9faites \u00e0 son actif. Apr\u00e8s avoir conc\u00e9d\u00e9 le premier set au tie-break, Keusch a su se ressaisir et remporter les trois sets suivants gr\u00e2ce \u00e0 un bon placement et \u00e0 un jeu rigoureux.<\/p>\n<p>Les deux repr\u00e9sentants suisses se sont ainsi qualifi\u00e9s pour la phase de poules suivante. Demain, le programme pr\u00e9voit les \u00e9preuves mixtes ainsi que les prochains matchs en simple. En simple, Keusch affrontera Daniel Berzosa (n\u00b0 11, Espagne), Tiago Abiodun (n\u00b0 15, Portugal) et Nikon Shutov (n\u00b0 52, Russie). Doutaz, quant \u00e0 elle, affrontera lors de la phase 2 Zuzanna Wielgos (n\u00b0 8, Pologne), Jade Quynh-Tien Huynh (n\u00b0 52, France) et Lorena Morsch (n\u00b0 78, Allemagne). En double mixte, Doutaz\/Keusch affronteront la paire danoise compos\u00e9e de Mille Stoffregen (n\u00b0 39) et Oliver Berntsen (n\u00b0 44).<\/p>\n<p><img decoding=\"async\" class=\"aligncenter wp-image-50173 size-fcunited-thumb-big\" src=\"https:\/\/www.swisstabletennis.ch\/wp-content\/uploads\/2026\/06\/2026_06_16-U21-Europameisterschaft-Cluj-Napoca-Noe-Keusch-3-818x461.jpg\" alt=\"\" width=\"818\" height=\"461\" srcset=\"https:\/\/www.swisstabletennis.ch\/wp-content\/uploads\/2026\/06\/2026_06_16-U21-Europameisterschaft-Cluj-Napoca-Noe-Keusch-3-818x461.jpg 818w, https:\/\/www.swisstabletennis.ch\/wp-content\/uploads\/2026\/06\/2026_06_16-U21-Europameisterschaft-Cluj-Napoca-Noe-Keusch-3-1278x719.jpg 1278w, https:\/\/www.swisstabletennis.ch\/wp-content\/uploads\/2026\/06\/2026_06_16-U21-Europameisterschaft-Cluj-Napoca-Noe-Keusch-3-406x228.jpg 406w, https:\/\/www.swisstabletennis.ch\/wp-content\/uploads\/2026\/06\/2026_06_16-U21-Europameisterschaft-Cluj-Napoca-Noe-Keusch-3-270x152.jpg 270w\" sizes=\"(max-width: 818px) 100vw, 818px\" \/><\/p>\n","protected":false},"excerpt":{"rendered":"<p>Gr\u00e2ce \u00e0 de belles performances lors de la phase de poules, Fanny Doutaz et No\u00e9 Keusch ont su convaincre et&hellip;<\/p>\n","protected":false},"author":14,"featured_media":50170,"comment_status":"closed","ping_status":"closed","sticky":false,"template":"","format":"standard","meta":{"_monsterinsights_skip_tracking":false,"footnotes":""},"categories":[118],"tags":[],"class_list":["post-50177","post","type-post","status-publish","format-standard","has-post-thumbnail","hentry","category-sport-d-elite"],"_links":{"self":[{"href":"https:\/\/www.swisstabletennis.ch\/fr\/wp-json\/wp\/v2\/posts\/50177","targetHints":{"allow":["GET"]}}],"collection":[{"href":"https:\/\/www.swisstabletennis.ch\/fr\/wp-json\/wp\/v2\/posts"}],"about":[{"href":"https:\/\/www.swisstabletennis.ch\/fr\/wp-json\/wp\/v2\/types\/post"}],"author":[{"embeddable":true,"href":"https:\/\/www.swisstabletennis.ch\/fr\/wp-json\/wp\/v2\/users\/14"}],"replies":[{"embeddable":true,"href":"https:\/\/www.swisstabletennis.ch\/fr\/wp-json\/wp\/v2\/comments?post=50177"}],"version-history":[{"count":2,"href":"https:\/\/www.swisstabletennis.ch\/fr\/wp-json\/wp\/v2\/posts\/50177\/revisions"}],"predecessor-version":[{"id":50439,"href":"https:\/\/www.swisstabletennis.ch\/fr\/wp-json\/wp\/v2\/posts\/50177\/revisions\/50439"}],"wp:featuredmedia":[{"embeddable":true,"href":"https:\/\/www.swisstabletennis.ch\/fr\/wp-json\/wp\/v2\/media\/50170"}],"wp:attachment":[{"href":"https:\/\/www.swisstabletennis.ch\/fr\/wp-json\/wp\/v2\/media?parent=50177"}],"wp:term":[{"taxonomy":"category","embeddable":true,"href":"https:\/\/www.swisstabletennis.ch\/fr\/wp-json\/wp\/v2\/categories?post=50177"},{"taxonomy":"post_tag","embeddable":true,"href":"https:\/\/www.swisstabletennis.ch\/fr\/wp-json\/wp\/v2\/tags?post=50177"}],"curies":[{"name":"wp","href":"https:\/\/api.w.org\/{rel}","templated":true}]}}