{"id":50573,"date":"2026-07-09T09:56:01","date_gmt":"2026-07-09T07:56:01","guid":{"rendered":"https:\/\/www.swisstabletennis.ch\/?p=50573"},"modified":"2026-07-09T09:56:01","modified_gmt":"2026-07-09T07:56:01","slug":"apercu-des-championnats-deurope-jeunesse-2026","status":"publish","type":"post","link":"https:\/\/www.swisstabletennis.ch\/fr\/apercu-des-championnats-deurope-jeunesse-2026\/","title":{"rendered":"Aper\u00e7u des Championnats d&rsquo;Europe jeunesse 2026\u00a0"},"content":{"rendered":"<p><strong>Du 10 au 19 juillet, Gondomar (Portugal) accueillera les Championnats d&rsquo;Europe jeunesse U15 et U19. La Suisse aborde cette comp\u00e9tition avec de grandes ambitions et souhaite confirmer les bons r\u00e9sultats de l&rsquo;ann\u00e9e derni\u00e8re ainsi que ceux des Championnats d&rsquo;Europe U13. Alors que les gar\u00e7ons \u00e9voluent d\u00e9j\u00e0 en premi\u00e8re division et se battent pour le maintien, les filles visent quant \u00e0 elles la promotion et souhaitent ainsi se hisser parmi les 16 meilleures \u00e9quipes d\u2019Europe.\u00a0<\/strong><span class=\"Apple-converted-space\">\u00a0<\/span><\/p>\n<p>Texte : Lionel Weber \/ Photos : Pedro Pelz et WTT<\/p>\n<p>Apr\u00e8s une saison des jeunes couronn\u00e9e de succ\u00e8s, les jeunes joueuses et joueurs suisses se rendent au Portugal pour le temps fort de la saison. Pedro Pelz, chef de la rel\u00e8ve, se montre tr\u00e8s satisfait du d\u00e9roulement de la saison jusqu\u2019\u00e0 pr\u00e9sent : \u00ab Depuis qu\u2019Ilvi Ulrich est mont\u00e9e sur le podium lors du tournoi WTT en Espagne, nous comptons d\u00e9sormais 7 \u00e0 8 joueuses et joueurs qui sont d\u00e9j\u00e0 mont\u00e9s sur le podium lors de tournois de l\u2019ETTU et du WTT et qui sont en mesure de se battre pour la victoire. \u00bb Il est difficile de mettre en avant un seul succ\u00e8s, mais les Championnats d\u2019Europe U13 de septembre, avec le titre en simple de Michelle Wu et la deuxi\u00e8me place par \u00e9quipe, ont constitu\u00e9 un moment fort, m\u00eame si ce tournoi fait en r\u00e9alit\u00e9 partie de la saison pr\u00e9c\u00e9dente. Michelle Wu et Enya Hu participent d\u00e9sormais aux tournois WTT dans les cat\u00e9gories U15 et U17 et font \u00e9galement partie de la s\u00e9lection pour les Championnats d\u2019Europe U15. \u00ab Pour leur d\u00e9veloppement, il est indispensable qu\u2019elles soient mises au d\u00e9fi ; c\u2019est pourquoi elles ne concourent presque plus chez les U13. Elles ont \u00e9galement pu acqu\u00e9rir une exp\u00e9rience pr\u00e9cieuse lors des Championnats du monde d\u2019\u00e9lite \u00e0 Londres \u00bb, explique Pelz.<\/p>\n<p>Pendant huit jours, les joueuses et les joueurs se sont pr\u00e9par\u00e9s aux Championnats d\u2019Europe \u00e0 Prilly. Selon Pelz, l\u2019accent a surtout \u00e9t\u00e9 mis sur le service, la remise et la premi\u00e8re balle : \u00ab Nous avons \u00e9galement organis\u00e9 des s\u00e9ances intensives de double afin de travailler les encha\u00eenements. Chez les \u00e9quipes U15, le double joue un r\u00f4le tr\u00e8s important. Outre les simples, le double est souvent d\u00e9terminant pour la victoire de l\u2019\u00e9quipe. \u00bb<\/p>\n<p>L&rsquo;\u00e9quipe f\u00e9minine des moins de 15 ans, compos\u00e9e d&rsquo;Ilvi Ulrich, Michelle Wu et Enya Hu, ainsi que la joueuse des moins de 19 ans Akhyata Patra, se trouvait encore \u00e0 D\u00fcsseldorf une semaine auparavant pour se pr\u00e9parer aux Championnats d&rsquo;Europe jeunesse aux c\u00f4t\u00e9s de l&rsquo;\u00e9quipe nationale allemande. Selon Pelz, l&rsquo;ambiance \u00e9tait excellente : \u00ab C&rsquo;\u00e9tait un groupe tr\u00e8s homog\u00e8ne, compos\u00e9 de huit joueuses de l&rsquo;\u00e9quipe nationale allemande et de nos quatre joueuses. Toutes avaient un niveau similaire et la motivation des joueuses \u00e9tait extr\u00eamement \u00e9lev\u00e9e gr\u00e2ce \u00e0 leurs nouvelles partenaires d\u2019entra\u00eenement et au centre national d\u2019entra\u00eenement des meilleures joueuses allemands ; c\u2019est pourquoi il est envisag\u00e9 d\u2019organiser \u00e0 l\u2019avenir d\u2019autres stages d\u2019entra\u00eenement communs. \u00bb<\/p>\n<p><strong>Filles U15 : objectif quarts de finale<\/strong><\/p>\n<p>Les filles U15 se sont illustr\u00e9es sur la sc\u00e8ne internationale cette saison : Gr\u00e2ce \u00e0 diverses victoires lors de tournois ETTU et WTT, Michelle Wu et Enya Hu se sont hiss\u00e9es dans le top 15 du classement europ\u00e9en, bien qu\u2019elles puissent encore jouer deux ann\u00e9es suppl\u00e9mentaires dans la cat\u00e9gorie U15. La troisi\u00e8me et a\u00een\u00e9e du groupe, Ilvi Ulrich, occupe certes une 41e place au classement, ce qui est toutefois explicable par un nombre moindre de participations internationales. Sa qualification en demi-finale du tournoi WTT en Espagne a d\u00e9montr\u00e9 qu\u2019elle aussi est capable de rivaliser avec les meilleures joueuses d\u2019Europe. L\u2019\u00e9quipe s\u2019aligne avec la m\u00eame composition que l\u2019ann\u00e9e derni\u00e8re et, apr\u00e8s avoir termin\u00e9 19e l\u2019ann\u00e9e derni\u00e8re, vise cette ann\u00e9e la mont\u00e9e en premi\u00e8re division. Avec un peu de chance au tirage au sort, tout semble possible pour cette jeune \u00e9quipe. C&rsquo;est pourquoi Pedro Pelz fixe comme objectif \u00e0 l&rsquo;\u00e9quipe d&rsquo;atteindre les quarts de finale : \u00ab Mais pour cela, il faudra d&rsquo;abord qu&rsquo;ils r\u00e9alisent de bonnes performances et que tout se passe comme pr\u00e9vu. Le double aura \u00e9galement un r\u00f4le d\u00e9cisif \u00e0 jouer. \u00bb<\/p>\n<p><img fetchpriority=\"high\" decoding=\"async\" class=\"aligncenter wp-image-50567 size-fcunited-thumb-big\" src=\"https:\/\/www.swisstabletennis.ch\/wp-content\/uploads\/2026\/07\/2026_03_04-WTT-Youth-Contender-Wladyslawowo-Michelle-Wu-5-1-818x461.jpg\" alt=\"\" width=\"818\" height=\"461\" srcset=\"https:\/\/www.swisstabletennis.ch\/wp-content\/uploads\/2026\/07\/2026_03_04-WTT-Youth-Contender-Wladyslawowo-Michelle-Wu-5-1-818x461.jpg 818w, https:\/\/www.swisstabletennis.ch\/wp-content\/uploads\/2026\/07\/2026_03_04-WTT-Youth-Contender-Wladyslawowo-Michelle-Wu-5-1-1278x719.jpg 1278w, https:\/\/www.swisstabletennis.ch\/wp-content\/uploads\/2026\/07\/2026_03_04-WTT-Youth-Contender-Wladyslawowo-Michelle-Wu-5-1-406x228.jpg 406w, https:\/\/www.swisstabletennis.ch\/wp-content\/uploads\/2026\/07\/2026_03_04-WTT-Youth-Contender-Wladyslawowo-Michelle-Wu-5-1-270x152.jpg 270w\" sizes=\"(max-width: 818px) 100vw, 818px\" \/><\/p>\n<p><strong>Gar\u00e7ons U15 : nouvelle g\u00e9n\u00e9ration<\/strong><\/p>\n<p>Les gar\u00e7ons U15 ont termin\u00e9 \u00e0 une formidable 9e place ces deux derni\u00e8res ann\u00e9es. La g\u00e9n\u00e9ration men\u00e9e par Lowis Vogler, Elias-Mate Simo et Yanni Andriani n\u2019est toutefois plus l\u00e0, et trois jeunes joueurs, Arthur Loustalot, Balthazar Porritt et Charlie Hurtado, font leurs d\u00e9buts. L&rsquo;\u00e9quipe d\u00e9bute en premi\u00e8re division et il sera int\u00e9ressant de voir comment elle s&rsquo;en sortira lors de ses premiers Championnats d&rsquo;Europe jeunesse. \u00ab Au d\u00e9but, \u00e7a ne sera certainement pas facile en premi\u00e8re division, mais ensuite, nous verrons comment les gar\u00e7ons tiendront le coup et o\u00f9 ils se classeront au final \u00bb, estime Pelz. Loustalot avait d\u00e9j\u00e0 particip\u00e9 aux Championnats d\u2019Europe U13, o\u00f9 il avait contribu\u00e9 \u00e0 la m\u00e9daille d\u2019argent sensationnelle remport\u00e9e par l\u2019\u00e9quipe. Silas Stalder ne sera malheureusement pas disponible pour l\u2019\u00e9quipe en raison d\u2019une blessure.<\/p>\n<p><strong>Filles U19\u00a0: Jouer en toute libert\u00e9 avec Patra comme capitaine<\/strong><\/p>\n<p>Comme l\u2019ann\u00e9e derni\u00e8re, l\u2019\u00e9quipe est emmen\u00e9e par Akhyata Patra, championne suisse U17. Livia Generowicz et Amira Meier font \u00e9galement leur retour dans l\u2019\u00e9quipe, tandis qu\u2019Emma K\u00fchn participera pour la premi\u00e8re fois aux Championnats d\u2019Europe. Apr\u00e8s s\u2019\u00eatre class\u00e9e 32e l\u2019ann\u00e9e derni\u00e8re, l\u2019\u00e9quipe vise cette ann\u00e9e \u00e0 faire mieux. Comme la plupart des joueuses ont encore peu d\u2019exp\u00e9rience internationale, ce sera certainement une bonne occasion pour elles de faire leurs preuves sur la sc\u00e8ne internationale. \u00ab Pour les filles, il s\u2019agit de prendre les matchs les uns apr\u00e8s les autres. C\u2019est notamment une formidable opportunit\u00e9 pour Akhyata d\u2019endosser le r\u00f4le de joueuse phare et de mener l\u2019\u00e9quipe avec de bonnes performances \u00bb, explique Pelz.<\/p>\n<p><img decoding=\"async\" class=\"aligncenter wp-image-50569 size-fcunited-thumb-big\" src=\"https:\/\/www.swisstabletennis.ch\/wp-content\/uploads\/2026\/07\/WTT-Linz-2026-Patra-Akhyata-818x461.jpg\" alt=\"\" width=\"818\" height=\"461\" srcset=\"https:\/\/www.swisstabletennis.ch\/wp-content\/uploads\/2026\/07\/WTT-Linz-2026-Patra-Akhyata-818x461.jpg 818w, https:\/\/www.swisstabletennis.ch\/wp-content\/uploads\/2026\/07\/WTT-Linz-2026-Patra-Akhyata-1278x719.jpg 1278w, https:\/\/www.swisstabletennis.ch\/wp-content\/uploads\/2026\/07\/WTT-Linz-2026-Patra-Akhyata-406x228.jpg 406w, https:\/\/www.swisstabletennis.ch\/wp-content\/uploads\/2026\/07\/WTT-Linz-2026-Patra-Akhyata-270x152.jpg 270w\" sizes=\"(max-width: 818px) 100vw, 818px\" \/><\/p>\n<p><strong>Gar\u00e7ons U19 : L\u2019\u00e9quipe avec capitaine Keusch veut confirmer sa mont\u00e9e<\/strong><\/p>\n<p>L&rsquo;ann\u00e9e derni\u00e8re, l&rsquo;\u00e9quipe a d\u00e9croch\u00e9 sa promotion en premi\u00e8re division et a termin\u00e9 le tournoi \u00e0 la 13e place. Le capitaine Noe Keusch participera pour la derni\u00e8re fois aux Championnats d&rsquo;Europe juniors et s&rsquo;y rend avec de grandes ambitions. \u00ab Nous avons besoin de Noe dans l\u2019\u00e9quipe en tant que meneur. Si les autres gar\u00e7ons suivent le mouvement et que l\u2019un ou l\u2019autre se surpasse, nous pourrions bien figurer \u00e0 nouveau parmi les 16 meilleurs cette ann\u00e9e \u00bb, explique Pelz. Lowis Vogler et Elias-Mate Simo ont directement fait le grand saut des U15 aux U19, o\u00f9 Vogler, en particulier, a obtenu d\u2019excellents r\u00e9sultats au niveau international cette saison. \u00c0 leurs c\u00f4t\u00e9s, Levi Ulrich et Severin Scherrer, qui fait ses d\u00e9buts aux Championnats d\u2019Europe, compl\u00e8tent l\u2019effectif. Les entra\u00eeneurs disposent ainsi, dans tous les cas, de nombreuses options tactiques.<\/p>\n<figure id=\"attachment_50571\" aria-describedby=\"caption-attachment-50571\" style=\"width: 818px\" class=\"wp-caption aligncenter\"><img decoding=\"async\" class=\"wp-image-50571 size-fcunited-thumb-big\" src=\"https:\/\/www.swisstabletennis.ch\/wp-content\/uploads\/2026\/07\/WTT-Linz-2026-Ulrich-Levi-2-1-e1783583639117-818x461.jpg\" alt=\"\" width=\"818\" height=\"461\" srcset=\"https:\/\/www.swisstabletennis.ch\/wp-content\/uploads\/2026\/07\/WTT-Linz-2026-Ulrich-Levi-2-1-e1783583639117-818x461.jpg 818w, https:\/\/www.swisstabletennis.ch\/wp-content\/uploads\/2026\/07\/WTT-Linz-2026-Ulrich-Levi-2-1-e1783583639117-1278x719.jpg 1278w, https:\/\/www.swisstabletennis.ch\/wp-content\/uploads\/2026\/07\/WTT-Linz-2026-Ulrich-Levi-2-1-e1783583639117-406x228.jpg 406w, https:\/\/www.swisstabletennis.ch\/wp-content\/uploads\/2026\/07\/WTT-Linz-2026-Ulrich-Levi-2-1-e1783583639117-32x18.jpg 32w, https:\/\/www.swisstabletennis.ch\/wp-content\/uploads\/2026\/07\/WTT-Linz-2026-Ulrich-Levi-2-1-e1783583639117-270x152.jpg 270w\" sizes=\"(max-width: 818px) 100vw, 818px\" \/><figcaption id=\"caption-attachment-50571\" class=\"wp-caption-text\">Levi Ulrich<\/figcaption><\/figure>\n","protected":false},"excerpt":{"rendered":"<p>Du 10 au 19 juillet, Gondomar (Portugal) accueillera les Championnats d&rsquo;Europe jeunesse U15 et U19. La Suisse aborde cette comp\u00e9tition&hellip;<\/p>\n","protected":false},"author":22,"featured_media":50565,"comment_status":"closed","ping_status":"closed","sticky":false,"template":"","format":"standard","meta":{"_monsterinsights_skip_tracking":false,"footnotes":""},"categories":[118],"tags":[],"class_list":["post-50573","post","type-post","status-publish","format-standard","has-post-thumbnail","hentry","category-sport-d-elite"],"_links":{"self":[{"href":"https:\/\/www.swisstabletennis.ch\/fr\/wp-json\/wp\/v2\/posts\/50573","targetHints":{"allow":["GET"]}}],"collection":[{"href":"https:\/\/www.swisstabletennis.ch\/fr\/wp-json\/wp\/v2\/posts"}],"about":[{"href":"https:\/\/www.swisstabletennis.ch\/fr\/wp-json\/wp\/v2\/types\/post"}],"author":[{"embeddable":true,"href":"https:\/\/www.swisstabletennis.ch\/fr\/wp-json\/wp\/v2\/users\/22"}],"replies":[{"embeddable":true,"href":"https:\/\/www.swisstabletennis.ch\/fr\/wp-json\/wp\/v2\/comments?post=50573"}],"version-history":[{"count":2,"href":"https:\/\/www.swisstabletennis.ch\/fr\/wp-json\/wp\/v2\/posts\/50573\/revisions"}],"predecessor-version":[{"id":50575,"href":"https:\/\/www.swisstabletennis.ch\/fr\/wp-json\/wp\/v2\/posts\/50573\/revisions\/50575"}],"wp:featuredmedia":[{"embeddable":true,"href":"https:\/\/www.swisstabletennis.ch\/fr\/wp-json\/wp\/v2\/media\/50565"}],"wp:attachment":[{"href":"https:\/\/www.swisstabletennis.ch\/fr\/wp-json\/wp\/v2\/media?parent=50573"}],"wp:term":[{"taxonomy":"category","embeddable":true,"href":"https:\/\/www.swisstabletennis.ch\/fr\/wp-json\/wp\/v2\/categories?post=50573"},{"taxonomy":"post_tag","embeddable":true,"href":"https:\/\/www.swisstabletennis.ch\/fr\/wp-json\/wp\/v2\/tags?post=50573"}],"curies":[{"name":"wp","href":"https:\/\/api.w.org\/{rel}","templated":true}]}}