{"id":50661,"date":"2026-07-12T22:53:54","date_gmt":"2026-07-12T20:53:54","guid":{"rendered":"https:\/\/www.swisstabletennis.ch\/?p=50661"},"modified":"2026-07-12T22:59:57","modified_gmt":"2026-07-12T20:59:57","slug":"qualification-historique-des-suissesses-pour-les-quarts-de-finale","status":"publish","type":"post","link":"https:\/\/www.swisstabletennis.ch\/fr\/qualification-historique-des-suissesses-pour-les-quarts-de-finale\/","title":{"rendered":"Qualification historique des Suissesses pour les quarts de finale"},"content":{"rendered":"<p><b><span data-contrast=\"auto\">Gr\u00e2ce \u00e0 une belle victoire 3-0 <\/span><\/b><strong>face \u00e0 l&rsquo;<\/strong><b><span data-contrast=\"auto\">Espagne, l&rsquo;\u00e9quipe suisse des moins de 15 ans se qualifie pour le top 8 des Championnats d&rsquo;Europe jeunesse. Enya Hu, Ilvi Ulrich et Michelle Wu affronteront demain en quarts de finale la surprenante \u00e9quipe de Lituanie. De leur c\u00f4t\u00e9, les gar\u00e7ons U19 s\u2019inclinent 0-3 face \u00e0 la France et sont \u00e9limin\u00e9s en huiti\u00e8mes de finale. <\/span><\/b><span data-ccp-props=\"{&quot;335551550&quot;:0,&quot;335551620&quot;:0}\">\u00a0<\/span><\/p>\n<p><span data-contrast=\"auto\">Texte : Lionel Weber \/ Photos : ETTU<\/span><span data-ccp-props=\"{}\">\u00a0<\/span><\/p>\n<p><span data-contrast=\"auto\">Du point de vue suisse, le match contre les Espagnoles a parfaitement commenc\u00e9 : Enya Hu a remport\u00e9 le premier set contre la num\u00e9ro 1 espagnole, Eloisa Barreda, sur le score de 11-2. Les deux joueuses \u00e9taient rest\u00e9es invaincues jusqu\u2019alors dans le tournoi, mais Hu a imm\u00e9diatement impos\u00e9 son jeu. Apr\u00e8s un petit passage \u00e0 vide dans le deuxi\u00e8me set, elle a r\u00e9ussi \u00e0 le remporter malgr\u00e9 un retard de 7-10,\u00a0<\/span><span data-contrast=\"none\">faisant un grand pas vers la victoire.<\/span><span data-contrast=\"auto\">\u00a0Dans le troisi\u00e8me set, la Suissesse n\u2019a plus rien laiss\u00e9 passer et a remport\u00e9 le match 3-0.\u00a0 <\/span><span data-ccp-props=\"{&quot;335551550&quot;:0,&quot;335551620&quot;:0}\">\u00a0<\/span><\/p>\n<p><span data-contrast=\"auto\">Ilvi Ulrich a encha\u00een\u00e9 lors du deuxi\u00e8me match et a rapidement pris l&rsquo;avantage 2-0 face \u00e0 Mireia Parau. Mais l&rsquo;Espagnole n&rsquo;a pas baiss\u00e9 les bras et a remport\u00e9 les deux sets suivants sur le score de 11-9. Dans le set d\u00e9cisif, Ulrich a commenc\u00e9 plus activement et a pris l&rsquo;avantage 4-0. Parau est revenue \u00e0 4-4, mais Ulrich a finalement fait preuve de sang-froid et a remport\u00e9 le set 11-5. <\/span><span data-ccp-props=\"{}\">\u00a0<\/span><\/p>\n<p><span data-contrast=\"none\">En double, Michelle Wu et Enya Hu \u00e9taient align\u00e9es pour la Suisse.<\/span><span data-contrast=\"auto\">\u00a0<\/span><span data-contrast=\"none\">Le match a \u00e9t\u00e9 tr\u00e8s disput\u00e9 : tant\u00f4t les Suissesses dominaient, tant\u00f4t les Espagnoles.<\/span><span data-contrast=\"auto\">\u00a0Apr\u00e8s avoir repouss\u00e9 deux balles de match dans le set d\u00e9cisif, Wu\/Hu ont su convertir leur premi\u00e8re balle de match et sceller la victoire. <\/span><span data-contrast=\"none\">Cette qualification pour le Top 8 constitue d\u00e9j\u00e0 le meilleur r\u00e9sultat d&rsquo;une \u00e9quipe suisse dans l&rsquo;histoire r\u00e9cente des Championnats d&rsquo;Europe de la jeunesse U15\/U19.<\/span><span data-ccp-props=\"{&quot;335551550&quot;:0,&quot;335551620&quot;:0}\">\u00a0<\/span><\/p>\n<p><span data-contrast=\"auto\">Demain, les Suissesses affronteront la Lituanie \u00e0 14 h 20. Sur le papier, le match s&rsquo;annonce \u00e9quilibr\u00e9. Les Lituaniennes ont, tout comme les Suissesses, acc\u00e9d\u00e9 \u00e0 la premi\u00e8re division et ont \u00e9limin\u00e9 les Hongroises, favorites, en huiti\u00e8mes de finale.\u00a0 <\/span><span data-ccp-props=\"{}\">\u00a0<\/span><\/p>\n<p><b><span data-contrast=\"auto\">Gar\u00e7ons U19 : d\u00e9faite nette face \u00e0 la France <\/span><\/b><span data-ccp-props=\"{}\">\u00a0<\/span><\/p>\n<p><span data-contrast=\"auto\">Apr\u00e8s leur victoire spectaculaire en barrages, les gar\u00e7ons suisses U19 ont affront\u00e9 la France, favorite du titre. Noe Keusch, Lowis Vogler et Severin Scherrer n\u2019ont toutefois pas pu faire grand-chose face aux Fran\u00e7ais. Malgr\u00e9 quelques sets serr\u00e9s, tous les matchs se sont sold\u00e9s par une d\u00e9faite 0-3. L\u2019\u00e9quipe dispute d\u00e9sormais les places 9 \u00e0 16 et affrontera demain \u00e0 midi la R\u00e9publique tch\u00e8que.<\/span><\/p>\n<figure id=\"attachment_50658\" aria-describedby=\"caption-attachment-50658\" style=\"width: 2560px\" class=\"wp-caption aligncenter\"><img fetchpriority=\"high\" decoding=\"async\" class=\"size-full wp-image-50658\" src=\"https:\/\/www.swisstabletennis.ch\/wp-content\/uploads\/2026\/07\/2026_07_12_Lowis-Vogler-3-scaled.jpg\" alt=\"\" width=\"2560\" height=\"1830\" srcset=\"https:\/\/www.swisstabletennis.ch\/wp-content\/uploads\/2026\/07\/2026_07_12_Lowis-Vogler-3-scaled.jpg 2560w, https:\/\/www.swisstabletennis.ch\/wp-content\/uploads\/2026\/07\/2026_07_12_Lowis-Vogler-3-300x214.jpg 300w, https:\/\/www.swisstabletennis.ch\/wp-content\/uploads\/2026\/07\/2026_07_12_Lowis-Vogler-3-1024x732.jpg 1024w, https:\/\/www.swisstabletennis.ch\/wp-content\/uploads\/2026\/07\/2026_07_12_Lowis-Vogler-3-768x549.jpg 768w, https:\/\/www.swisstabletennis.ch\/wp-content\/uploads\/2026\/07\/2026_07_12_Lowis-Vogler-3-1536x1098.jpg 1536w, https:\/\/www.swisstabletennis.ch\/wp-content\/uploads\/2026\/07\/2026_07_12_Lowis-Vogler-3-2048x1464.jpg 2048w, https:\/\/www.swisstabletennis.ch\/wp-content\/uploads\/2026\/07\/2026_07_12_Lowis-Vogler-3-370x265.jpg 370w, https:\/\/www.swisstabletennis.ch\/wp-content\/uploads\/2026\/07\/2026_07_12_Lowis-Vogler-3-818x585.jpg 818w, https:\/\/www.swisstabletennis.ch\/wp-content\/uploads\/2026\/07\/2026_07_12_Lowis-Vogler-3-406x290.jpg 406w, https:\/\/www.swisstabletennis.ch\/wp-content\/uploads\/2026\/07\/2026_07_12_Lowis-Vogler-3-600x429.jpg 600w, https:\/\/www.swisstabletennis.ch\/wp-content\/uploads\/2026\/07\/2026_07_12_Lowis-Vogler-3-500x357.jpg 500w, https:\/\/www.swisstabletennis.ch\/wp-content\/uploads\/2026\/07\/2026_07_12_Lowis-Vogler-3-400x286.jpg 400w, https:\/\/www.swisstabletennis.ch\/wp-content\/uploads\/2026\/07\/2026_07_12_Lowis-Vogler-3-32x23.jpg 32w\" sizes=\"(max-width: 2560px) 100vw, 2560px\" \/><figcaption id=\"caption-attachment-50658\" class=\"wp-caption-text\">Lowis Vogler<\/figcaption><\/figure>\n<p>&nbsp;<\/p>\n","protected":false},"excerpt":{"rendered":"<p>Gr\u00e2ce \u00e0 une belle victoire 3-0 face \u00e0 l&rsquo;Espagne, l&rsquo;\u00e9quipe suisse des moins de 15 ans se qualifie pour le&hellip;<\/p>\n","protected":false},"author":22,"featured_media":50634,"comment_status":"closed","ping_status":"closed","sticky":false,"template":"","format":"standard","meta":{"_monsterinsights_skip_tracking":false,"footnotes":""},"categories":[118],"tags":[],"class_list":["post-50661","post","type-post","status-publish","format-standard","has-post-thumbnail","hentry","category-sport-d-elite"],"_links":{"self":[{"href":"https:\/\/www.swisstabletennis.ch\/fr\/wp-json\/wp\/v2\/posts\/50661","targetHints":{"allow":["GET"]}}],"collection":[{"href":"https:\/\/www.swisstabletennis.ch\/fr\/wp-json\/wp\/v2\/posts"}],"about":[{"href":"https:\/\/www.swisstabletennis.ch\/fr\/wp-json\/wp\/v2\/types\/post"}],"author":[{"embeddable":true,"href":"https:\/\/www.swisstabletennis.ch\/fr\/wp-json\/wp\/v2\/users\/22"}],"replies":[{"embeddable":true,"href":"https:\/\/www.swisstabletennis.ch\/fr\/wp-json\/wp\/v2\/comments?post=50661"}],"version-history":[{"count":3,"href":"https:\/\/www.swisstabletennis.ch\/fr\/wp-json\/wp\/v2\/posts\/50661\/revisions"}],"predecessor-version":[{"id":50664,"href":"https:\/\/www.swisstabletennis.ch\/fr\/wp-json\/wp\/v2\/posts\/50661\/revisions\/50664"}],"wp:featuredmedia":[{"embeddable":true,"href":"https:\/\/www.swisstabletennis.ch\/fr\/wp-json\/wp\/v2\/media\/50634"}],"wp:attachment":[{"href":"https:\/\/www.swisstabletennis.ch\/fr\/wp-json\/wp\/v2\/media?parent=50661"}],"wp:term":[{"taxonomy":"category","embeddable":true,"href":"https:\/\/www.swisstabletennis.ch\/fr\/wp-json\/wp\/v2\/categories?post=50661"},{"taxonomy":"post_tag","embeddable":true,"href":"https:\/\/www.swisstabletennis.ch\/fr\/wp-json\/wp\/v2\/tags?post=50661"}],"curies":[{"name":"wp","href":"https:\/\/api.w.org\/{rel}","templated":true}]}}