{"id":51502,"date":"2026-08-31T11:06:07","date_gmt":"2026-08-31T09:06:07","guid":{"rendered":"https:\/\/www.swisstabletennis.ch\/?p=51502"},"modified":"2026-08-31T11:06:07","modified_gmt":"2026-08-31T09:06:07","slug":"euro-mini-champs-quatre-medailles-pour-la-suisse","status":"publish","type":"post","link":"https:\/\/www.swisstabletennis.ch\/fr\/euro-mini-champs-quatre-medailles-pour-la-suisse\/","title":{"rendered":"Euro Mini Champ\u2019s : quatre m\u00e9dailles pour la Suisse"},"content":{"rendered":"<p><strong>Lors des championnats d\u2019Europe non officiels des cat\u00e9gories U11, U12 et U13, les jeunes joueuses suisses ont une nouvelle fois d\u00e9montr\u00e9 qu\u2019elles comptent actuellement parmi lesmeilleures d\u2019Europe. Enya Hu a remport\u00e9 la cat\u00e9gorie U13 lors d\u2019une finale 100 % suisse contre Michelle Wu. Emily Wu a d\u00e9croch\u00e9 la m\u00e9daille de bronze dans la cat\u00e9gorie U12, tandis qu\u2019ElinaHu a atteint la finale chez les plus jeunes.\u00a0<\/strong><\/p>\n<p><span data-contrast=\"none\">Texte : Lionel Weber \/ Photos : Pedro Pelz et Ligue du Grand Est de Tennis de Table<\/span><span data-ccp-props=\"{&quot;134233117&quot;:false,&quot;134233118&quot;:false,&quot;335551550&quot;:1,&quot;335551620&quot;:1,&quot;335559738&quot;:240,&quot;335559739&quot;:240}\">\u00a0<\/span><\/p>\n<p><span data-contrast=\"none\">Pour Enya Hu, il s\u2019agit d\u00e9j\u00e0 de son deuxi\u00e8me succ\u00e8s aux Euro Mini Champ\u2019s, apr\u00e8s sa victoire il y a deux ans. En finale, elle s\u2019est impos\u00e9e 3-0 face \u00e0 sa co\u00e9quipi\u00e8re Michelle Wu. C\u2019est ainsi que les Euro Mini Champ\u2019s ont connu pour la premi\u00e8re fois une finale 100 % suisse. Enya Hu a d\u00fb se battre notamment en demi-finale contre la Singapourienne Xintian Gu, face \u00e0 laquelle elle avait d\u00e9j\u00e0 \u00e9t\u00e9 men\u00e9e 0-2. Michelle Wu a quant \u00e0 elle remport\u00e9 haut la main sa demi-finale contre l\u2019Am\u00e9ricaine Emma Yang sur le score de 3-0. Auparavant, les deux Suissesses n\u2019avaient conc\u00e9d\u00e9 que quelques sets et avaient survol\u00e9 le tournoi. \u00ab \u00c0 une ou deux exceptions pr\u00e8s, la quasi-totalit\u00e9 de l\u2019\u00e9lite europ\u00e9enne \u00e9tait au rendez-vous, mais elle n\u2019a pas pu faire grand-chose face \u00e0 Enya et Michelle lors de ce tournoi \u00bb, a d\u00e9clar\u00e9 Pedro Pelz, chef de la rel\u00e8ve. Les deux joueuses semblent en tout cas pr\u00eates pour les Championnats d\u2019Europe officiels des moins de 13 ans, qui se d\u00e9rouleront en novembre en Turquie.<\/span><\/p>\n<figure id=\"attachment_51498\" aria-describedby=\"caption-attachment-51498\" style=\"width: 818px\" class=\"wp-caption aligncenter\"><img fetchpriority=\"high\" decoding=\"async\" class=\"wp-image-51498\" src=\"https:\/\/www.swisstabletennis.ch\/wp-content\/uploads\/2026\/08\/55496881689_8fd7f2a03b_o-scaled.jpg\" alt=\"\" width=\"818\" height=\"545\" srcset=\"https:\/\/www.swisstabletennis.ch\/wp-content\/uploads\/2026\/08\/55496881689_8fd7f2a03b_o-scaled.jpg 2560w, https:\/\/www.swisstabletennis.ch\/wp-content\/uploads\/2026\/08\/55496881689_8fd7f2a03b_o-300x200.jpg 300w, https:\/\/www.swisstabletennis.ch\/wp-content\/uploads\/2026\/08\/55496881689_8fd7f2a03b_o-1024x683.jpg 1024w, https:\/\/www.swisstabletennis.ch\/wp-content\/uploads\/2026\/08\/55496881689_8fd7f2a03b_o-768x512.jpg 768w, https:\/\/www.swisstabletennis.ch\/wp-content\/uploads\/2026\/08\/55496881689_8fd7f2a03b_o-391x260.jpg 391w, https:\/\/www.swisstabletennis.ch\/wp-content\/uploads\/2026\/08\/55496881689_8fd7f2a03b_o-1536x1024.jpg 1536w, https:\/\/www.swisstabletennis.ch\/wp-content\/uploads\/2026\/08\/55496881689_8fd7f2a03b_o-2048x1365.jpg 2048w, https:\/\/www.swisstabletennis.ch\/wp-content\/uploads\/2026\/08\/55496881689_8fd7f2a03b_o-370x247.jpg 370w, https:\/\/www.swisstabletennis.ch\/wp-content\/uploads\/2026\/08\/55496881689_8fd7f2a03b_o-818x545.jpg 818w, https:\/\/www.swisstabletennis.ch\/wp-content\/uploads\/2026\/08\/55496881689_8fd7f2a03b_o-406x271.jpg 406w, https:\/\/www.swisstabletennis.ch\/wp-content\/uploads\/2026\/08\/55496881689_8fd7f2a03b_o-600x400.jpg 600w, https:\/\/www.swisstabletennis.ch\/wp-content\/uploads\/2026\/08\/55496881689_8fd7f2a03b_o-500x333.jpg 500w, https:\/\/www.swisstabletennis.ch\/wp-content\/uploads\/2026\/08\/55496881689_8fd7f2a03b_o-400x267.jpg 400w, https:\/\/www.swisstabletennis.ch\/wp-content\/uploads\/2026\/08\/55496881689_8fd7f2a03b_o-32x21.jpg 32w\" sizes=\"(max-width: 818px) 100vw, 818px\" \/><figcaption id=\"caption-attachment-51498\" class=\"wp-caption-text\">Enya Hu<\/figcaption><\/figure>\n<p><span data-ccp-props=\"{&quot;134233117&quot;:false,&quot;134233118&quot;:false,&quot;335551550&quot;:1,&quot;335551620&quot;:1,&quot;335559738&quot;:240,&quot;335559739&quot;:240}\">\u00a0<\/span><\/p>\n<p><span data-contrast=\"none\">Emily Wu a connu un tournoi marqu\u00e9 par des hauts et des bas dans sa cat\u00e9gorie U12. Lors des matchs de poule, elle s\u2019est inclin\u00e9e de justesse face \u00e0 la Fran\u00e7aise Eva Surand sur le score de 2-3. Elle s\u2019est ensuite de mieux en mieux int\u00e9gr\u00e9e au tournoi et a remport\u00e9 tant les huiti\u00e8mes de finale que les quarts de finale sur le score de 3-0. En demi-finale, Mehin Mirzabalayeva, d\u2019Azerba\u00efdjan, s\u2019est toutefois av\u00e9r\u00e9e trop forte. Wu a toutefois remport\u00e9 le match pour la troisi\u00e8me place avec brio, s\u2019assurant ainsi la m\u00e9daille de bronze. \u00abEmily Wu a su progresser au fil du tournoi et apporter davantage de structure \u00e0 son jeu. Il est \u00e9galement tr\u00e8s positif qu\u2019apr\u00e8s sa d\u00e9faite en demi-finale, elle ait su bien terminer le match pour la troisi\u00e8me place et m\u00e9riter cette m\u00e9daille\u00bb, a d\u00e9clar\u00e9 Pedro Pelz.<\/span><span data-ccp-props=\"{&quot;134233117&quot;:false,&quot;134233118&quot;:false,&quot;335551550&quot;:1,&quot;335551620&quot;:1,&quot;335559738&quot;:240,&quot;335559739&quot;:240}\">\u00a0<\/span><\/p>\n<p><span data-contrast=\"none\">Chez les plus jeunes, Elina Hu a remport\u00e9 une nouvelle m\u00e9daille pour la Suisse gr\u00e2ce \u00e0 une belle performance. C\u2019est face aux joueuses turques qu\u2019elle a livr\u00e9 ses duels les plus acharn\u00e9s. En quart de finale, elle a r\u00e9ussi \u00e0 battre Defne \u00dcz\u00fcmz\u00fc 3:2, mais s\u2019est inclin\u00e9e de justesse face \u00e0 Derin M\u00fclazim en finale. Alors qu\u2019Elina Hu menait 2-0, la d\u00e9fenseuse a su adapter l\u00e9g\u00e8rementson jeu et remporter les trois sets restants. Pedro Pelz s\u2019est n\u00e9anmoins montr\u00e9 satisfait de la prestation d\u2019Elina Hu, qui sera encore \u00e9ligible dans la cat\u00e9gorie U11 l\u2019ann\u00e9e prochaine : \u00ab Elina Hu a r\u00e9alis\u00e9 une superbe performance, m\u00eame en finale face \u00e0 un syst\u00e8me de jeu qui ne lui convient pas forc\u00e9ment. Elle peut tirer beaucoup de ce tournoi pour son d\u00e9veloppement. \u00bb<\/span><span data-ccp-props=\"{&quot;134233117&quot;:false,&quot;134233118&quot;:false,&quot;335551550&quot;:1,&quot;335551620&quot;:1,&quot;335559738&quot;:240,&quot;335559739&quot;:240}\">\u00a0<\/span><\/p>\n<p><span data-contrast=\"none\">Les autres participants suisses n&rsquo;ont pas r\u00e9ussi \u00e0 se qualifier pour le tour principal lors des matchs de poule et ont ensuite disput\u00e9 le tour de consolation. Pour certains d&rsquo;entre eux, il s&rsquo;agissaitde leur premi\u00e8re participation \u00e0 un tournoi international d&rsquo;une telle envergure, ce qui leur a permis d&rsquo;acqu\u00e9rir une exp\u00e9rience pr\u00e9cieuse. \u00ab Les gar\u00e7ons ont pu d\u00e9couvrir pour la premi\u00e8re fois le niveau des meilleurs joueurs europ\u00e9ens de leur cat\u00e9gorie, ce qui constitue un apprentissage important. Je suis tr\u00e8s satisfait de leur motivation et de leur engagement \u00bb, a d\u00e9clar\u00e9 Yannick Charmot, qui a encadr\u00e9 Adrian Feret et Leonard La Spada lors du tournoi.<\/span><span data-ccp-props=\"{&quot;134233117&quot;:false,&quot;134233118&quot;:false,&quot;335551550&quot;:1,&quot;335551620&quot;:1,&quot;335559738&quot;:240,&quot;335559739&quot;:240}\">\u00a0<\/span><\/p>\n<p><span data-contrast=\"none\">Le chef de la rel\u00e8ve\u00a0Pedro Pelz, a tir\u00e9 un bilan globalement positif du tournoi : \u00ab Les Euro Mini Champ\u2019s ont \u00e9t\u00e9 un excellent tournoi pour nous. Les gar\u00e7ons ont pu acqu\u00e9rir pour la premi\u00e8re fois une exp\u00e9rience internationale importante. Nous nous attendions \u00e0 ce que les quatre filles soient en lice pour les m\u00e9dailles. Mais le fait qu\u2019elles aient r\u00e9pondu \u00e0 ces attentes de mani\u00e8re aussi convaincante est impressionnant et montre clairement la place qu\u2019elles occupent actuellement en Europe dans leur cat\u00e9gorie d\u2019\u00e2ge respective. \u00bb<\/span><span data-ccp-props=\"{&quot;134233117&quot;:false,&quot;134233118&quot;:false,&quot;335551550&quot;:1,&quot;335551620&quot;:1,&quot;335559738&quot;:240,&quot;335559739&quot;:240}\">\u00a0<\/span><\/p>\n<figure id=\"attachment_51496\" aria-describedby=\"caption-attachment-51496\" style=\"width: 818px\" class=\"wp-caption aligncenter\"><img decoding=\"async\" class=\"wp-image-51496\" src=\"https:\/\/www.swisstabletennis.ch\/wp-content\/uploads\/2026\/08\/55495725767_9e292dd353_o-scaled.jpg\" alt=\"\" width=\"818\" height=\"545\" srcset=\"https:\/\/www.swisstabletennis.ch\/wp-content\/uploads\/2026\/08\/55495725767_9e292dd353_o-scaled.jpg 2560w, https:\/\/www.swisstabletennis.ch\/wp-content\/uploads\/2026\/08\/55495725767_9e292dd353_o-300x200.jpg 300w, https:\/\/www.swisstabletennis.ch\/wp-content\/uploads\/2026\/08\/55495725767_9e292dd353_o-1024x683.jpg 1024w, https:\/\/www.swisstabletennis.ch\/wp-content\/uploads\/2026\/08\/55495725767_9e292dd353_o-768x512.jpg 768w, https:\/\/www.swisstabletennis.ch\/wp-content\/uploads\/2026\/08\/55495725767_9e292dd353_o-391x260.jpg 391w, https:\/\/www.swisstabletennis.ch\/wp-content\/uploads\/2026\/08\/55495725767_9e292dd353_o-1536x1024.jpg 1536w, https:\/\/www.swisstabletennis.ch\/wp-content\/uploads\/2026\/08\/55495725767_9e292dd353_o-2048x1365.jpg 2048w, https:\/\/www.swisstabletennis.ch\/wp-content\/uploads\/2026\/08\/55495725767_9e292dd353_o-370x247.jpg 370w, https:\/\/www.swisstabletennis.ch\/wp-content\/uploads\/2026\/08\/55495725767_9e292dd353_o-818x545.jpg 818w, https:\/\/www.swisstabletennis.ch\/wp-content\/uploads\/2026\/08\/55495725767_9e292dd353_o-406x271.jpg 406w, https:\/\/www.swisstabletennis.ch\/wp-content\/uploads\/2026\/08\/55495725767_9e292dd353_o-600x400.jpg 600w, https:\/\/www.swisstabletennis.ch\/wp-content\/uploads\/2026\/08\/55495725767_9e292dd353_o-500x333.jpg 500w, https:\/\/www.swisstabletennis.ch\/wp-content\/uploads\/2026\/08\/55495725767_9e292dd353_o-400x267.jpg 400w, https:\/\/www.swisstabletennis.ch\/wp-content\/uploads\/2026\/08\/55495725767_9e292dd353_o-32x21.jpg 32w\" sizes=\"(max-width: 818px) 100vw, 818px\" \/><figcaption id=\"caption-attachment-51496\" class=\"wp-caption-text\">Michelle Wu<\/figcaption><\/figure>\n","protected":false},"excerpt":{"rendered":"<p>Lors des championnats d\u2019Europe non officiels des cat\u00e9gories U11, U12 et U13, les jeunes joueuses suisses ont une nouvelle fois&hellip;<\/p>\n","protected":false},"author":22,"featured_media":51500,"comment_status":"closed","ping_status":"closed","sticky":false,"template":"","format":"standard","meta":{"_monsterinsights_skip_tracking":false,"footnotes":""},"categories":[118],"tags":[],"class_list":["post-51502","post","type-post","status-publish","format-standard","has-post-thumbnail","hentry","category-sport-d-elite"],"_links":{"self":[{"href":"https:\/\/www.swisstabletennis.ch\/fr\/wp-json\/wp\/v2\/posts\/51502","targetHints":{"allow":["GET"]}}],"collection":[{"href":"https:\/\/www.swisstabletennis.ch\/fr\/wp-json\/wp\/v2\/posts"}],"about":[{"href":"https:\/\/www.swisstabletennis.ch\/fr\/wp-json\/wp\/v2\/types\/post"}],"author":[{"embeddable":true,"href":"https:\/\/www.swisstabletennis.ch\/fr\/wp-json\/wp\/v2\/users\/22"}],"replies":[{"embeddable":true,"href":"https:\/\/www.swisstabletennis.ch\/fr\/wp-json\/wp\/v2\/comments?post=51502"}],"version-history":[{"count":1,"href":"https:\/\/www.swisstabletennis.ch\/fr\/wp-json\/wp\/v2\/posts\/51502\/revisions"}],"predecessor-version":[{"id":51503,"href":"https:\/\/www.swisstabletennis.ch\/fr\/wp-json\/wp\/v2\/posts\/51502\/revisions\/51503"}],"wp:featuredmedia":[{"embeddable":true,"href":"https:\/\/www.swisstabletennis.ch\/fr\/wp-json\/wp\/v2\/media\/51500"}],"wp:attachment":[{"href":"https:\/\/www.swisstabletennis.ch\/fr\/wp-json\/wp\/v2\/media?parent=51502"}],"wp:term":[{"taxonomy":"category","embeddable":true,"href":"https:\/\/www.swisstabletennis.ch\/fr\/wp-json\/wp\/v2\/categories?post=51502"},{"taxonomy":"post_tag","embeddable":true,"href":"https:\/\/www.swisstabletennis.ch\/fr\/wp-json\/wp\/v2\/tags?post=51502"}],"curies":[{"name":"wp","href":"https:\/\/api.w.org\/{rel}","templated":true}]}}