{"id":8526,"date":"2016-09-26T09:00:00","date_gmt":"2016-09-26T08:00:00","guid":{"rendered":"https:\/\/swisstabletennis.ch\/neu\/assemblee-des-delegues-automne-2016\/"},"modified":"2016-09-26T09:00:00","modified_gmt":"2016-09-26T08:00:00","slug":"assemblee-des-delegues-automne-2016","status":"publish","type":"post","link":"https:\/\/www.swisstabletennis.ch\/fr\/assemblee-des-delegues-automne-2016\/","title":{"rendered":"Assembl\u00e9e des d\u00e9l\u00e9gu\u00e9s automne 2016"},"content":{"rendered":"<p><a href=\"https:\/\/www.swisstabletennis.ch\/wp-content\/uploads\/2016\/09\/20160924_152739.jpg\" target=\"_blank\" class=\"jcepopup\" data-mediabox-title=\"Herbst-DV 2016\" rel=\"noopener\"><img fetchpriority=\"high\" decoding=\"async\" class=\" alignleft size-full wp-image-8523\" src=\"https:\/\/www.swisstabletennis.ch\/wp-content\/uploads\/2016\/09\/20160924_152739.jpg\" alt=\"Herbst-Delegiertenversammlung 2016\" style=\"margin-right: 20px; margin-bottom: 10px; float: left;\" height=\"390\" width=\"520\" \/><\/a><\/p>\n<p><span class=\"titel\">Assembl&eacute;e des d&eacute;l&eacute;gu&eacute;s d&rsquo;automne 2016<\/span><\/p>\n<p class=\"latestnews bildunterschrift\"><strong class=\"untertitel\">Samedi, l&rsquo;assembl&eacute;e des d&eacute;l&eacute;gu&eacute;s d&rsquo;automne avait lieu &agrave; Ittigen.<\/strong><\/p>\n<p>&nbsp;<\/p>\n<p>Une bonne trentaine de d&eacute;l&eacute;gu&eacute;s participaient &agrave; l&rsquo;AD d&rsquo;automne. Apr&egrave;s presque trois heures de discussions anim&eacute;es, la journ&eacute;e se termina avec un ap&eacute;ro.<\/p>\n<p>&nbsp;<\/p>\n<p><!--more--><\/p>\n<p>&nbsp;<\/p>\n<p>Texte : Annina H&auml;usli \/ photo : Ramon Sprecher<\/p>\n<p>&nbsp;<\/p>\n<p>Malgr&eacute; un temps radieux, l&rsquo;AD d&rsquo;automne de cette ann&eacute;e attirait de nombreux participants &agrave; Ittigen. Voici l&rsquo;aper&ccedil;u des principaux r&eacute;sultats :<\/p>\n<p>&nbsp;<\/p>\n<p>Quatre propositions concernaient le projet R&eacute;forme des structures.<\/p>\n<p>La premi&egrave;re proposition souhaite r&eacute;viser le syst&egrave;me actuel avec deux AD. Trois alternatives au statu quo &eacute;taient au choix :<\/p>\n<ul>\n<li>Variante 1 : AD en automne, assembl&eacute;e technique (AT) au printemps.<\/li>\n<li>Variante 2 : AT en d&eacute;cembre, AD en mars.<\/li>\n<li>Variante 3 : D&eacute;but de l&rsquo;exercice en janvier, AT en mars, AD en septembre.<\/li>\n<\/ul>\n<p>Apr&egrave;s une discussion anim&eacute;e, la plupart des personnes pr&eacute;sentes s&rsquo;exprimaient contre le statu quo et pour un changement. Mais les trois variantes au choix ne donnaient pas enti&egrave;re satisfaction aux d&eacute;l&eacute;gu&eacute;s et ils demandaient l&rsquo;&eacute;laboration d&rsquo;une quatri&egrave;me variante. Avec celle-ci, l&rsquo;AD devrait se d&eacute;rouler sur tout un week-end. Avant l&rsquo;AD d&rsquo;automne, le DCC avait encore refus&eacute; cette variante pour des raisons de co&ucirc;ts. D&rsquo;ici l&rsquo;AD de printemps, il va d&eacute;sormais n&eacute;anmoins &eacute;laborer une proposition dans ce sens.<\/p>\n<p>&nbsp;<\/p>\n<p>La proposition de diviser l&rsquo;office central de STT en deux domaines (administration et sport) &eacute;tait rejet&eacute;e &agrave; l&rsquo;unanimit&eacute;, de m&ecirc;me qu&rsquo;un changement de la position de la ligue nationale au sein de Swiss Table Tennis. Le cahier des charges &eacute;labor&eacute; par la nouvelle commission Sport de loisirs &eacute;tait par contre adopt&eacute; &agrave; l&rsquo;unanimit&eacute;.<\/p>\n<p>&nbsp;<\/p>\n<p><strong>Forum des clubs avec ou sans amende ?<\/strong><\/p>\n<p>&nbsp;<\/p>\n<p>La mise en place d&rsquo;un forum des clubs suscitait &eacute;galement des discussions. Ce forum devrait avoir lieu pour la premi&egrave;re fois en &eacute;t&eacute; 2017 avec l&rsquo;objectif d&rsquo;am&eacute;liorer l&rsquo;&eacute;change d&rsquo;information entre les clubs et STT et de recruter ainsi plus de membres &agrave; long terme. L&rsquo;id&eacute;e d&rsquo;un forum des clubs s&eacute;duisait une majorit&eacute;, mais beaucoup n&rsquo;&eacute;taient pas d&rsquo;accord avec l&rsquo;amende qui serait inflig&eacute;e aux clubs qui ne participent pas au forum.<\/p>\n<p>&nbsp;<\/p>\n<p>La modification du r&egrave;glement de la CCG &eacute;tait &eacute;galement soumise &agrave; discussion et au vote. Deux propositions (l&rsquo;une du DCC et l&rsquo;autre de l&rsquo;OTTV) &eacute;taient oppos&eacute;es &agrave; la proposition de la CCG. Apr&egrave;s une discussion intense, l&rsquo;assembl&eacute;e adoptait la proposition de la CCG &agrave; l&rsquo;unanimit&eacute;. Celle-ci entrera en vigueur pour la saison 2017\/18. La commission de recours accueillait en outre un nouveau membre. Avec Semir Hermidas, la commission se compose d&eacute;sormais de quatre personnes.<\/p>\n<p>&nbsp;<\/p>\n<p>Pour clore l&rsquo;assembl&eacute;e, le pr&eacute;sident STT Nicolas Imhof donnait des informations sur le nouveau mode des qualifications pour les CE. Des matchs de groupe seront d&eacute;sormais organis&eacute;s. Les matchs &agrave; domicile de la Suisse se d&eacute;rouleront le 22 novembre et le 13 d&eacute;cembre &agrave; Macolin. Le premier match se d&eacute;roulera d&eacute;j&agrave; mardi, le 27 septembre. Les Messieurs affronteront l&rsquo;Allemagne &agrave; l&rsquo;ext&eacute;rieur tandis que les Dames joueront contre la Pologne.<\/p>\n<p>&nbsp;<\/p>\n<p>Imhof regretta en outre la d&eacute;mission du CTT Philip Morris (ANJTT).<\/p>\n<p>&nbsp;<\/p>\n","protected":false},"excerpt":{"rendered":"<p>Assembl&eacute;e des d&eacute;l&eacute;gu&eacute;s d&rsquo;automne 2016 Samedi, l&rsquo;assembl&eacute;e des d&eacute;l&eacute;gu&eacute;s d&rsquo;automne avait lieu &agrave; Ittigen. &nbsp; Une bonne trentaine de d&eacute;l&eacute;gu&eacute;s&hellip;<\/p>\n","protected":false},"author":8,"featured_media":8523,"comment_status":"","ping_status":"closed","sticky":false,"template":"","format":"standard","meta":{"_monsterinsights_skip_tracking":false,"_monsterinsights_sitenote_active":false,"_monsterinsights_sitenote_note":"","_monsterinsights_sitenote_category":0,"footnotes":""},"categories":[120],"tags":[],"class_list":["post-8526","post","type-post","status-publish","format-standard","has-post-thumbnail","hentry","category-stt-news-kategorie-fr"],"_links":{"self":[{"href":"https:\/\/www.swisstabletennis.ch\/fr\/wp-json\/wp\/v2\/posts\/8526","targetHints":{"allow":["GET"]}}],"collection":[{"href":"https:\/\/www.swisstabletennis.ch\/fr\/wp-json\/wp\/v2\/posts"}],"about":[{"href":"https:\/\/www.swisstabletennis.ch\/fr\/wp-json\/wp\/v2\/types\/post"}],"author":[{"embeddable":true,"href":"https:\/\/www.swisstabletennis.ch\/fr\/wp-json\/wp\/v2\/users\/8"}],"replies":[{"embeddable":true,"href":"https:\/\/www.swisstabletennis.ch\/fr\/wp-json\/wp\/v2\/comments?post=8526"}],"version-history":[{"count":0,"href":"https:\/\/www.swisstabletennis.ch\/fr\/wp-json\/wp\/v2\/posts\/8526\/revisions"}],"wp:featuredmedia":[{"embeddable":true,"href":"https:\/\/www.swisstabletennis.ch\/fr\/wp-json\/wp\/v2\/media\/8523"}],"wp:attachment":[{"href":"https:\/\/www.swisstabletennis.ch\/fr\/wp-json\/wp\/v2\/media?parent=8526"}],"wp:term":[{"taxonomy":"category","embeddable":true,"href":"https:\/\/www.swisstabletennis.ch\/fr\/wp-json\/wp\/v2\/categories?post=8526"},{"taxonomy":"post_tag","embeddable":true,"href":"https:\/\/www.swisstabletennis.ch\/fr\/wp-json\/wp\/v2\/tags?post=8526"}],"curies":[{"name":"wp","href":"https:\/\/api.w.org\/{rel}","templated":true}]}}