{"id":9156,"date":"2017-05-31T09:00:00","date_gmt":"2017-05-31T08:00:00","guid":{"rendered":"https:\/\/swisstabletennis.ch\/neu\/cm-dusseldorf-day-2\/"},"modified":"2017-05-31T09:00:00","modified_gmt":"2017-05-31T08:00:00","slug":"cm-dusseldorf-day-2","status":"publish","type":"post","link":"https:\/\/www.swisstabletennis.ch\/fr\/cm-dusseldorf-day-2\/","title":{"rendered":"CM D\u00fcsseldorf &#8211; Day 2"},"content":{"rendered":"<p><a href=\"https:\/\/www.swisstabletennis.ch\/wp-content\/uploads\/2017\/05\/WM_2017_suisse5_presse_8_von_14.jpg\" target=\"_blank\" rel=\"noopener noreferrer\" class=\"jcepopup noicon\" data-mediabox=\"1\"><img fetchpriority=\"high\" decoding=\"async\" class=\" alignleft size-full wp-image-9151\" src=\"https:\/\/www.swisstabletennis.ch\/wp-content\/uploads\/2017\/05\/WM_2017_suisse5_presse_8_von_14.jpg\" alt=\"WM 2017 suisse5 presse 8 von 14\" width=\"520\" height=\"374\" style=\"margin-right: 20px; margin-bottom: 10px; float: left;\" \/><\/a><span class=\"titel\">Rahel Aschwanden se qualifie pour la premi\u00e8re fois pour le tour principal<\/span><\/p>\n<p>&nbsp;<\/p>\n<p class=\"untertitel\">TLa deuxi\u00e8me journ\u00e9e des championnats du monde qui se d\u00e9roulent \u00e0 D\u00fcsseldorf fut \u00e0 nouveau pleine de r\u00e9ussite pour les pongistes suisses.<\/p>\n<p><!--more--><\/p>\n<p>&nbsp;<\/p>\n<p>Texte: Annina H\u00e4usli \/ Photo: Ren\u00e9 Zwald<\/p>\n<p>&nbsp;<\/p>\n<p>Rahel Aschwanden s\u2019est qualifi\u00e9e mardi pour la premi\u00e8re fois de sa carri\u00e8re pour le tour principal des championnats du monde. En revanche, les auspices ont \u00e9t\u00e9 moins favorables \u00e0 Lionel Lospech qui a \u00e9t\u00e9 \u00e9limin\u00e9 au second tour. Rachel Moret se retrouve parmi les 32 meilleures joueuses de ce championnat avec sa partenaire de double Alex Galic et fait son entr\u00e9e aujourd\u2019hui pour la premi\u00e8re fois en simple.<\/p>\n<p>&nbsp;<\/p>\n<p><strong>Lionel Weber: une victoire, deux d\u00e9faites<\/strong><\/p>\n<p>&nbsp;<\/p>\n<p>Lionel savait parfaitement ce qu\u2019il avait \u00e0 faire en simple: remporter le dernier tour \u00e9liminatoire par groupes contre le Croate Luka Fucec afin de se qualifier pour le second tour. Il a r\u00e9ussi son pari in extremis avec un score de 4 \u00e0 3. Au second tour, il s\u2019est retrouv\u00e9 face au Belge Florent Lambiet, un adversaire de taille qui finalement, s\u2019est malheureusement r\u00e9v\u00e9l\u00e9 \u00eatre trop coriace pour Lionel: \u00abLambiet a jou\u00e9 extr\u00eamement bien. Apr\u00e8s ma courte victoire contre Fucec, je n\u2019\u00e9tais plus vraiment au meilleur de mon jeu\u00bb, explique-t-il apr\u00e8s le match. Mais je suis quand m\u00eame satisfait. Il aurait \u00e9t\u00e9 difficile de faire mieux cette ann\u00e9e, c\u2019est le sort qui s\u2019acharne. \u00abLambiet a un niveau plus \u00e9lev\u00e9\u00bb.<\/p>\n<p>&nbsp;<\/p>\n<p>Pour Lionel, les championnats du monde sont donc d\u00e9j\u00e0 termin\u00e9s puisqu\u2019il a \u00e9galement \u00e9t\u00e9 \u00e9limin\u00e9 en double avec Gavin Rumgay, son partenaire.<\/p>\n<p>&nbsp;<\/p>\n<p>Le clich\u00e9 de Lionel pris lors de sa victoire contre Fucec est tr\u00e8s certainement LA photo de ces championnats du monde d\u2019un point de vue suisse.<\/p>\n<p>&nbsp;<\/p>\n<p>&nbsp;<\/p>\n<p><img decoding=\"async\" class=\" size-full wp-image-9153\" src=\"https:\/\/www.swisstabletennis.ch\/wp-content\/uploads\/2017\/05\/WM_2017_suisse4_press_11_von_19.jpg\" alt=\"WM 2017 suisse4 press 11 von 19\" width=\"520\" height=\"374\" style=\"margin-right: auto; margin-bottom: 10px; display: block; margin-left: auto;\" \/><\/p>\n<p>&nbsp;<\/p>\n<p>&nbsp;<\/p>\n<p><strong>Rahel Aschwanden: deux victoires, une d\u00e9faite<\/strong><\/p>\n<p>&nbsp;<\/p>\n<p>\u00abContre Wanling Zhang, j\u2019ai probablement montr\u00e9 un de mes meilleurs jeux\u00bb, se r\u00e9jouit Rahel apr\u00e8s sa victoire qui lui a permis de se qualifier pour le second tour o\u00f9 elle a rencontr\u00e9 la jeune Chilienne Daniela Ortega. Ce qui a rendu cette aventure encore plus extraordinaire, c\u2019est que Rahel a jou\u00e9 sur le court central (\u00abCentre Court\u00bb), \u00e0 la table 1. \u00abC\u2019\u00e9tait une sensation vraiment tr\u00e8s particuli\u00e8re\u00bb, explique Rahel. Mais \u00e0 la fin, elle \u00e9tait heureuse d\u2019avoir gagn\u00e9 contre Ortega. Il est maintenant temps d\u2019aller de l\u2019avant. Son adversaire dans le tableau principal est la 56\u00e8me mondiale Tetyana Bilenko. \u00abContre elle, je ne veux rien perdre\u00bb, confie Rahel. Tetyana et Rahel se connaissent bien puisqu\u2019elles ont toutes les deux fr\u00e9quent\u00e9 la Werner Schlager Academy. \u00abJe me r\u00e9jouis de ce match, j\u2019esp\u00e8re qu\u2019il y aura beaucoup de longs \u00e9changes.\u00bb<\/p>\n<p>&nbsp;<\/p>\n<p>En double, elle s\u2019incline avec sa partenaire br\u00e9silienne Caroline Kumahara contre le duo japonais Hina Hayata et Mima Ito.<\/p>\n<p>&nbsp;<\/p>\n<p><strong>Rachel Moret: une victoire<\/strong><\/p>\n<p>&nbsp;<\/p>\n<p>Mardi, Rachel a disput\u00e9 un match de double dames avec sa partenaire Alex Galic. \u00abJe suis tr\u00e8s contente de notre double\u00bb, explique Rachel apr\u00e8s avoir battu la paire fran\u00e7aise de double Chasselin\/Loeuilette 4 \u00e0 0. L\u2019\u00e9tape suivante les am\u00e8ne \u00e0 se mesurer \u00e0 la paire ukrainienne\/bi\u00e9lorusse Bilenko\/Pavlovich qui ont sorti du tournoi les favorites en titre de fa\u00e7on spectaculaire, Georgina Pota et Mathilda Ekholm.<\/p>\n<p>&nbsp;<\/p>\n<p>En simple, Rachel a un tableau difficile. Elle rencontre mercredi la Singapourienne Yu Mengyu, l\u2019actuelle num\u00e9ro 15 mondiale. \u00abCela va \u00eatre compliqu\u00e9 de gagner le simple et le double\u00bb, explique Rachel. \u00abMais je vais donner le meilleur de moi-m\u00eame\u00bb, dit-elle avec combativit\u00e9.<\/p>\n<p>&nbsp;<\/p>\n<p>Sur <em><a href=\"https:\/\/www.facebook.com\/swisstabletennis\/\" target=\"_blank\" rel=\"noopener noreferrer\">Facebook<\/a><\/em>, vous trouverez des photos ainsi que les derniers r\u00e9sultats des Suisses aux CM \u00e0 D\u00fcsseldorf.<\/p>\n<p>&nbsp;<\/p>\n","protected":false},"excerpt":{"rendered":"<p>Rahel Aschwanden se qualifie pour la premi\u00e8re fois pour le tour principal &nbsp; TLa deuxi\u00e8me journ\u00e9e des championnats du monde&hellip;<\/p>\n","protected":false},"author":8,"featured_media":9151,"comment_status":"","ping_status":"closed","sticky":false,"template":"","format":"standard","meta":{"_monsterinsights_skip_tracking":false,"_monsterinsights_sitenote_active":false,"_monsterinsights_sitenote_note":"","_monsterinsights_sitenote_category":0,"footnotes":""},"categories":[118],"tags":[],"class_list":["post-9156","post","type-post","status-publish","format-standard","has-post-thumbnail","hentry","category-sport-d-elite"],"_links":{"self":[{"href":"https:\/\/www.swisstabletennis.ch\/fr\/wp-json\/wp\/v2\/posts\/9156","targetHints":{"allow":["GET"]}}],"collection":[{"href":"https:\/\/www.swisstabletennis.ch\/fr\/wp-json\/wp\/v2\/posts"}],"about":[{"href":"https:\/\/www.swisstabletennis.ch\/fr\/wp-json\/wp\/v2\/types\/post"}],"author":[{"embeddable":true,"href":"https:\/\/www.swisstabletennis.ch\/fr\/wp-json\/wp\/v2\/users\/8"}],"replies":[{"embeddable":true,"href":"https:\/\/www.swisstabletennis.ch\/fr\/wp-json\/wp\/v2\/comments?post=9156"}],"version-history":[{"count":0,"href":"https:\/\/www.swisstabletennis.ch\/fr\/wp-json\/wp\/v2\/posts\/9156\/revisions"}],"wp:featuredmedia":[{"embeddable":true,"href":"https:\/\/www.swisstabletennis.ch\/fr\/wp-json\/wp\/v2\/media\/9151"}],"wp:attachment":[{"href":"https:\/\/www.swisstabletennis.ch\/fr\/wp-json\/wp\/v2\/media?parent=9156"}],"wp:term":[{"taxonomy":"category","embeddable":true,"href":"https:\/\/www.swisstabletennis.ch\/fr\/wp-json\/wp\/v2\/categories?post=9156"},{"taxonomy":"post_tag","embeddable":true,"href":"https:\/\/www.swisstabletennis.ch\/fr\/wp-json\/wp\/v2\/tags?post=9156"}],"curies":[{"name":"wp","href":"https:\/\/api.w.org\/{rel}","templated":true}]}}