{"id":9278,"date":"2017-07-24T11:00:00","date_gmt":"2017-07-24T10:00:00","guid":{"rendered":"https:\/\/swisstabletennis.ch\/neu\/le-top-16-europeen-a-montreux-de-2018-a-2020\/"},"modified":"2017-07-24T11:00:00","modified_gmt":"2017-07-24T10:00:00","slug":"le-top-16-europeen-a-montreux-de-2018-a-2020","status":"publish","type":"post","link":"https:\/\/www.swisstabletennis.ch\/fr\/le-top-16-europeen-a-montreux-de-2018-a-2020\/","title":{"rendered":"Le Top 16 Europ\u00e9en \u00e0 Montreux de 2018 \u00e0 2020"},"content":{"rendered":"<p class=\"titel\"><a href=\"https:\/\/www.swisstabletennis.ch\/wp-content\/uploads\/2017\/07\/Nicolas_Imhof_Europe_Top_16.jpg\" class=\"jcepopup noicon\" data-mediabox=\"1\" data-mediabox-title=\"Poign\u00e9e de main entre Nicolas Imhof et le directeur de TIBHAR, Roland Berg\"><img fetchpriority=\"high\" decoding=\"async\" class=\" alignleft size-full wp-image-9273\" src=\"https:\/\/www.swisstabletennis.ch\/wp-content\/uploads\/2017\/07\/Nicolas_Imhof_Europe_Top_16.jpg\" alt=\"Nicolas Imhof Europe Top 16\" width=\"520\" height=\"389\" style=\"margin-right: 20px; margin-bottom: 10px; float: left;\" srcset=\"https:\/\/www.swisstabletennis.ch\/wp-content\/uploads\/2017\/07\/Nicolas_Imhof_Europe_Top_16.jpg 1384w, https:\/\/www.swisstabletennis.ch\/wp-content\/uploads\/2017\/07\/Nicolas_Imhof_Europe_Top_16-600x449.jpg 600w\" sizes=\"(max-width: 520px) 100vw, 520px\" \/><\/a><span class=\"titel\"> <\/span><\/p>\n<p class=\"titel\">Le Top 16 Europ\u00e9en \u00e0 Montreux de 2018 \u00e0 2020<\/p>\n<p class=\"untertitel\">Les 3 et 4 f\u00e9vrier, l\u2019\u00e9lite du tennis de table europ\u00e9en se rencontre pour ce rendez-vous sportif<\/p>\n<p><!--more--><\/p>\n<p><em>Texte et photos: Georg Silberschmidt<br \/><\/em><\/p>\n<p>&nbsp;<\/p>\n<p>A l\u2019\u00e9cart des 24 tables de comp\u00e9titions install\u00e9es \u00e0 l\u2019occasion des championnats d\u2019Europe jeunesses \u00e0 Guimar\u00e3es, le comit\u00e9 de l\u2019Union de tennis de table europ\u00e9en (ETTU) s\u2019est rassembl\u00e9 pour une r\u00e9union. Le chef du sport d\u2019\u00e9lite, Georg Silberschmidt, \u00e9tait pr\u00e9sent autour de la table pour une affaire tr\u00e8s sp\u00e9ciale. Candidat pour la r\u00e9alisation du Top 16 Europ\u00e9en, la comp\u00e9tition qui remplace le l\u00e9gendaire Top 12 Europ\u00e9en, STT devait effectivement faire une pr\u00e9sentation ainsi que donner un discours et des r\u00e9ponses au concept. Apr\u00e8s une longue discussion du comit\u00e9, STT obtient enfin l\u2019autorisation d\u2019organiser, de 2018 \u00e0 2020, le prestigieux tournoi qui r\u00e9unit les 15 meilleur(e)s joueuses et joueurs europ\u00e9en(nes)s (plus une wildcard pour un Suisse).<\/p>\n<p>&nbsp;<\/p>\n<p>Il est donc clair que le DHS Swiss Table Tennis Open de Lausanne, si populaire que ce soit chez les joueurs ou aupr\u00e8s du public, n\u2019aura malheureusement plus lieu pour le moment \u00e9tant donn\u00e9 que la r\u00e9alisation de deux si gros tournois \u00e0 proximit\u00e9 imm\u00e9diate, que ce soit temporel ou au niveau du lieu, n\u2019est pas envisageable pour STT. Montreux, le futur lieu de la comp\u00e9tition, ne manquera cependant pas d\u2019enthousiasmer tout le monde. Le tournoi, qui se joue sur deux jours avec un syst\u00e8me \u00e0 \u00e9limination directe, se d\u00e9roule \u00e0 la salle omnisports du Perrier, directement sur les rives du lac L\u00e9man. La salle offre de confortables places pour plus de 1&rsquo;200 spectateurs qui auront la chance d\u2019\u00eatre assis tr\u00e8s proches des tables.<\/p>\n<p><a href=\"https:\/\/www.swisstabletennis.ch\/wp-content\/uploads\/2017\/07\/Georg_Silberschmidt_Europe_Top_16.jpg\" class=\"jcepopup\" data-mediabox=\"1\" data-mediabox-title=\"Andreas B\u00f6hm, ici en compagnie de Georg Silberschmidt, se r\u00e9jouit du partenariat de longue date\"><img decoding=\"async\" class=\" alignright size-full wp-image-9275\" src=\"https:\/\/www.swisstabletennis.ch\/wp-content\/uploads\/2017\/07\/Georg_Silberschmidt_Europe_Top_16.jpg\" alt=\"Georg Silberschmidt Europe Top 16\" width=\"520\" height=\"389\" style=\"margin: 10px 20px; float: right;\" srcset=\"https:\/\/www.swisstabletennis.ch\/wp-content\/uploads\/2017\/07\/Georg_Silberschmidt_Europe_Top_16.jpg 1384w, https:\/\/www.swisstabletennis.ch\/wp-content\/uploads\/2017\/07\/Georg_Silberschmidt_Europe_Top_16-600x449.jpg 600w\" sizes=\"(max-width: 520px) 100vw, 520px\" \/><\/a><\/p>\n<p>Lors des championnats du Monde de tennis de table \u00e0 D\u00fcsseldorf d\u00e9but juin, Nicolas Imhof a d\u00e9j\u00e0 saisi l\u2019opportunit\u00e9 de discuter avec quelques sponsors. Avec le sponsor de longue date du DHS Swiss Table Tennis Open de Lausanne dont l\u2019entreprise familiale est situ\u00e9e \u00e0 Bulle (FR), LIEBHERR, entreprise internationale avec un chiffre d\u2019affaires de 9 milliards, une lettre d\u2019intention en tant que sponsor d&rsquo;or a \u00e9t\u00e9 sign\u00e9e. DHS, l\u2019entreprise de tennis de table de Shanghai, reste \u00e9galement fid\u00e8le et sera le nouveau sponsor des balles. Un nouveau sponsor, TIBHAR, entreprise situ\u00e9e \u00e0 Saarbr\u00fccken, a pu \u00eatre trouv\u00e9 et fournira les tables et les filets.<\/p>\n<p>&nbsp;<\/p>\n<p>Pour STT, aucune pause estivale n\u2019est pr\u00e9vue. En effet, il faut maintenant trouver rapidement un sponsor principal et d\u2019autres sponsors. Des n\u00e9gociations ont d\u00e9j\u00e0 \u00e9t\u00e9 lanc\u00e9es avec des entreprises potentielles. De plus, des cha\u00eenes de t\u00e9l\u00e9vision doivent \u00eatre trouv\u00e9es pour permettre une transmission afin d\u2019\u00e9galement assurer un succ\u00e8s m\u00e9diatique lors de la comp\u00e9tition. Si l\u2019organisation du Top 16 est quasiment acquise, elle ne sera d\u00e9finitivement officielle que lorsque les derniers sponsors susceptibles d\u2019\u00e9quilibrer le budget auront \u00e9t\u00e9 trouv\u00e9s. Et c\u2019est \u00e0 ce moment-l\u00e0 que le projet sera soumis au Comit\u00e9 central (au mois de septembre) pour d\u00e9cision finale.<\/p>\n<p>&nbsp;<\/p>\n<p>Pour les fans suisses de tennis de table, il convient d\u00e9j\u00e0 maintenant de noter dans le calendrier<strong> le week-end du 3 et 4 f\u00e9vrier 2018<\/strong> afin de voir jouer \u00e0 Montreux le haut niveau de tennis de table&nbsp;europ\u00e9en&nbsp;!<\/p>\n<p>&nbsp;<\/p>\n<p>&nbsp;<\/p>\n<p>&nbsp;<\/p>\n<p>&nbsp;<\/p>\n","protected":false},"excerpt":{"rendered":"<p>Le Top 16 Europ\u00e9en \u00e0 Montreux de 2018 \u00e0 2020 Les 3 et 4 f\u00e9vrier, l\u2019\u00e9lite du tennis de table&hellip;<\/p>\n","protected":false},"author":8,"featured_media":9273,"comment_status":"","ping_status":"closed","sticky":false,"template":"","format":"standard","meta":{"_monsterinsights_skip_tracking":false,"_monsterinsights_sitenote_active":false,"_monsterinsights_sitenote_note":"","_monsterinsights_sitenote_category":0,"footnotes":""},"categories":[118],"tags":[],"class_list":["post-9278","post","type-post","status-publish","format-standard","has-post-thumbnail","hentry","category-sport-d-elite"],"_links":{"self":[{"href":"https:\/\/www.swisstabletennis.ch\/fr\/wp-json\/wp\/v2\/posts\/9278","targetHints":{"allow":["GET"]}}],"collection":[{"href":"https:\/\/www.swisstabletennis.ch\/fr\/wp-json\/wp\/v2\/posts"}],"about":[{"href":"https:\/\/www.swisstabletennis.ch\/fr\/wp-json\/wp\/v2\/types\/post"}],"author":[{"embeddable":true,"href":"https:\/\/www.swisstabletennis.ch\/fr\/wp-json\/wp\/v2\/users\/8"}],"replies":[{"embeddable":true,"href":"https:\/\/www.swisstabletennis.ch\/fr\/wp-json\/wp\/v2\/comments?post=9278"}],"version-history":[{"count":0,"href":"https:\/\/www.swisstabletennis.ch\/fr\/wp-json\/wp\/v2\/posts\/9278\/revisions"}],"wp:featuredmedia":[{"embeddable":true,"href":"https:\/\/www.swisstabletennis.ch\/fr\/wp-json\/wp\/v2\/media\/9273"}],"wp:attachment":[{"href":"https:\/\/www.swisstabletennis.ch\/fr\/wp-json\/wp\/v2\/media?parent=9278"}],"wp:term":[{"taxonomy":"category","embeddable":true,"href":"https:\/\/www.swisstabletennis.ch\/fr\/wp-json\/wp\/v2\/categories?post=9278"},{"taxonomy":"post_tag","embeddable":true,"href":"https:\/\/www.swisstabletennis.ch\/fr\/wp-json\/wp\/v2\/tags?post=9278"}],"curies":[{"name":"wp","href":"https:\/\/api.w.org\/{rel}","templated":true}]}}