{"id":9282,"date":"2017-07-25T11:00:00","date_gmt":"2017-07-25T10:00:00","guid":{"rendered":"https:\/\/swisstabletennis.ch\/neu\/bilanz-jugend-em-in-portugal-2\/"},"modified":"2017-07-25T11:00:00","modified_gmt":"2017-07-25T10:00:00","slug":"bilanz-jugend-em-in-portugal-2","status":"publish","type":"post","link":"https:\/\/www.swisstabletennis.ch\/fr\/bilanz-jugend-em-in-portugal-2\/","title":{"rendered":"Bilanz Jugend-EM in Portugal"},"content":{"rendered":"<p class=\"titel\"><a href=\"https:\/\/www.swisstabletennis.ch\/wp-content\/uploads\/2017\/07\/20116915_1491349387591701_7013632504118751576_o.jpg\" class=\"jcepopup noicon\" data-mediabox=\"1\" data-mediabox-title=\"Die Schweizer Jugend-Nationalmannschaft\"><img fetchpriority=\"high\" decoding=\"async\" class=\" alignleft size-full wp-image-9279\" src=\"https:\/\/www.swisstabletennis.ch\/wp-content\/uploads\/2017\/07\/20116915_1491349387591701_7013632504118751576_o.jpg\" alt=\"20116915 1491349387591701 7013632504118751576 o\" width=\"520\" height=\"390\" style=\"margin-right: 20px; margin-bottom: 10px; float: left;\" srcset=\"https:\/\/www.swisstabletennis.ch\/wp-content\/uploads\/2017\/07\/20116915_1491349387591701_7013632504118751576_o.jpg 1600w, https:\/\/www.swisstabletennis.ch\/wp-content\/uploads\/2017\/07\/20116915_1491349387591701_7013632504118751576_o-600x450.jpg 600w\" sizes=\"(max-width: 520px) 100vw, 520px\" \/><\/a><span class=\"titel\"> <\/span><\/p>\n<p class=\"titel\"><strong>\u00abNous pouvons \u00eatre tr\u00e8s contents des r\u00e9sultats obtenus lors des CEJ\u00bb<\/strong><\/p>\n<p><span class=\"untertitel\">Les CEJ sont termin\u00e9s \u2013 les entra\u00eeneurs tirent dans l\u2019ensemble un bilan positif et envisagent l\u2019avenir avec confiance.<\/span><\/p>\n<p>&nbsp;<\/p>\n<p>Elias Hardmeier est parvenu \u00e0 atteindre les seizi\u00e8mes de finale dans la cat\u00e9gorie U15 gar\u00e7ons. Au total, cinq suisses se sont qualifi\u00e9s pour le deuxi\u00e8me tour principal en simple.<\/p>\n<p>&nbsp;<\/p>\n<p><!--more--><\/p>\n<p><em>Texte: Annina H\u00e4usli, Photos: Samir Mulabdic<\/em><\/p>\n<p>&nbsp;<\/p>\n<p>Les CEJ 2017 appartiennent d\u00e9j\u00e0 au pass\u00e9. Pour la Suisse, le moment fort de ces CE jeunesses \u00e0 Guimar\u00e3es est sans aucun doute la promotion de l\u2019\u00e9quipe U15 gar\u00e7ons en premi\u00e8re division. \u201eJe suis tr\u00e8s content avec les r\u00e9sultats de mon \u00e9quipe\u201c, dit aussi Yannick Charmot, chef des cadres B. Les \u00e9quipes U18 filles et gar\u00e7ons ont \u00e9galement fait, dans l\u2019ensemble, d\u2019excellents CE en terminant \u00e0 la 20\u00e8me place pour les gar\u00e7ons et \u00e0 la 27\u00e8me place pour les filles.<\/p>\n<p>&nbsp;<\/p>\n<p>La comp\u00e9tition a directement continu\u00e9 avec les simples et doubles \u2013 une charge pour les jeunes joueurs? \u201eApr\u00e8s la comp\u00e9tition par \u00e9quipes, la fatigue a augment\u00e9\u201c, admet Samir Mulabdic. La pr\u00e9sence permanente dans la salle du matin au soir n\u2019a \u00e9galement pas aid\u00e9 les joueurs. Pourtant, la rel\u00e8ve a \u00e9t\u00e9 pr\u00e9par\u00e9e pour cela en cons\u00e9quence. Cela semble avoir pay\u00e9: \u201eJe constate une am\u00e9lioration de l\u2019endurance et de la constance chez nos joueurs en comparaison avec les ann\u00e9es pr\u00e9c\u00e9dentes\u201c dit Yannick Charmot \u00e0 propos du d\u00e9roulement de la longue comp\u00e9tition. \u201eIls sont physiquement plus en forme\u201c approuve \u00e9galement Mulabdic.<\/p>\n<p>&nbsp;<\/p>\n<p><strong>Encore beaucoup de potentiel disponible<\/strong><\/p>\n<p>&nbsp;<\/p>\n<p>\u00abToutes les \u00e9quipes ont donn\u00e9 le meilleur d\u2019eux-m\u00eames, ont battu des \u00e9quipes mieux class\u00e9es et les joueurs ont pu f\u00eater personnellement des succ\u00e8s\u201c, se r\u00e9jouit Samir Mulabdic \u00e0 propos des bons r\u00e9sultats de la d\u00e9l\u00e9gation suisse. A souligner tout particuli\u00e8rement le succ\u00e8s d\u2019Elias Hardmeier. Le joueur U15 a atteint les seizi\u00e8mes de finale dans sa cat\u00e9gorie d\u2019\u00e2ge o\u00f9 il s\u2019est inclin\u00e9, apr\u00e8s un combat acharn\u00e9, contre le futur vainqueur de la comp\u00e9tition, Vladimir Sidorenko \u00e9voluant pour la Russie. En double \u00e9galement, Hardmeier associ\u00e9 \u00e0 Barish Moullet, atteint les seizi\u00e8mes de finale. Mauro Sch\u00e4rrer est aussi arriv\u00e9 en seizi\u00e8mes de finale en double avec son partenaire slov\u00e8ne Aljaz Godec.<\/p>\n<p>&nbsp;<\/p>\n<p>Pourtant, cela n\u2019est pas encore suffisant pour les entra\u00eeneurs de la rel\u00e8ve de STT. \u201eEn comparaison avec les autres nations, il y a encore beaucoup de potentiels vers le haut\u201c dit Pavel Rehorek concernant la concurrence des filles. L\u2019entra\u00eeneur des cadres des filles U18 veut am\u00e9liorer, durant la saison \u00e0 venir, le jeu de ses joueuses contre des joueuses avec mat\u00e9riel. \u201eChez les filles sur le plan international, beaucoup de joueuses jouent avec des picots.\u201c L\u2019entra\u00eeneur national Mulabdic voit d\u2019un fa\u00e7on g\u00e9n\u00e9rale de grosses possibilit\u00e9s d\u2019am\u00e9liorations dans le domaine du mental : \u201eEn fin de compte, tous les autres domaines d\u00e9pendent des capacit\u00e9s mentales.\u201c Les joueurs doivent encore travailler davantage sur le d\u00e9veloppement technique. Les meilleurs joueurs de la rel\u00e8ve en Europe sont \u00e9galement tr\u00e8s actifs dans le jeu passif, les n\u00f4tres pas encore, continue Mulabdic. Il voit toutefois d\u00e9j\u00e0 des am\u00e9liorations, ce qui est de bon augure pour l\u2019avenir. \u201eLes joueurs ont fait de gros progr\u00e8s dans la structure du jeu. Les bases techniques sont \u00e0 un meilleur niveau qu\u2019il y a quelques ann\u00e9es.\u201c La construction de l\u2019\u00e9change est \u00e9galement en am\u00e9lioration et les joueurs font moins de fautes en service et remise.<\/p>\n<p>&nbsp;<\/p>\n<p>Samir Mulabdic dit ensuite : \u201eJ\u2019esp\u00e8re que nous, les entra\u00eeneurs, pourrons continuer \u00e0 motiver et pousser nos joueurs afin que nous puissions nous r\u00e9jouir d\u2019autres r\u00e9sultats positifs en comp\u00e9titions internationales.\u201c<\/p>\n<p>&nbsp;<\/p>\n<p>Tous les r\u00e9sultats des CE jeunesses sont <a href=\"http:\/\/www.ettu.org\/en\/events\/european-youth-championships\/draws--amp--results\/\">ici<\/a>.<\/p>\n<p>&nbsp;<\/p>\n<p>&nbsp;<\/p>\n","protected":false},"excerpt":{"rendered":"<p>\u00abNous pouvons \u00eatre tr\u00e8s contents des r\u00e9sultats obtenus lors des CEJ\u00bb Les CEJ sont termin\u00e9s \u2013 les entra\u00eeneurs tirent dans&hellip;<\/p>\n","protected":false},"author":8,"featured_media":9279,"comment_status":"","ping_status":"closed","sticky":false,"template":"","format":"standard","meta":{"_monsterinsights_skip_tracking":false,"_monsterinsights_sitenote_active":false,"_monsterinsights_sitenote_note":"","_monsterinsights_sitenote_category":0,"footnotes":""},"categories":[118],"tags":[],"class_list":["post-9282","post","type-post","status-publish","format-standard","has-post-thumbnail","hentry","category-sport-d-elite"],"_links":{"self":[{"href":"https:\/\/www.swisstabletennis.ch\/fr\/wp-json\/wp\/v2\/posts\/9282","targetHints":{"allow":["GET"]}}],"collection":[{"href":"https:\/\/www.swisstabletennis.ch\/fr\/wp-json\/wp\/v2\/posts"}],"about":[{"href":"https:\/\/www.swisstabletennis.ch\/fr\/wp-json\/wp\/v2\/types\/post"}],"author":[{"embeddable":true,"href":"https:\/\/www.swisstabletennis.ch\/fr\/wp-json\/wp\/v2\/users\/8"}],"replies":[{"embeddable":true,"href":"https:\/\/www.swisstabletennis.ch\/fr\/wp-json\/wp\/v2\/comments?post=9282"}],"version-history":[{"count":0,"href":"https:\/\/www.swisstabletennis.ch\/fr\/wp-json\/wp\/v2\/posts\/9282\/revisions"}],"wp:featuredmedia":[{"embeddable":true,"href":"https:\/\/www.swisstabletennis.ch\/fr\/wp-json\/wp\/v2\/media\/9279"}],"wp:attachment":[{"href":"https:\/\/www.swisstabletennis.ch\/fr\/wp-json\/wp\/v2\/media?parent=9282"}],"wp:term":[{"taxonomy":"category","embeddable":true,"href":"https:\/\/www.swisstabletennis.ch\/fr\/wp-json\/wp\/v2\/categories?post=9282"},{"taxonomy":"post_tag","embeddable":true,"href":"https:\/\/www.swisstabletennis.ch\/fr\/wp-json\/wp\/v2\/tags?post=9282"}],"curies":[{"name":"wp","href":"https:\/\/api.w.org\/{rel}","templated":true}]}}