{"id":9427,"date":"2017-09-27T09:00:00","date_gmt":"2017-09-27T08:00:00","guid":{"rendered":"https:\/\/swisstabletennis.ch\/neu\/assemblee-des-delegues-d-automne-2017\/"},"modified":"2017-09-27T09:00:00","modified_gmt":"2017-09-27T08:00:00","slug":"assemblee-des-delegues-d-automne-2017","status":"publish","type":"post","link":"https:\/\/www.swisstabletennis.ch\/fr\/assemblee-des-delegues-d-automne-2017\/","title":{"rendered":"Assembl\u00e9e des d\u00e9l\u00e9gu\u00e9s d\u2019automne 2017"},"content":{"rendered":"<p class=\"titel\"><strong><figure id=\"attachment_9424\" aria-describedby=\"caption-attachment-9424\" style=\"width: 520px\" class=\"wp-caption alignleft\"><a href=\"https:\/\/www.swisstabletennis.ch\/wp-content\/uploads\/2017\/09\/IMG-20170923-WA0011.jpg\" class=\"jcepopup noicon\" data-mediabox=\"1\" data-mediabox-title=\"Herbst-DV 2017\" data-mediabox-caption=\"Sonja Wicki wird f\u00fcr ihre Arbeit in der Sportkommission mit der Funktion\u00e4rs-Ehrennadel geehrt.\"><img fetchpriority=\"high\" decoding=\"async\" class=\" alignleft size-full wp-image-9424\" src=\"https:\/\/www.swisstabletennis.ch\/wp-content\/uploads\/2017\/09\/IMG-20170923-WA0011.jpg\" alt=\"IMG 20170923 WA0011\" width=\"520\" height=\"390\" style=\"margin-right: 20px; margin-bottom: 10px; float: left;\" srcset=\"https:\/\/www.swisstabletennis.ch\/wp-content\/uploads\/2017\/09\/IMG-20170923-WA0011.jpg 1600w, https:\/\/www.swisstabletennis.ch\/wp-content\/uploads\/2017\/09\/IMG-20170923-WA0011-600x450.jpg 600w\" sizes=\"(max-width: 520px) 100vw, 520px\" \/><\/a><figcaption id=\"caption-attachment-9424\" class=\"wp-caption-text\">Herbst-DV 2017<\/figcaption><\/figure><\/strong>Assembl\u00e9e des d\u00e9l\u00e9gu\u00e9s d\u2019automne 2017<\/p>\n<p><span class=\"untertitel\">Le 23 septembre, l\u2019AD d\u2019automne avait lieu \u00e0 Ittigen. Ci-dessous, vous trouverez les points essentiels sous forme d\u2019un r\u00e9sum\u00e9.<\/span><\/p>\n<p>&nbsp;<\/p>\n<p><!--more--><\/p>\n<p>&nbsp;<\/p>\n<p>Texte : Annina H\u00e4usli \/ photos : Daniel Burren<\/p>\n<p>&nbsp;<\/p>\n<p>L\u2019AD d\u2019automne de cette ann\u00e9e \u00e9tait plac\u00e9e sous le signe des \u00e9lections. L\u2019assembl\u00e9e r\u00e9\u00e9lut ainsi \u00e0 l\u2019unanimit\u00e9 et sous de chaleureux applaudissements le pr\u00e9sident Nicolas Imhof pour les deux prochaines ann\u00e9es ce qui r\u00e9jouissait ce dernier visiblement. Auparavant, il avait pr\u00e9sent\u00e9 une r\u00e9trospective succincte de ces deux derni\u00e8res ann\u00e9es en pr\u00e9cisant les objectifs atteints et ceux qu\u2019il s\u2019\u00e9tait fix\u00e9s \u00e0 lui-m\u00eame et \u00e0 STT. Selon Imhof, les grandes priorit\u00e9s sont le soutien des clubs en mati\u00e8re de d\u00e9veloppement du sport de loisirs et le d\u00e9veloppement des moyens financiers de STT. Nicolas Imhof lan\u00e7ait aussi un appel aux comit\u00e9s des associations r\u00e9gionales en les invitant \u00e0 une collaboration engag\u00e9e.<\/p>\n<p>&nbsp;<\/p>\n<p>Les membres du DCC \u00e9taient \u00e9galement confirm\u00e9s dans leur fonction actuelle. Georg Silberschmidt (Sport d\u2019\u00e9lite), Ramon Sprecher (Finances), Robin Moret (M&amp;C) et Johann Sellem (Sport de loisirs) \u00e9taient ainsi r\u00e9\u00e9lus. Moret qui effectue actuellement un semestre \u00e0 l\u2019\u00e9tranger ne touchera \u2013 sur sa propre proposition \u2013 ni de r\u00e9mun\u00e9ration ni de frais durant son absence. D\u00e9but 2018, on verra s\u2019il rejoint le DCC comme membre \u00e0 part enti\u00e8re ou si, au contraire, il quitte le DCC.<\/p>\n<p>&nbsp;<\/p>\n<p>Les membres de la commission de contr\u00f4le de gestion (Indre Jain (pr\u00e9sident), Irene Sch\u00e4rrer et Thomas B\u00f6rlin (membres)) \u00e9taient confirm\u00e9s \u00e0 l\u2019unanimit\u00e9 dans leur fonction. Semir Hermidas \u00e9tait \u00e9lu comme nouveau pr\u00e9sident de la commission de recours puisque le pr\u00e9sident actuel, Christoph Strasser, avait d\u00e9missionn\u00e9 de la commission. Les autres membres de la commission Daniel Luder et Reto Scarpatetti \u00e9taient r\u00e9\u00e9lus.<\/p>\n<p>&nbsp;<\/p>\n<p>Les comptes de la saison 2016\/17 bouclant avec un b\u00e9n\u00e9fice de CHF 5&rsquo;171.52 \u00e9taient approuv\u00e9s. Le recul du nombre de licences pr\u00e9occupait particuli\u00e8rement la f\u00e9d\u00e9ration; compte tenu de la r\u00e9duction des recettes r\u00e9alis\u00e9es avec les licences, il fallait \u00e9conomiser environ 20\u2018000 CHF au niveau des d\u00e9penses.<\/p>\n<p>&nbsp;<\/p>\n<p><strong>Distinction pour Sonja Wicki<\/strong><\/p>\n<p>&nbsp;<\/p>\n<p>L\u2019insigne du m\u00e9rite Fonctionnaires \u00e9tait remis \u00e0 Sonja Wicki pour son travail d\u00e9vou\u00e9 et de longue date au sein de la commission du sport. Cet insigne lui \u00e9tait remis par le Chef Sport d\u2019\u00e9lite Georg Silberschmidt qui la remerciait au nom de STT en lui pr\u00e9sentant les meilleurs v\u0153ux pour l\u2019avenir et en pr\u00e9cisant qu\u2019il esp\u00e8re que le tennis de table pourra encore longtemps compter sur elle comme entra\u00eeneuse.<\/p>\n<p>&nbsp;<\/p>\n<p><strong>Forum des clubs et Europe Top 16 Cup&nbsp; <\/strong><\/p>\n<p>&nbsp;<\/p>\n<p>Pour terminer, Nicolas Imhof donnait des informations sur le premier Forum des clubs qui se d\u00e9roulera donc pour la premi\u00e8re fois le 3 f\u00e9vrier 2018 \u00e0 Montreux (\u00e0 l\u2019occasion de l\u2019Europe Top16 Cup). Tous les clubs seront invit\u00e9s \u00e0 y participer. Il donnait aussi des informations sur l\u2019Europe Top 16 Cup que Swiss Table Tennis aura l\u2019honneur d\u2019organiser ces 3 prochaines ann\u00e9es et qui aura lieu les 3 et 4 f\u00e9vrier 2018 \u00e0 Montreux. Sur notre site internet, vous trouverez prochainement des informations plus d\u00e9taill\u00e9es sur le Forum des clubs et sur l\u2019Europe Top 16 Cup ! Les participants au Forum des clubs peuvent d\u2019ores et d\u00e9j\u00e0 se r\u00e9jouir d\u2019une entr\u00e9e gratuite \u00e0 l\u2019Europe Top 16 Cup qui leur sera offerte pour samedi.<\/p>\n<p>&nbsp;<\/p>\n","protected":false},"excerpt":{"rendered":"<p>Assembl\u00e9e des d\u00e9l\u00e9gu\u00e9s d\u2019automne 2017 Le 23 septembre, l\u2019AD d\u2019automne avait lieu \u00e0 Ittigen. Ci-dessous, vous trouverez les points essentiels&hellip;<\/p>\n","protected":false},"author":8,"featured_media":9424,"comment_status":"","ping_status":"closed","sticky":false,"template":"","format":"standard","meta":{"_monsterinsights_skip_tracking":false,"_monsterinsights_sitenote_active":false,"_monsterinsights_sitenote_note":"","_monsterinsights_sitenote_category":0,"footnotes":""},"categories":[120],"tags":[],"class_list":["post-9427","post","type-post","status-publish","format-standard","has-post-thumbnail","hentry","category-stt-news-kategorie-fr"],"_links":{"self":[{"href":"https:\/\/www.swisstabletennis.ch\/fr\/wp-json\/wp\/v2\/posts\/9427","targetHints":{"allow":["GET"]}}],"collection":[{"href":"https:\/\/www.swisstabletennis.ch\/fr\/wp-json\/wp\/v2\/posts"}],"about":[{"href":"https:\/\/www.swisstabletennis.ch\/fr\/wp-json\/wp\/v2\/types\/post"}],"author":[{"embeddable":true,"href":"https:\/\/www.swisstabletennis.ch\/fr\/wp-json\/wp\/v2\/users\/8"}],"replies":[{"embeddable":true,"href":"https:\/\/www.swisstabletennis.ch\/fr\/wp-json\/wp\/v2\/comments?post=9427"}],"version-history":[{"count":0,"href":"https:\/\/www.swisstabletennis.ch\/fr\/wp-json\/wp\/v2\/posts\/9427\/revisions"}],"wp:featuredmedia":[{"embeddable":true,"href":"https:\/\/www.swisstabletennis.ch\/fr\/wp-json\/wp\/v2\/media\/9424"}],"wp:attachment":[{"href":"https:\/\/www.swisstabletennis.ch\/fr\/wp-json\/wp\/v2\/media?parent=9427"}],"wp:term":[{"taxonomy":"category","embeddable":true,"href":"https:\/\/www.swisstabletennis.ch\/fr\/wp-json\/wp\/v2\/categories?post=9427"},{"taxonomy":"post_tag","embeddable":true,"href":"https:\/\/www.swisstabletennis.ch\/fr\/wp-json\/wp\/v2\/tags?post=9427"}],"curies":[{"name":"wp","href":"https:\/\/api.w.org\/{rel}","templated":true}]}}