{"id":9440,"date":"2017-10-02T14:00:00","date_gmt":"2017-10-02T13:00:00","guid":{"rendered":"https:\/\/swisstabletennis.ch\/neu\/ettu-women-cup-2017-2\/"},"modified":"2017-10-02T14:00:00","modified_gmt":"2017-10-02T13:00:00","slug":"ettu-women-cup-2017-2","status":"publish","type":"post","link":"https:\/\/www.swisstabletennis.ch\/fr\/ettu-women-cup-2017-2\/","title":{"rendered":"ETTU Women Cup 2017"},"content":{"rendered":"<p class=\"titel\"><strong><a href=\"https:\/\/www.swisstabletennis.ch\/wp-content\/uploads\/2017\/10\/Team-Foto.jpg\" class=\"jcepopup noicon\" data-mediabox=\"1\" data-mediabox-title=\"Rapid Luzern\"><img fetchpriority=\"high\" decoding=\"async\" class=\" alignleft size-full wp-image-9431\" src=\"https:\/\/www.swisstabletennis.ch\/wp-content\/uploads\/2017\/10\/Team-Foto.jpg\" alt=\"Team Foto\" width=\"520\" height=\"387\" style=\"margin-right: 20px; margin-bottom: 10px; float: left;\" \/><\/a><\/strong>\u00abFormidables matchs de haut niveau\u00bb<\/p>\n<p class=\"untertitel\">Romana F\u00f6rstel, Niki Gallerachova et Weronika Walna du TTC Rapid Lucerne ont pris part, le week-end dernier au Luxembourg, \u00e0 la phase de groupe de l\u2019ETTU Women Cup. Malgr\u00e9 une bonne performance, elles ont manqu\u00e9 de cr\u00e9er la surprise et ont termin\u00e9 le groupe \u00e0 la cinqui\u00e8me place<em>.<\/em><\/p>\n<p><!--more--><\/p>\n<p>&nbsp;<\/p>\n<p>Texte: aha \/ Photos: TTC Rapid Lucerne<\/p>\n<p>&nbsp;<\/p>\n<p>Dans le groupe B, au Luxembourg, les dames de Rapid Lucerne ont \u00e9t\u00e9 oppos\u00e9es \u00e0 des adversaires difficiles venant de Norv\u00e8ge, Hollande, Ukraine et Luxembourg. \u201eL\u2019ambiance \u00e9tait en permanence g\u00e9niale\u201c, rapporte Karin Opprecht apr\u00e8s le retour du Luxembourg.<\/p>\n<p>&nbsp;<\/p>\n<p>Contre la Hollande, les joueuses de Rapid ont pu, apr\u00e8s un d\u00e9part manqu\u00e9, revenir \u00e0 2:2 pour ensuite devoir finalement s\u2019incliner sur le score de 3:2 apr\u00e8s plus de 3 heures de jeu. \u201eC\u2019\u00e9tait vraiment dommage, avec un peu plus de chance, cela aurait \u00e9t\u00e9 davantage possible\u201c constate Opprecht.&nbsp;<\/p>\n<p>&nbsp;<\/p>\n<p><strong>Temps pour du tourisme<\/strong><\/p>\n<p>&nbsp;<\/p>\n<p>&nbsp;<\/p>\n<p><a href=\"https:\/\/www.swisstabletennis.ch\/wp-content\/uploads\/2017\/10\/Romana_Foerstel.jpg\" class=\"jcepopup noicon\" data-mediabox=\"1\" data-mediabox-title=\"Romana F\u00f6rstel\"><img decoding=\"async\" class=\" size-full wp-image-9433\" src=\"https:\/\/www.swisstabletennis.ch\/wp-content\/uploads\/2017\/10\/Romana_Foerstel.jpg\" alt=\"Romana F\u00f6rstel\" width=\"520\" style=\"margin-right: auto; margin-bottom: 10px; display: block; margin-left: auto;\" srcset=\"https:\/\/www.swisstabletennis.ch\/wp-content\/uploads\/2017\/10\/Romana_Foerstel.jpg 2048w, https:\/\/www.swisstabletennis.ch\/wp-content\/uploads\/2017\/10\/Romana_Foerstel-600x400.jpg 600w\" sizes=\"(max-width: 2048px) 100vw, 2048px\" \/><\/a><\/p>\n<p>&nbsp;<\/p>\n<p>Contre les joueuses locales du Luxembourg, les lucernoises se sont uniquement empar\u00e9es d\u2019un set par match et se sont donc logiquement inclin\u00e9es 0:3. \u201eJuste avant la photo de groupe, les filles ont toutefois tourn\u00e9 la grille de score afin que le score soit de 3:0 pour Lucerne. Cela nous a valu les rires de la journ\u00e9e, \u00e9tant donn\u00e9 que personnes ne l\u2019a remarqu\u00e9 au d\u00e9but\u201c raconte Opprecht.<\/p>\n<p>&nbsp;<\/p>\n<p>Apr\u00e8s une petite excursion dans la vieille ville du Luxembourg, une victoire contre la jeune \u00e9quipe de Norv\u00e8ge dans le dernier match de la journ\u00e9e \u00e9tait n\u00e9cessaire. Cependant, contre la num\u00e9ro 1 norv\u00e9gienne, Rebecca Carlsen, Niki Gallerachova ne fit pas un bon d\u00e9part et perdit 3:0 dans le premier simple. Romana F\u00f6rstel voulait absolument ramener un point \u00e0 son \u00e9quipe mais s\u2019inclina malgr\u00e9 avoir quand m\u00eame fait de superbes \u00e9changes. Weronika Walna devait donc gagner contre la num\u00e9ro 1 ce qui cr\u00e9a du suspens dans la salle. Malheureusement, cette partie fut perdue de mani\u00e8re tr\u00e8s serr\u00e9e au set d\u00e9cisif ce qui signifiait une d\u00e9faite 1:3&nbsp; pour les dames de Lucerne.<\/p>\n<p>&nbsp;<\/p>\n<p><strong>Lucerne seulement \u00e0 trois<\/strong><\/p>\n<p>&nbsp;<\/p>\n<p>&nbsp;<\/p>\n<p><a href=\"https:\/\/www.swisstabletennis.ch\/wp-content\/uploads\/2017\/10\/Niki_Gallerachova.jpg\" class=\"jcepopup noicon\" data-mediabox=\"1\" data-mediabox-title=\"Niki Gallerachova\"><img decoding=\"async\" class=\" size-full wp-image-9435\" src=\"https:\/\/www.swisstabletennis.ch\/wp-content\/uploads\/2017\/10\/Niki_Gallerachova.jpg\" alt=\"Niki Gallerachova\" width=\"520\" style=\"margin-right: auto; margin-bottom: 10px; display: block; margin-left: auto;\" srcset=\"https:\/\/www.swisstabletennis.ch\/wp-content\/uploads\/2017\/10\/Niki_Gallerachova.jpg 2048w, https:\/\/www.swisstabletennis.ch\/wp-content\/uploads\/2017\/10\/Niki_Gallerachova-600x400.jpg 600w\" sizes=\"(max-width: 2048px) 100vw, 2048px\" \/><\/a><\/p>\n<p>&nbsp;<\/p>\n<p>Dans le dernier match du dimanche matin, les joueuses de Lucerne \u00e9taient oppos\u00e9es aux ukrainiennes, d\u00e9j\u00e0 assur\u00e9es d\u2019\u00eatre premi\u00e8re du groupe. Les dames de Rapid termin\u00e8rent certes \u00e0 la 5\u00e8me place du groupe mais elles purent jouer \u00e0 jeu \u00e9gal contre toutes les \u00e9quipes. \u201eNous sommes fi\u00e8res d\u2019y avoir pris part! Avec de la chance dans les moments importants, nous aurions pu faire mieux\u201c r\u00e9sume la pr\u00e9sidente de Rapid \u00e0 propos de l\u2019apparition remarqu\u00e9e de l\u2019\u00e9quipe dame. \u201eEn fin de compte, cela a \u00e9t\u00e9 de formidables matchs de haut niveau&nbsp;\u00bb.<\/p>\n<p>&nbsp;<\/p>\n<p>Rapid Lucerne a d\u00fb renoncer \u00e0 l\u2019excellente joueuse suisse Salom\u00e9 Simonet \u00e0 cause de probl\u00e8mes respiratoires dus \u00e0 un syndrome de Tietze aigu. Elle a d\u00fb rester en observation \u00e0 l\u2019h\u00f4pital. Ainsi, Lucerne a d\u00fb concourir avec trois joueuses et ainsi n\u2019avoir aucune possibilit\u00e9 de changements entre les matchs.<\/p>\n<p>&nbsp;<\/p>\n<p>&nbsp;<\/p>\n<p><a href=\"https:\/\/www.swisstabletennis.ch\/wp-content\/uploads\/2017\/10\/Weronika_Walna.jpg\" class=\"jcepopup noicon\" data-mediabox=\"1\" data-mediabox-title=\"Weronika Walna\"><img decoding=\"async\" class=\" size-full wp-image-9437\" src=\"https:\/\/www.swisstabletennis.ch\/wp-content\/uploads\/2017\/10\/Weronika_Walna.jpg\" alt=\"Weronika Walna\" width=\"520\" style=\"margin-right: auto; margin-bottom: 10px; display: block; margin-left: auto;\" srcset=\"https:\/\/www.swisstabletennis.ch\/wp-content\/uploads\/2017\/10\/Weronika_Walna.jpg 2048w, https:\/\/www.swisstabletennis.ch\/wp-content\/uploads\/2017\/10\/Weronika_Walna-600x400.jpg 600w\" sizes=\"(max-width: 2048px) 100vw, 2048px\" \/><\/a><\/p>\n<p>&nbsp;<\/p>\n<p>Tous les r\u00e9sultats: <a href=\"http:\/\/www.ettu.org\/en\/events\/ettu-cup-women\/results\/\" target=\"_blank\" rel=\"noopener noreferrer\">http:\/\/www.ettu.org\/en\/events\/ettu-cup-women\/results\/<\/a><\/p>\n<p>&nbsp;<\/p>\n<p>Rapid Lucerne &#8211; Dozy Den Helder Noordkop Holland&nbsp;&nbsp;&nbsp;&nbsp;&nbsp;&nbsp;&nbsp; 2:3<\/p>\n<p>Rapid Lucerne &#8211; Rode \/ SYRE Luxemburg&nbsp;&nbsp;&nbsp;&nbsp;&nbsp;&nbsp;&nbsp;&nbsp;&nbsp;&nbsp;&nbsp;&nbsp;&nbsp;&nbsp;&nbsp;&nbsp;&nbsp;&nbsp;&nbsp;&nbsp;&nbsp;&nbsp;&nbsp;&nbsp;&nbsp; 0:3<\/p>\n<p>Rapid Lucerne &#8211; B72 Norwegen&nbsp;&nbsp;&nbsp;&nbsp;&nbsp;&nbsp;&nbsp;&nbsp;&nbsp;&nbsp;&nbsp;&nbsp;&nbsp;&nbsp;&nbsp;&nbsp;&nbsp;&nbsp;&nbsp;&nbsp;&nbsp;&nbsp;&nbsp;&nbsp;&nbsp;&nbsp;&nbsp;&nbsp;&nbsp;&nbsp;&nbsp;&nbsp;&nbsp;&nbsp;&nbsp;&nbsp;&nbsp;&nbsp;&nbsp; 1:3<\/p>\n<p>Rapid Lucerne &#8211; Team Grace Ukraine&nbsp;&nbsp;&nbsp;&nbsp;&nbsp;&nbsp;&nbsp;&nbsp;&nbsp;&nbsp;&nbsp;&nbsp;&nbsp;&nbsp;&nbsp;&nbsp;&nbsp;&nbsp;&nbsp;&nbsp;&nbsp;&nbsp;&nbsp;&nbsp;&nbsp;&nbsp;&nbsp;&nbsp;&nbsp;&nbsp;&nbsp; 0:3<\/p>\n<p>&nbsp;<\/p>\n","protected":false},"excerpt":{"rendered":"<p>\u00abFormidables matchs de haut niveau\u00bb Romana F\u00f6rstel, Niki Gallerachova et Weronika Walna du TTC Rapid Lucerne ont pris part, le&hellip;<\/p>\n","protected":false},"author":8,"featured_media":9431,"comment_status":"","ping_status":"closed","sticky":false,"template":"","format":"standard","meta":{"_monsterinsights_skip_tracking":false,"_monsterinsights_sitenote_active":false,"_monsterinsights_sitenote_note":"","_monsterinsights_sitenote_category":0,"footnotes":""},"categories":[118],"tags":[],"class_list":["post-9440","post","type-post","status-publish","format-standard","has-post-thumbnail","hentry","category-sport-d-elite"],"_links":{"self":[{"href":"https:\/\/www.swisstabletennis.ch\/fr\/wp-json\/wp\/v2\/posts\/9440","targetHints":{"allow":["GET"]}}],"collection":[{"href":"https:\/\/www.swisstabletennis.ch\/fr\/wp-json\/wp\/v2\/posts"}],"about":[{"href":"https:\/\/www.swisstabletennis.ch\/fr\/wp-json\/wp\/v2\/types\/post"}],"author":[{"embeddable":true,"href":"https:\/\/www.swisstabletennis.ch\/fr\/wp-json\/wp\/v2\/users\/8"}],"replies":[{"embeddable":true,"href":"https:\/\/www.swisstabletennis.ch\/fr\/wp-json\/wp\/v2\/comments?post=9440"}],"version-history":[{"count":0,"href":"https:\/\/www.swisstabletennis.ch\/fr\/wp-json\/wp\/v2\/posts\/9440\/revisions"}],"wp:featuredmedia":[{"embeddable":true,"href":"https:\/\/www.swisstabletennis.ch\/fr\/wp-json\/wp\/v2\/media\/9431"}],"wp:attachment":[{"href":"https:\/\/www.swisstabletennis.ch\/fr\/wp-json\/wp\/v2\/media?parent=9440"}],"wp:term":[{"taxonomy":"category","embeddable":true,"href":"https:\/\/www.swisstabletennis.ch\/fr\/wp-json\/wp\/v2\/categories?post=9440"},{"taxonomy":"post_tag","embeddable":true,"href":"https:\/\/www.swisstabletennis.ch\/fr\/wp-json\/wp\/v2\/tags?post=9440"}],"curies":[{"name":"wp","href":"https:\/\/api.w.org\/{rel}","templated":true}]}}