{"id":9463,"date":"2017-10-11T14:00:00","date_gmt":"2017-10-11T13:00:00","guid":{"rendered":"https:\/\/swisstabletennis.ch\/neu\/ittf-europe-top-16-cup-premiers-details\/"},"modified":"2022-06-24T08:55:43","modified_gmt":"2022-06-24T07:55:43","slug":"ittf-europe-top-16-cup-premiers-details","status":"publish","type":"post","link":"https:\/\/www.swisstabletennis.ch\/fr\/ittf-europe-top-16-cup-premiers-details\/","title":{"rendered":"ITTF Europe Top 16 Cup &#8211; premiers d\u00e9tails"},"content":{"rendered":"<p class=\"titel\"><strong><a href=\"https:\/\/www.swisstabletennis.ch\/wp-content\/uploads\/2017\/10\/Halle_Montreux.jpg\" class=\"jcepopup noicon\" data-mediabox=\"1\" data-mediabox-title=\"In dieser Halle wird das ITTF Europe Top 16 stattfinden\"><img fetchpriority=\"high\" decoding=\"async\" class=\" alignleft size-full wp-image-9442\" src=\"https:\/\/www.swisstabletennis.ch\/wp-content\/uploads\/2017\/10\/Halle_Montreux.jpg\" alt=\"Halle Montreux\" width=\"520\" height=\"284\" style=\"margin-right: 20px; margin-bottom: 10px; float: left;\" \/><\/a><\/strong>Les premiers d\u00e9tails concernant l\u2019ITTF Europe Top 16 sont connus<\/p>\n<p><span class=\"untertitel\">STT se r\u00e9jouit d\u2019annoncer les premiers d\u00e9tails comme les horaires des matchs et le lieu de la manifestation.<br \/><\/span><\/p>\n<p>&nbsp;<\/p>\n<p><!--more--><\/p>\n<p>&nbsp;<\/p>\n<p>Texte: Annina H\u00e4usli \/ photo: Valentin Henin<\/p>\n<p>&nbsp;<\/p>\n<p>Doucement mais s\u00fbrement, la manifestation organis\u00e9e par Swiss Table Tennis au d\u00e9but du mois de f\u00e9vrier prochain \u00e0 Montreux se concr\u00e9tise. Comme d\u00e9j\u00e0 annonc\u00e9, \u00abl\u2019ITTF Europe Top 16 Cup\u00bb aura lieu les 3 et 4 f\u00e9vrier \u00e0 Montreux. <strong>La manifestation sera organis\u00e9e dans la \u00abSalle Omnisports du Pierrier\u00bb.<\/strong> La salle dont l\u2019ext\u00e9rieur est actuellement en restauration se trouve sur les rives du Lac L\u00e9man \u2013 si entre les matchs captivants, les spectateurs souhaitent donc prendre l\u2019air, ils peuvent le faire sans probl\u00e8me en se promenant au bord du lac.<\/p>\n<p>&nbsp;<\/p>\n<p>Durant le premier week-end du mois de f\u00e9vrier, tous les yeux des milieux du tennis de table international seront tourn\u00e9s vers les 15 meilleurs Europ\u00e9ens et les 15 meilleures Europ\u00e9ennes plus un Suisse et une Suissesse. Tout le tournoi sera disput\u00e9 selon le <strong>syst\u00e8me de l\u2019\u00e9limination directe<\/strong> \u2013 Une d\u00e9faite sera donc synonyme d\u2019\u00e9limination. <strong>Samedi, les matchs commenceront \u00e0 10 heures<\/strong>, le dernier match du premier jour devrait d\u00e9buter \u00e0 20h30. Pour les joueurs et les spectateurs, il y aura une pause de midi. Les matchs seront disput\u00e9s sur deux tables.<\/p>\n<p>&nbsp;<\/p>\n<p><strong>Les demi-finales auront lieu dimanche \u00e0 partir de 10 heures<\/strong>, mais on ne jouera alors plus que sur une seule table afin que les spectateurs puissent se concentrer pleinement sur les \u00e9v\u00e9nements \u00e0 la table. Les perdants des deux demi-finales disputeront la petite finale pour d\u00e9crocher la troisi\u00e8me place puisque les trois premiers de l\u2019ITTF Europe Top 16 Cup se qualifieront pour le World Cup. La derni\u00e8re finale se terminera probablement vers 17 heures.<\/p>\n<p>&nbsp;<\/p>\n<p>On ignore encore quels joueurs participeront exactement au tournoi. <strong>La date de r\u00e9f\u00e9rence est fix\u00e9e au 4 d\u00e9cembre<\/strong> \u2013 les 15 meilleurs Europ\u00e9ens et Europ\u00e9ennes seront alors qualifi\u00e9s selon le classement mondial. Le classement actuel donne toutefois d\u00e9j\u00e0 une id\u00e9e des joueurs qui se rendront selon toute vraisemblance \u00e0 Montreux. Les spectateurs peuvent donc se r\u00e9jouir d\u2019observer <strong>Dimitrji Ovtcharov, Timo Boll<\/strong>, Vladimir Samsonov, Simon Gauzy et Marcos Freitas. Chez les Dames, les vedettes seront probablement les Germano-Chinoises Ying Han et Xiaona Shan ainsi que les nouvelles Championnes d\u2019Europe par \u00e9quipes <strong>Samara Elizabeta et Daniela Monteiro Dodean<\/strong>.<\/p>\n<p>&nbsp;<\/p>\n<p>Les billets pour cet \u00e9v\u00e9nement extraordinaire seront bient\u00f4t en vente \u2013 d\u00e8s que la vente sera ouverte, STT donnera bien entendu des informations en utilisant tous les canaux de communication. Ceux qui ne pourront pas y assister personnellement pourront suivre les matchs en <strong>Live-streaming sur laola.tv<\/strong>.<\/p>\n<p>&nbsp;<\/p>\n<p>On est toujours \u00e0 la recherche de <a href=\"https:\/\/www.swisstabletennis.ch\/helfer-fuer-das-europe-top-16-gesucht\/\" target=\"_blank\" rel=\"noopener noreferrer\"><strong>b\u00e9n\u00e9voles <\/strong><\/a>qui contribueront au succ\u00e8s de l\u2019ITTF Europe Top 16. En contrepartie, un billet et la restauration leur seront offerts !<\/p>\n<p>&nbsp;<\/p>\n","protected":false},"excerpt":{"rendered":"<p>Les premiers d\u00e9tails concernant l\u2019ITTF Europe Top 16 sont connus STT se r\u00e9jouit d\u2019annoncer les premiers d\u00e9tails comme les horaires&hellip;<\/p>\n","protected":false},"author":8,"featured_media":9441,"comment_status":"closed","ping_status":"closed","sticky":false,"template":"","format":"standard","meta":{"_monsterinsights_skip_tracking":false,"_monsterinsights_sitenote_active":false,"_monsterinsights_sitenote_note":"","_monsterinsights_sitenote_category":0,"footnotes":""},"categories":[118],"tags":[],"class_list":["post-9463","post","type-post","status-publish","format-standard","has-post-thumbnail","hentry","category-sport-d-elite"],"_links":{"self":[{"href":"https:\/\/www.swisstabletennis.ch\/fr\/wp-json\/wp\/v2\/posts\/9463","targetHints":{"allow":["GET"]}}],"collection":[{"href":"https:\/\/www.swisstabletennis.ch\/fr\/wp-json\/wp\/v2\/posts"}],"about":[{"href":"https:\/\/www.swisstabletennis.ch\/fr\/wp-json\/wp\/v2\/types\/post"}],"author":[{"embeddable":true,"href":"https:\/\/www.swisstabletennis.ch\/fr\/wp-json\/wp\/v2\/users\/8"}],"replies":[{"embeddable":true,"href":"https:\/\/www.swisstabletennis.ch\/fr\/wp-json\/wp\/v2\/comments?post=9463"}],"version-history":[{"count":0,"href":"https:\/\/www.swisstabletennis.ch\/fr\/wp-json\/wp\/v2\/posts\/9463\/revisions"}],"wp:featuredmedia":[{"embeddable":true,"href":"https:\/\/www.swisstabletennis.ch\/fr\/wp-json\/wp\/v2\/media\/9441"}],"wp:attachment":[{"href":"https:\/\/www.swisstabletennis.ch\/fr\/wp-json\/wp\/v2\/media?parent=9463"}],"wp:term":[{"taxonomy":"category","embeddable":true,"href":"https:\/\/www.swisstabletennis.ch\/fr\/wp-json\/wp\/v2\/categories?post=9463"},{"taxonomy":"post_tag","embeddable":true,"href":"https:\/\/www.swisstabletennis.ch\/fr\/wp-json\/wp\/v2\/tags?post=9463"}],"curies":[{"name":"wp","href":"https:\/\/api.w.org\/{rel}","templated":true}]}}