{"id":9513,"date":"2017-10-25T14:00:00","date_gmt":"2017-10-25T13:00:00","guid":{"rendered":"https:\/\/swisstabletennis.ch\/neu\/nicolas-champod-se-retire-de-l-equipe-nationale\/"},"modified":"2017-10-25T14:00:00","modified_gmt":"2017-10-25T13:00:00","slug":"nicolas-champod-se-retire-de-l-equipe-nationale","status":"publish","type":"post","link":"https:\/\/www.swisstabletennis.ch\/fr\/nicolas-champod-se-retire-de-l-equipe-nationale\/","title":{"rendered":"Nicolas Champod se retire de l\u2019\u00e9quipe nationale"},"content":{"rendered":"<p class=\"titel\"><strong><a href=\"https:\/\/www.swisstabletennis.ch\/wp-content\/uploads\/2017\/10\/SM_2017_Samstag_internet_78_von_212.jpg\" class=\"jcepopup noicon\" data-mediabox=\"1\" data-mediabox-title=\"Nicolas Champod hat seinen R\u00fccktritt bekannt gegeben\"><img fetchpriority=\"high\" decoding=\"async\" class=\" alignleft size-full wp-image-9499\" src=\"https:\/\/www.swisstabletennis.ch\/wp-content\/uploads\/2017\/10\/SM_2017_Samstag_internet_78_von_212.jpg\" alt=\"SM 2017 Samstag internet 78 von 212\" width=\"520\" height=\"502\" style=\"margin-right: 20px; margin-bottom: 10px; float: left;\" \/><\/a><\/strong>Nicolas Champod se retire de l\u2019\u00e9quipe nationale<\/p>\n<p class=\"untertitel\">Le genevois de 27 ans a annonc\u00e9 son retrait des cadres nationaux avec effet imm\u00e9diat.<\/p>\n<p>STT remercie Nicolas pour son engagement et lui souhaite tout de bon pour son futur.<\/p>\n<p><!--more--><\/p>\n<p>&nbsp;<\/p>\n<p>Texte: Annina H\u00e4usli \/ Photo: Ren\u00e9 Zwald<\/p>\n<p>&nbsp;<\/p>\n<p>\u201eMes activit\u00e9s en tant qu\u2019entra\u00eeneur et pr\u00e9sident d\u2019un club ne me permettent plus de me concentrer \u00e0 100% sur l\u2019\u00e9quipe nationale\u201c justifie Nicolas Champod en une phrase concernant son retrait. Cette d\u00e9cision, le retrait de l\u2019\u00e9quipe nationale, a m\u00fbri en lui depuis le retour du Luxembourg (CE par \u00e9quipe).<\/p>\n<p>&nbsp;<\/p>\n<p>Champod, en tant que pr\u00e9sident du CTT Vernier, veut pouvoir maintenant se concentrer sur la vie du club et passera en d\u00e9cembre la formation d\u2019entra\u00eeneur J+S A \u00e0 Macolin. \u201eJe suis extr\u00eamement reconnaissant \u00e0 STT de m\u2019avoir encourag\u00e9 et soutenu toutes ces ann\u00e9es\u201c raconte Champod.<\/p>\n<p>&nbsp;<\/p>\n<p>L\u2019entra\u00eeneur national Samir Mulabdic regrette le retrait de Nicolas \u201eJe trouve dommage qu\u2019il se soit retir\u00e9. Cela a toujours \u00e9t\u00e9 un plaisir de travailler avec lui, que ce soit sportivement ou humainement.\u201c Il esp\u00e8re que Nicolas restera encore longtemps dans le tennis de table et se r\u00e9jouit qu\u2019il ait d\u00e9cid\u00e9 de transmettre ses connaissances en tant qu\u2019entra\u00eeneur pour les jeunes et de pr\u00e9sident du CTT Vernier.<\/p>\n<p>&nbsp;<\/p>\n<p>La carri\u00e8re de Nicolas dans les cadres nationaux fut courte et plut\u00f4t atypique : seulement \u00e0 l\u2019\u00e2ge de 14, il commen\u00e7a \u00e0 jouer de mani\u00e8re r\u00e9guli\u00e8re et se fit rapidement un nom en tant que joueur d\u00e9fenseur. En tr\u00e8s peu de temps, il joua en LNA et rejoignit en 2012 les cadres nationaux \u00e9lites B. En tant que moment fort personnel de sa carri\u00e8re, il raconte les CM par \u00e9quipe de Tokyo en 2014. \u201eA l\u2019\u00e9poque, je n\u2019ai pas perdu un match en simple\u201c se souvient-il. Mais la victoire de la troisi\u00e8me division lors des CE \u00e0 Vienne en 2013 a \u00e9galement \u00e9t\u00e9 un grand moment.<\/p>\n<p>&nbsp;<\/p>\n<p>Il ne souhaite pas compl\u00e8tement tourner le dos \u00e0 STT. \u201eSi n\u00e9cessaire, je suis volontiers \u00e0 disposition en tant que relanceur pour les camps d\u2019entra\u00eenement\u201c dit Champod.<\/p>\n<p>&nbsp;<\/p>\n<p>&nbsp;<\/p>\n","protected":false},"excerpt":{"rendered":"<p>Nicolas Champod se retire de l\u2019\u00e9quipe nationale Le genevois de 27 ans a annonc\u00e9 son retrait des cadres nationaux avec&hellip;<\/p>\n","protected":false},"author":8,"featured_media":9499,"comment_status":"","ping_status":"closed","sticky":false,"template":"","format":"standard","meta":{"_monsterinsights_skip_tracking":false,"_monsterinsights_sitenote_active":false,"_monsterinsights_sitenote_note":"","_monsterinsights_sitenote_category":0,"footnotes":""},"categories":[118],"tags":[],"class_list":["post-9513","post","type-post","status-publish","format-standard","has-post-thumbnail","hentry","category-sport-d-elite"],"_links":{"self":[{"href":"https:\/\/www.swisstabletennis.ch\/fr\/wp-json\/wp\/v2\/posts\/9513","targetHints":{"allow":["GET"]}}],"collection":[{"href":"https:\/\/www.swisstabletennis.ch\/fr\/wp-json\/wp\/v2\/posts"}],"about":[{"href":"https:\/\/www.swisstabletennis.ch\/fr\/wp-json\/wp\/v2\/types\/post"}],"author":[{"embeddable":true,"href":"https:\/\/www.swisstabletennis.ch\/fr\/wp-json\/wp\/v2\/users\/8"}],"replies":[{"embeddable":true,"href":"https:\/\/www.swisstabletennis.ch\/fr\/wp-json\/wp\/v2\/comments?post=9513"}],"version-history":[{"count":0,"href":"https:\/\/www.swisstabletennis.ch\/fr\/wp-json\/wp\/v2\/posts\/9513\/revisions"}],"wp:featuredmedia":[{"embeddable":true,"href":"https:\/\/www.swisstabletennis.ch\/fr\/wp-json\/wp\/v2\/media\/9499"}],"wp:attachment":[{"href":"https:\/\/www.swisstabletennis.ch\/fr\/wp-json\/wp\/v2\/media?parent=9513"}],"wp:term":[{"taxonomy":"category","embeddable":true,"href":"https:\/\/www.swisstabletennis.ch\/fr\/wp-json\/wp\/v2\/categories?post=9513"},{"taxonomy":"post_tag","embeddable":true,"href":"https:\/\/www.swisstabletennis.ch\/fr\/wp-json\/wp\/v2\/tags?post=9513"}],"curies":[{"name":"wp","href":"https:\/\/api.w.org\/{rel}","templated":true}]}}