{"id":9536,"date":"2017-11-06T15:00:00","date_gmt":"2017-11-06T14:00:00","guid":{"rendered":"https:\/\/swisstabletennis.ch\/neu\/mehrere-schweizer-an-internationalen-turnieren-im-einsatz-2\/"},"modified":"2017-11-06T15:00:00","modified_gmt":"2017-11-06T14:00:00","slug":"mehrere-schweizer-an-internationalen-turnieren-im-einsatz-2","status":"publish","type":"post","link":"https:\/\/www.swisstabletennis.ch\/fr\/mehrere-schweizer-an-internationalen-turnieren-im-einsatz-2\/","title":{"rendered":"Plusieurs suisses engag\u00e9s sur diff\u00e9rents tournois internationaux"},"content":{"rendered":"<p class=\"titel\"><strong><a href=\"https:\/\/www.swisstabletennis.ch\/wp-content\/uploads\/2017\/11\/37425371404_7b2c2ea4ec_o.jpg\" class=\"jcepopup noicon\" data-mediabox=\"1\" data-mediabox-title=\"Lionel Weber \"><img fetchpriority=\"high\" decoding=\"async\" class=\" alignleft size-full wp-image-9529\" src=\"https:\/\/www.swisstabletennis.ch\/wp-content\/uploads\/2017\/11\/37425371404_7b2c2ea4ec_o.jpg\" alt=\"37425371404 7b2c2ea4ec o\" width=\"520\" height=\"347\" style=\"margin-right: 20px; margin-bottom: 10px; float: left;\" \/><\/a><\/strong>Plusieurs suisses engag\u00e9s sur diff\u00e9rents tournois internationaux<\/p>\n<p><span class=\"untertitel\">La semaine derni\u00e8re, plusieurs joueurs de l\u2019\u00e9quipe nationale suisse \u00e9taient engag\u00e9s dans deux tournois diff\u00e9rents \u00e0 l\u2019\u00e9tranger.<\/span><\/p>\n<p>&nbsp;<\/p>\n<p>Lionel Weber, Rahel Aschwanden et C\u00e9line Reust ont r\u00e9ussi \u00e0 atteindre les huiti\u00e8mes de finale en simple homme ainsi qu\u2019en double dame tandis que Dorian Girod se trouvait en Croatie pour tenter une qualification aux Jeux Olympiques de la Jeunesse 2020.<em> <br \/><\/em><\/p>\n<p><!--more--><\/p>\n<p>&nbsp;<\/p>\n<p>Texte: Annina H\u00e4usli \/ photos: ITTF\/ R\u00e9my Gros<\/p>\n<p>&nbsp;<\/p>\n<p>De mercredi \u00e0 vendredi, Lionel Weber, Rahel Aschwanden et C\u00e9line Reust \u00e9tait \u00e0 De Haan en Belgique afin de participer \u00e0 l\u2019open de Belgique, un tournoi ITTF Challenge Series. Dans l\u2019ensemble de la comp\u00e9tition, ils ont remarquablement bien d\u00e9fendus les couleurs de la Suisse malgr\u00e9 quelques moments difficiles. Le b\u00e2lois Lionel Weber \u00e9tait directement qualifi\u00e9 pour le tableau principal en U21. Il rencontra au premier tour un russe sorti des qualifications, Lev Katsman (WR 417). Contre ce joueur, Lionel se trouva un peu en difficult\u00e9 mais, suite \u00e0 la perte du premier set, r\u00e9ussit \u00e0 s\u2019imposer 3:1. Au deuxi\u00e8me tour, il d\u00fbt s\u2019avouer vaincu contre le belge Martin Allegro (WR 227) dans un match tr\u00e8s serr\u00e9. \u201eJ\u2019ai bien jou\u00e9 mais je n\u2019ai pas eu de chance apr\u00e8s ma balle de match rat\u00e9e\u201c r\u00e9sume Weber concernant sa comp\u00e9tition en U21.<\/p>\n<p>&nbsp;<\/p>\n<p><strong>Exploit de Lionel Weber dans le tableau principal<\/strong><\/p>\n<p>&nbsp;<\/p>\n<p>Dans le tournoi \u00e9lite, il a d\u00fb passer par la phase de groupe pour essayer de se qualifier pour le tableau principal. Il passa souverainement le groupe gr\u00e2ce \u00e0 ses trois victoires sur Tom Jarvis (Angleterre, WR 299), Jonathan Hanser (Danemark, non class\u00e9) et Marco Golla (Pologne, WR 451). Afin de rejoindre le tableau principal qui regroupait les 64 meilleurs joueurs, il devait cependant encore passer par un pr\u00e9-tour pour tenter de d\u00e9crocher sa qualification. Weber prit cet obstacle avec s\u00e9r\u00e9nit\u00e9 et confiance. Contre le portugais Diogo Carvalho (WR 263), le b\u00e2lois d\u00fbt se battre ardemment durant sept sets pour r\u00e9ussir son entr\u00e9e dans le tableau principal. Il rencontra ainsi au premier tour Philipp Floritz (WR 188), joueur mieux class\u00e9 \u00e9voluant pour la Bulgarie. Weber montra \u00e0 nouveau sa combativit\u00e9 et remporta le match en sept sets. En seizi\u00e8me de finale, notre joueur de l\u2019\u00e9quipe nationale devait s\u2019attaquer \u00e0 un gros morceau \u00e9tant donn\u00e9 qu\u2019il affrontait l\u2019italien Mihai Bobocica (WR 121). Tout comme les deux matchs pr\u00e9c\u00e9dents, cette rencontre alla aussi au septi\u00e8me set et comme les matchs d\u2019avant, Weber gagna 11:9 au set d\u00e9cisif.<\/p>\n<p>&nbsp;<\/p>\n<p>En huiti\u00e8mes de finale, Weber devait se mesurer \u00e0 Yukja Uda (WR 223), le talent japonais de seize ans qui avait r\u00e9ussi l\u2019exploit de sortir d\u00e8s le premier tour un des candidats au titre, le portugais Tiago Apolonia (WR 39). Contre cet adversaire, sans surprise, il d\u00fbt s\u2019avouer vaincu. Le talent japonais s\u2019imposa 4:1 contre notre joueur de l\u2019\u00e9quipe nationale. \u00ab&nbsp;J\u2019ai pu progresser de match en match et globalement, je suis tr\u00e8s satisfait de mon tournoi&nbsp;\u00bb d\u00e9clare Lionel apr\u00e8s sa d\u00e9faite en huiti\u00e8mes de finale. \u00ab&nbsp;Le japonais \u00e9tait tout simplement trop fort.&nbsp;\u00bb<\/p>\n<p><em>&nbsp;<\/em><\/p>\n<p><strong>Les dames malheureuses en simple mais fortes ensembles<\/strong><\/p>\n<p><a href=\"https:\/\/www.swisstabletennis.ch\/wp-content\/uploads\/2017\/11\/37369112244_1466fa8f8d_o.jpg\" class=\"jcepopup noicon\" data-mediabox=\"1\" data-mediabox-title=\"C\u00e9line Reust\"><img decoding=\"async\" class=\" size-full wp-image-9531\" src=\"https:\/\/www.swisstabletennis.ch\/wp-content\/uploads\/2017\/11\/37369112244_1466fa8f8d_o.jpg\" alt=\"37369112244 1466fa8f8d o\" width=\"520\" height=\"347\" style=\"margin: 10px auto; display: block;\" \/><\/a><\/p>\n<p>&nbsp;<\/p>\n<p>C\u00e9line et Rahel \u00e9taient en lice en simple tout comme ensemble en double dame. C\u00e9line Reust a \u00e9t\u00e9 \u00e9limin\u00e9e en phase de groupe dans le tableau U21 ainsi qu\u2019\u00e9galement dans le tableau \u00e9lite. \u00ab&nbsp;En simple, j\u2019ai \u00e9t\u00e9 un peu malchanceuse et ai perdu beaucoup de sets dans les avantages de sorte que les r\u00e9sultats semblent plus clairs qu\u2019ils ne l\u2019\u00e9taient vraiment&nbsp;\u00bb dit C\u00e9line \u00e0 propos de ses d\u00e9faites en simple. Rahel ne passa \u00e9galement pas la phase de groupe.&nbsp; \u00ab&nbsp;Naturellement, je suis d\u00e9\u00e7ue de ma non-qualification pour le tableau principal&nbsp;\u00bb dit Rahel. Pourtant, elle a dit bien se sentir au niveau du jeu et a bien jou\u00e9 contre Kim Eunji (non class\u00e9e) mais a malheureusement perdu au septi\u00e8me set. \u00ab&nbsp;Ensuite, je n\u2019ai pas pu r\u00e9p\u00e9ter la m\u00eame performance contre Nathalie Marchetti (WR 282) et j\u2019ai eu des probl\u00e8mes en service-remise&nbsp;\u00bb d\u00e9crit Rahel \u00e0 propos &nbsp;du d\u00e9roulement de son tournoi.<\/p>\n<p>&nbsp;<\/p>\n<p>Les suissesses associ\u00e9es en double montr\u00e8rent une autre image&nbsp;: avec deux victoires contre la paire de double cor\u00e9enne Kom\/Shin et la paire de double hongroise Nagyvaradi\/Pergel, elles se qualifi\u00e8rent pour les huiti\u00e8mes de finale du tableau principal. \u00ab&nbsp;En double, nous avons tr\u00e8s bien jou\u00e9&nbsp;\u00bb fait Rahel comme d\u00e9claration. Contre les t\u00eates de s\u00e9ries num\u00e9ro 4 du tableau, les russes Maria Malanina et Polina Mikhailova, elles ont malheureusement d\u00fb s\u2019avouer vaincues sur le score de 3:0 (12:10, 11:3, 13:11).<\/p>\n<p><em>&nbsp;<\/em><\/p>\n<p><strong>Dorian Girod rate la qualification aux Jeux Olympiques de la Jeunesse<\/strong><\/p>\n<p>&nbsp;<\/p>\n<p>&nbsp;<\/p>\n<p><a href=\"https:\/\/www.swisstabletennis.ch\/wp-content\/uploads\/2017\/11\/girod_YOG.jpg\" class=\"jcepopup noicon\" data-mediabox=\"1\" data-mediabox-title=\"Dorian Girod\"><img decoding=\"async\" class=\" alignleft size-full wp-image-9533\" src=\"https:\/\/www.swisstabletennis.ch\/wp-content\/uploads\/2017\/11\/girod_YOG.jpg\" alt=\"girod YOG\" width=\"270\" height=\"212\" style=\"margin: 10px; float: left;\" srcset=\"https:\/\/www.swisstabletennis.ch\/wp-content\/uploads\/2017\/11\/girod_YOG.jpg 1582w, https:\/\/www.swisstabletennis.ch\/wp-content\/uploads\/2017\/11\/girod_YOG-600x471.jpg 600w\" sizes=\"(max-width: 270px) 100vw, 270px\" \/><\/a><\/p>\n<p>&nbsp;<\/p>\n<p>En dehors de nos joueurs des cadres \u00e9lites, Dorian se trouvait \u00e9galement \u00e0 l\u2019\u00e9tranger. Il voyagea \u00e0 Split en Croatie accompagn\u00e9 de l\u2019entra\u00eeneur national Samir Mulabdic afin d\u2019y jouer les qualifications aux Jeux Olympiques de la Jeunesse 2018 qui se d\u00e9rouleront \u00e0 Buenos Aires. Dans la phase de groupe, Dorian perdit malheureusement tous ses matchs ce qui le propulsa dans le \u00ab&nbsp;Draw B&nbsp;\u00bb qui lui permettait de se qualifier pour le \u00ab&nbsp;Draw C&nbsp;\u00bb, tableau qualificatif pour les YOG 2018 (le mode de qualification peut \u00eatre lu ici). Au d\u00e9but, tout se d\u00e9roulait bien pour Dorian \u00e9tant donn\u00e9 qu\u2019il s\u2019imposa en sept sets contre son premier adversaire, Tugay Yilmaz (Turquie, WR 771). Son deuxi\u00e8me match du samedi alla \u00e9galement en sept sets&nbsp;: contre Volodymyr Lushnikov (WR 752), il joua aussi un long match en sept sets mais d\u00fb malheureusement s\u2019incliner \u00e0 la fin contre le russe. Au total, Dorian joue un total de 31&nbsp;(!) sets en cinq matchs en l\u2019espace de deux jours. \u00ab&nbsp;Dorian a prouv\u00e9 avec sa performance que si il continue \u00e0 s\u2019entra\u00eener assid\u00fbment et \u00e0 travailler sur lui-m\u00eame, il pourra obtenir de bons r\u00e9sultats dans le futur&nbsp;\u00bb pense Mulabdic \u00e0 propos des r\u00e9sultats de son prot\u00e9g\u00e9.&nbsp;<\/p>\n<p>&nbsp;<\/p>\n<p>&nbsp;<\/p>\n<p><strong>R\u00e9sultats<\/strong><\/p>\n<p>Les r\u00e9sultats de l\u2019open de Belgique en d\u00e9tail&nbsp;: <a href=\"https:\/\/www.ittf.com\/tournament\/2737\/2017-ittf-challenge-belgium-open\/#information\">https:\/\/www.ittf.com\/tournament\/2737\/2017-ittf-challenge-belgium-open\/#information<\/a><\/p>\n<p>Les r\u00e9sultats des qualifications aux Jeux Olympiques de la Jeunesse en d\u00e9tail&nbsp;: <a href=\"https:\/\/www.ittf.com\/tournament\/2770\/2017\/2018-yog-continental-qualification-europe\/\">https:\/\/www.ittf.com\/tournament\/2770\/2017\/2018-yog-continental-qualification-europe\/<\/a><\/p>\n<p>&nbsp;<\/p>\n<p><strong>Live<\/strong><\/p>\n<p>Les matchs suivants ont \u00e9t\u00e9 transmis en direct et peuvent \u00eatre regard\u00e9s \u00e0 nouveau&nbsp;:<\/p>\n<p>Lionel Weber Vs. Diogo Carvalho: <a href=\"https:\/\/tv.ittf.com\/video\/carvalho-diogo-weber-lionel\/1019908\">https:\/\/tv.ittf.com\/video\/carvalho-diogo-weber-lionel\/1019908<\/a><\/p>\n<p>C\u00e9line Reust Vs. Sreeja Akula: <a href=\"https:\/\/tv.ittf.com\/video\/akula-sreeja-reust-celine\/1019792\">https:\/\/tv.ittf.com\/video\/akula-sreeja-reust-celine\/1019792<\/a><\/p>\n<p>Rahel\/C\u00e9line Vs. Kim\/Shin: <a href=\"https:\/\/tv.ittf.com\/video\/kim-eunji-shin-jieun-aschwanden-rahel-reust-celine\/1019836\">https:\/\/tv.ittf.com\/video\/kim-eunji-shin-jieun-aschwanden-rahel-reust-celine\/1019836<\/a><\/p>\n<p>Dorian Girod Vs. Maciej Kolodziejczyk: <a href=\"http:\/\/bit.ly\/2hKVYv3\">bit.ly\/2hKVYv3<\/a><\/p>\n<p>Dorian Girod Vs. Volodymyr Lushinikov: <a href=\"http:\/\/bit.ly\/2zzwFGO\">bit.ly\/2zzwFGO<\/a><\/p>\n<p>&nbsp;<\/p>\n<p>&nbsp;<\/p>\n<p>&nbsp;<\/p>\n","protected":false},"excerpt":{"rendered":"<p>Plusieurs suisses engag\u00e9s sur diff\u00e9rents tournois internationaux La semaine derni\u00e8re, plusieurs joueurs de l\u2019\u00e9quipe nationale suisse \u00e9taient engag\u00e9s dans deux&hellip;<\/p>\n","protected":false},"author":8,"featured_media":9529,"comment_status":"","ping_status":"closed","sticky":false,"template":"","format":"standard","meta":{"_monsterinsights_skip_tracking":false,"_monsterinsights_sitenote_active":false,"_monsterinsights_sitenote_note":"","_monsterinsights_sitenote_category":0,"footnotes":""},"categories":[118],"tags":[],"class_list":["post-9536","post","type-post","status-publish","format-standard","has-post-thumbnail","hentry","category-sport-d-elite"],"_links":{"self":[{"href":"https:\/\/www.swisstabletennis.ch\/fr\/wp-json\/wp\/v2\/posts\/9536","targetHints":{"allow":["GET"]}}],"collection":[{"href":"https:\/\/www.swisstabletennis.ch\/fr\/wp-json\/wp\/v2\/posts"}],"about":[{"href":"https:\/\/www.swisstabletennis.ch\/fr\/wp-json\/wp\/v2\/types\/post"}],"author":[{"embeddable":true,"href":"https:\/\/www.swisstabletennis.ch\/fr\/wp-json\/wp\/v2\/users\/8"}],"replies":[{"embeddable":true,"href":"https:\/\/www.swisstabletennis.ch\/fr\/wp-json\/wp\/v2\/comments?post=9536"}],"version-history":[{"count":0,"href":"https:\/\/www.swisstabletennis.ch\/fr\/wp-json\/wp\/v2\/posts\/9536\/revisions"}],"wp:featuredmedia":[{"embeddable":true,"href":"https:\/\/www.swisstabletennis.ch\/fr\/wp-json\/wp\/v2\/media\/9529"}],"wp:attachment":[{"href":"https:\/\/www.swisstabletennis.ch\/fr\/wp-json\/wp\/v2\/media?parent=9536"}],"wp:term":[{"taxonomy":"category","embeddable":true,"href":"https:\/\/www.swisstabletennis.ch\/fr\/wp-json\/wp\/v2\/categories?post=9536"},{"taxonomy":"post_tag","embeddable":true,"href":"https:\/\/www.swisstabletennis.ch\/fr\/wp-json\/wp\/v2\/tags?post=9536"}],"curies":[{"name":"wp","href":"https:\/\/api.w.org\/{rel}","templated":true}]}}