{"id":9644,"date":"2017-12-20T12:00:00","date_gmt":"2017-12-20T11:00:00","guid":{"rendered":"https:\/\/swisstabletennis.ch\/neu\/j-s-modul-clubtrainer-vom-7-10-12-2017-in-magglingen-2\/"},"modified":"2017-12-20T12:00:00","modified_gmt":"2017-12-20T11:00:00","slug":"j-s-modul-clubtrainer-vom-7-10-12-2017-in-magglingen-2","status":"publish","type":"post","link":"https:\/\/www.swisstabletennis.ch\/fr\/j-s-modul-clubtrainer-vom-7-10-12-2017-in-magglingen-2\/","title":{"rendered":"Module d\u2019entra\u00eeneur de club C J+S du 7 au 10 d\u00e9cembre 2017 \u00e0 Macolin"},"content":{"rendered":"<p class=\"titel\"><strong><a href=\"https:\/\/www.swisstabletennis.ch\/wp-content\/uploads\/2017\/12\/clubtrainer_js2.jpg\" target=\"_blank\" rel=\"noopener\" class=\"jcepopup noicon\" data-mediabox=\"1\"><img fetchpriority=\"high\" decoding=\"async\" class=\" alignleft size-full wp-image-9639\" src=\"https:\/\/www.swisstabletennis.ch\/wp-content\/uploads\/2017\/12\/clubtrainer_js2.jpg\" alt=\"clubtrainer js2\" width=\"520\" height=\"390\" style=\"margin-right: 20px; margin-bottom: 10px; float: left;\" srcset=\"https:\/\/www.swisstabletennis.ch\/wp-content\/uploads\/2017\/12\/clubtrainer_js2.jpg 640w, https:\/\/www.swisstabletennis.ch\/wp-content\/uploads\/2017\/12\/clubtrainer_js2-600x450.jpg 600w\" sizes=\"(max-width: 520px) 100vw, 520px\" \/><\/a><\/strong>Module d\u2019entra\u00eeneur de club C J+S du 7 au 10 d\u00e9cembre 2017 \u00e0 Macolin<\/p>\n<p class=\"untertitel\">Un groupe venant de divers horizons mais sans la participation de la Suisse romande a v\u00e9cu 4 jours de formation intensifs \u00e0 Macolin et ont re\u00e7u beaucoup de nouveaux apports, comme par exemple l\u2019int\u00e9r\u00eat d\u2019un entra\u00eenement de club cibl\u00e9 et vari\u00e9.<\/p>\n<p><!--more--><\/p>\n<p>Texte et photos: Georg Silberschmidt<\/p>\n<p>&nbsp;<\/p>\n<p>Tamara Hewage \u00e9tait l\u2019unique femme pr\u00e9sente et participait d\u2019ailleurs d\u00e9j\u00e0 pour la deuxi\u00e8me fois au cours. Selon elle, l\u2019on peut toujours apprendre quelque chose de l\u2019ancien tr\u00e8s bon joueur de l\u2019\u00e9quipe nationale chinoise, Jin Linlin. Ce qui est particuli\u00e8rement r\u00e9jouissant \u00e9tait \u00e9galement la participation de deux retrait\u00e9s : Louis Linder du TTC Thun a 72 ans, R\u00f6bi Schmid du TTC Niederhasli a quant \u00e0 lui 75 ans. Les deux sont \u00e0 l\u2019unanimit\u00e9 du m\u00eame avis :<\/p>\n<p>&nbsp;<\/p>\n<p>\u00ab\u00a0Qui a actuellement d\u00e9j\u00e0 du temps \u00e0 donner le mercredi apr\u00e8s-midi ou en fin d\u2019apr\u00e8s-midi pour entra\u00eener?\u201c Les deux seniors donnent chacun deux entra\u00eenements jeunesses par semaine! Il reste &nbsp;maintenant \u00e0 esp\u00e9rer que ce recrutement exemplaire fera venir beaucoup d\u2019autres imitateurs chez les seniors.<\/p>\n<p>&nbsp;<\/p>\n<p>Les contenus des cours \u00e9taient principalement bas\u00e9s sur la tactique et la technique mais \u00e9galement sur les domaines de la psych\u00e9 et physique. Les participants re\u00e7urent des conseils pr\u00e9cieux qui leur seront b\u00e9n\u00e9fiques pas seulement en tant qu\u2019entra\u00eeneur mais \u00e9galement &nbsp;pour le propre jeu. Par exemple, le joueur le mieux class\u00e9 parmi les participants a pris conscience gr\u00e2ce \u00e0 une analyse de jeu approfondie que 74% de fautes directes sont un taux beaucoup trop \u00e9lev\u00e9 qui l\u2019emp\u00eache d\u2019avoir de meilleurs r\u00e9sultats.<\/p>\n<p>&nbsp;<\/p>\n<p>Le cours tr\u00e8s orient\u00e9 sur la pratique a \u00e9norm\u00e9ment plu \u00e0 tous et les a certainement \u00e9galement motiv\u00e9 \u00e0 int\u00e9grer d\u2019une mani\u00e8re ou d\u2019une autre de nouvelles choses lors de leurs entra\u00eenements en club. Il est seulement dommage que pas plus de moniteurs J+S souhaitaient se laisser inspirer par ce cours.<\/p>\n<p>&nbsp;<\/p>\n<p>Les cours de formation et formation continue J+S 2018 sont mis \u00e0 disposition sous ce <a href=\"https:\/\/www.apps.baspo.admin.ch\/ndbjs\/kursprogramm\/(S(fxhy0wkostnwyqzcyshroojc))\/kursplan.aspx?spr=f&amp;sportartcode=781\">lien<\/a> sur la page internet de Jeunesse + Sport.<\/p>\n<p>&nbsp;<\/p>\n<p>Le samedi 9 d\u00e9cembre 2017, en m\u00eame temps que le cours J+S, se d\u00e9roulait \u00e9galement la r\u00e9union du CC de STT. La majeure partie du comit\u00e9 a \u00e9galement pris part, apr\u00e8s le repas de midi, \u00e0 un tournoi avec handicap (Vainquer: Ramon Sprecher, membre du DCC) Une photo de groupe faite conjointement avec le cours d\u2019entra\u00eeneur a compl\u00e9t\u00e9 l\u2019\u00e9v\u00e9nement.<\/p>\n<p>&nbsp;<\/p>\n<p>&nbsp;<\/p>\n<p><a href=\"https:\/\/www.swisstabletennis.ch\/wp-content\/uploads\/2017\/12\/zv-turnier.jpg\" class=\"jcepopup noicon\" data-mediabox=\"1\" data-mediabox-title=\"Der ZV mit den Teilnehmern des J+S-Kurses\"><img decoding=\"async\" class=\" size-full wp-image-9641\" src=\"https:\/\/www.swisstabletennis.ch\/wp-content\/uploads\/2017\/12\/zv-turnier.jpg\" alt=\"zv turnier\" width=\"520\" style=\"margin-right: auto; margin-bottom: 10px; display: block; margin-left: auto;\" srcset=\"https:\/\/www.swisstabletennis.ch\/wp-content\/uploads\/2017\/12\/zv-turnier.jpg 640w, https:\/\/www.swisstabletennis.ch\/wp-content\/uploads\/2017\/12\/zv-turnier-600x450.jpg 600w\" sizes=\"(max-width: 640px) 100vw, 640px\" \/><\/a><\/p>\n<p>&nbsp;<\/p>\n<p>&nbsp;<\/p>\n","protected":false},"excerpt":{"rendered":"<p>Module d\u2019entra\u00eeneur de club C J+S du 7 au 10 d\u00e9cembre 2017 \u00e0 Macolin Un groupe venant de divers horizons&hellip;<\/p>\n","protected":false},"author":8,"featured_media":9639,"comment_status":"","ping_status":"closed","sticky":false,"template":"","format":"standard","meta":{"_monsterinsights_skip_tracking":false,"_monsterinsights_sitenote_active":false,"_monsterinsights_sitenote_note":"","_monsterinsights_sitenote_category":0,"footnotes":""},"categories":[120],"tags":[],"class_list":["post-9644","post","type-post","status-publish","format-standard","has-post-thumbnail","hentry","category-stt-news-kategorie-fr"],"_links":{"self":[{"href":"https:\/\/www.swisstabletennis.ch\/fr\/wp-json\/wp\/v2\/posts\/9644","targetHints":{"allow":["GET"]}}],"collection":[{"href":"https:\/\/www.swisstabletennis.ch\/fr\/wp-json\/wp\/v2\/posts"}],"about":[{"href":"https:\/\/www.swisstabletennis.ch\/fr\/wp-json\/wp\/v2\/types\/post"}],"author":[{"embeddable":true,"href":"https:\/\/www.swisstabletennis.ch\/fr\/wp-json\/wp\/v2\/users\/8"}],"replies":[{"embeddable":true,"href":"https:\/\/www.swisstabletennis.ch\/fr\/wp-json\/wp\/v2\/comments?post=9644"}],"version-history":[{"count":0,"href":"https:\/\/www.swisstabletennis.ch\/fr\/wp-json\/wp\/v2\/posts\/9644\/revisions"}],"wp:featuredmedia":[{"embeddable":true,"href":"https:\/\/www.swisstabletennis.ch\/fr\/wp-json\/wp\/v2\/media\/9639"}],"wp:attachment":[{"href":"https:\/\/www.swisstabletennis.ch\/fr\/wp-json\/wp\/v2\/media?parent=9644"}],"wp:term":[{"taxonomy":"category","embeddable":true,"href":"https:\/\/www.swisstabletennis.ch\/fr\/wp-json\/wp\/v2\/categories?post=9644"},{"taxonomy":"post_tag","embeddable":true,"href":"https:\/\/www.swisstabletennis.ch\/fr\/wp-json\/wp\/v2\/tags?post=9644"}],"curies":[{"name":"wp","href":"https:\/\/api.w.org\/{rel}","templated":true}]}}