{"id":9686,"date":"2018-01-03T10:00:00","date_gmt":"2018-01-03T09:00:00","guid":{"rendered":"https:\/\/swisstabletennis.ch\/neu\/rachel-moret-erstmals-unter-den-top-100-2\/"},"modified":"2022-06-24T08:56:22","modified_gmt":"2022-06-24T07:56:22","slug":"rachel-moret-erstmals-unter-den-top-100-2","status":"publish","type":"post","link":"https:\/\/www.swisstabletennis.ch\/fr\/rachel-moret-erstmals-unter-den-top-100-2\/","title":{"rendered":"Rachel Moret pour la premi\u00e8re fois dans le top 100"},"content":{"rendered":"<p class=\"titel\"><strong><a href=\"https:\/\/www.swisstabletennis.ch\/wp-content\/uploads\/2018\/01\/WM_2017_Suisse_internet1_32_von_57.jpg\" class=\"jcepopup noicon\" data-mediabox=\"1\" data-mediabox-title=\"Rachel Moret et Lionel Weber\"><img fetchpriority=\"high\" decoding=\"async\" class=\" alignleft size-full wp-image-9682\" src=\"https:\/\/www.swisstabletennis.ch\/wp-content\/uploads\/2018\/01\/WM_2017_Suisse_internet1_32_von_57.jpg\" alt=\"WM 2017 Suisse internet1 32 von 57\" width=\"520\" height=\"282\" style=\"margin-right: 20px; margin-bottom: 10px; float: left;\" \/><\/a><\/strong>Rachel Moret pour la premi\u00e8re fois dans le top 100<\/p>\n<p class=\"titel untertitel\">L\u2019introduction du nouveau syst\u00e8me de ranking a des cons\u00e9quences r\u00e9jouissantes sur le classement de nos Suisses. Rachel Moret est d\u00e9sormais class\u00e9e au 84\u00e8me rang. Lionel Weber r\u00e9ussit \u00e9galement \u00e0 entrer pour la premi\u00e8re fois dans le top 200 et est maintenant class\u00e9 172\u00e8me.<br \/><em> <\/em><\/p>\n<p><em>&nbsp;<\/em><\/p>\n<p><!--more--><\/p>\n<p>Texte: Annina H\u00e4usli \/ Photos: Ren\u00e9 Zwald (Archive)<\/p>\n<p>&nbsp;<\/p>\n<p>L\u2019introduction du nouveau calcul du ranking mondial ITTF n\u2019a pas seulement des cons\u00e9quences positives pour Dimitrij Ovtcharov qui pr\u00f4ne d\u00e9sormais \u00e0 la premi\u00e8re place du ranking mondial. Les Suisses profitent \u00e9galement du nouveau syst\u00e8me gr\u00e2ce au fait qu\u2019ils ont la possibilit\u00e9 de disputer un grand nombre de tournois chaque saison. En particulier <strong>Rachel Moret<\/strong> qui fait un saut de la place 159 \u00e0 la place 84 et ainsi int\u00e8gre pour la premi\u00e8re fois de sa carri\u00e8re le top 100. Sur Facebook, la joueuse nationale se r\u00e9jouit de ce superbe d\u00e9but d\u2019ann\u00e9e :<\/p>\n<p>&nbsp;<\/p>\n<p>&nbsp;<\/p>\n<p><iframe src=\"https:\/\/www.facebook.com\/plugins\/post.php?href=https%3A%2F%2Fwww.facebook.com%2Frachel.moret%2Fposts%2F10214103825526406&amp;width=500\" width=\"500\" height=\"420\" style=\"border: none; overflow: hidden;\" frameborder=\"0\" scrolling=\"no\"><\/iframe><\/p>\n<p>&nbsp;<\/p>\n<p>Le nouveau ranking signifie \u00e9galement pour <strong>Rahel Aschwanden<\/strong> un meilleur classement&nbsp;: la Suissesse orientale avance de la place 292 \u00e0 146. Avec ce ranking, elle atteint donc la meilleure place de sa carri\u00e8re. <strong>C\u00e9line Reust<\/strong> est quant \u00e0 elle maintenant class\u00e9e \u00e0 la place 374, plus de 100 places mieux qu\u2019en d\u00e9cembre 2017 (515).<\/p>\n<p>&nbsp;<\/p>\n<p>Chez les hommes, le meilleur Suisse, <strong>Lionel Weber<\/strong>, se trouve \u00e0 la place 172 \u2013 et ainsi pour la premi\u00e8re fois dans le top 200. <strong>Ga\u00ebl Vend\u00e9<\/strong> fait un saut de plus de 200 places et atterrit au rang 434 (d\u00e9cembre 2017&nbsp;: 647).<\/p>\n<p>&nbsp;<\/p>\n<p>Voyez ici encore tous les Suisses dans le ranking international&nbsp;:<\/p>\n<p>&nbsp;<\/p>\n<p><a href=\"https:\/\/www.swisstabletennis.ch\/vorschau-auf-die-team-em-in-luxemburg\/\" class=\"jcepopup noicon\" data-mediabox=\"1\"><img decoding=\"async\" class=\" size-full wp-image-9684\" src=\"https:\/\/www.swisstabletennis.ch\/wp-content\/uploads\/2018\/01\/2018-01-03_10_54_54-General_WR_-_Archive.jpg\" alt=\"2018 01 03 10 54 54 General WR Archive\" width=\"520\" height=\"306\" style=\"margin: 10px auto; display: block;\" srcset=\"https:\/\/www.swisstabletennis.ch\/wp-content\/uploads\/2018\/01\/2018-01-03_10_54_54-General_WR_-_Archive.jpg 845w, https:\/\/www.swisstabletennis.ch\/wp-content\/uploads\/2018\/01\/2018-01-03_10_54_54-General_WR_-_Archive-600x354.jpg 600w\" sizes=\"(max-width: 520px) 100vw, 520px\" \/><\/a><\/p>\n<p>&nbsp;<\/p>\n","protected":false},"excerpt":{"rendered":"<p>Rachel Moret pour la premi\u00e8re fois dans le top 100 L\u2019introduction du nouveau syst\u00e8me de ranking a des cons\u00e9quences r\u00e9jouissantes&hellip;<\/p>\n","protected":false},"author":8,"featured_media":9681,"comment_status":"closed","ping_status":"closed","sticky":false,"template":"","format":"standard","meta":{"_monsterinsights_skip_tracking":false,"_monsterinsights_sitenote_active":false,"_monsterinsights_sitenote_note":"","_monsterinsights_sitenote_category":0,"footnotes":""},"categories":[118],"tags":[],"class_list":["post-9686","post","type-post","status-publish","format-standard","has-post-thumbnail","hentry","category-sport-d-elite"],"_links":{"self":[{"href":"https:\/\/www.swisstabletennis.ch\/fr\/wp-json\/wp\/v2\/posts\/9686","targetHints":{"allow":["GET"]}}],"collection":[{"href":"https:\/\/www.swisstabletennis.ch\/fr\/wp-json\/wp\/v2\/posts"}],"about":[{"href":"https:\/\/www.swisstabletennis.ch\/fr\/wp-json\/wp\/v2\/types\/post"}],"author":[{"embeddable":true,"href":"https:\/\/www.swisstabletennis.ch\/fr\/wp-json\/wp\/v2\/users\/8"}],"replies":[{"embeddable":true,"href":"https:\/\/www.swisstabletennis.ch\/fr\/wp-json\/wp\/v2\/comments?post=9686"}],"version-history":[{"count":0,"href":"https:\/\/www.swisstabletennis.ch\/fr\/wp-json\/wp\/v2\/posts\/9686\/revisions"}],"wp:featuredmedia":[{"embeddable":true,"href":"https:\/\/www.swisstabletennis.ch\/fr\/wp-json\/wp\/v2\/media\/9681"}],"wp:attachment":[{"href":"https:\/\/www.swisstabletennis.ch\/fr\/wp-json\/wp\/v2\/media?parent=9686"}],"wp:term":[{"taxonomy":"category","embeddable":true,"href":"https:\/\/www.swisstabletennis.ch\/fr\/wp-json\/wp\/v2\/categories?post=9686"},{"taxonomy":"post_tag","embeddable":true,"href":"https:\/\/www.swisstabletennis.ch\/fr\/wp-json\/wp\/v2\/tags?post=9686"}],"curies":[{"name":"wp","href":"https:\/\/api.w.org\/{rel}","templated":true}]}}