{"id":9715,"date":"2018-01-23T12:00:00","date_gmt":"2018-01-23T11:00:00","guid":{"rendered":"https:\/\/swisstabletennis.ch\/neu\/europe-top-16-interview-avec-georg-silberschmidt-et-nicolas-imhof\/"},"modified":"2018-01-23T12:00:00","modified_gmt":"2018-01-23T11:00:00","slug":"europe-top-16-interview-avec-georg-silberschmidt-et-nicolas-imhof","status":"publish","type":"post","link":"https:\/\/www.swisstabletennis.ch\/fr\/europe-top-16-interview-avec-georg-silberschmidt-et-nicolas-imhof\/","title":{"rendered":"Europe Top 16: Interview avec Georg Silberschmidt et Nicolas Imhof"},"content":{"rendered":"<p class=\"titel\"><strong><a href=\"https:\/\/www.swisstabletennis.ch\/wp-content\/uploads\/2018\/01\/Georg_Silberschmidt_Europe_Top_16.jpg\" target=\"_blank\" rel=\"noopener\" class=\"jcepopup noicon\" data-mediabox=\"1\"><img fetchpriority=\"high\" decoding=\"async\" class=\" alignleft size-full wp-image-9710\" src=\"https:\/\/www.swisstabletennis.ch\/wp-content\/uploads\/2018\/01\/Georg_Silberschmidt_Europe_Top_16.jpg\" alt=\"Georg Silberschmidt Europe Top 16\" width=\"520\" height=\"389\" style=\"margin-right: 20px; margin-bottom: 10px; float: left;\" srcset=\"https:\/\/www.swisstabletennis.ch\/wp-content\/uploads\/2018\/01\/Georg_Silberschmidt_Europe_Top_16.jpg 1384w, https:\/\/www.swisstabletennis.ch\/wp-content\/uploads\/2018\/01\/Georg_Silberschmidt_Europe_Top_16-600x449.jpg 600w\" sizes=\"(max-width: 520px) 100vw, 520px\" \/><\/a><\/strong>\u00abNous attendons si possible que les joueurs suisses fassent douter les meilleurs\u00bb<\/p>\n<p class=\"untertitel\">D\u2019ici m\u00eame pas deux semaines, nous y serons enfin : le Top 16 aura lieu \u00e0 Montreux. Georg Silberschmidt, Chef Sport d\u2019\u00e9lite STT et Nicolas Imhof, Pr\u00e9sident STT se sont beaucoup engag\u00e9s pour faire venir le tournoi \u00e0 Montreux.<\/p>\n<p>&nbsp;<\/p>\n<p>Vous pouvez acheter des billets ici: <a href=\"https:\/\/www.ticketmaster.ch\/artist\/ittf-europe-top-16-montreux-billets\/991115?language=fr-ch\" target=\"_blank\" rel=\"noopener\">Ticketmaster<\/a><\/p>\n<p><!--more--><\/p>\n<p>Interview: Annina H\u00e4usli \/ photos: zvg<\/p>\n<p>&nbsp;<\/p>\n<p><strong>Comment avez-vous r\u00e9ussi \u00e0 faire venir le Top 16 en Suisse ?<\/strong><\/p>\n<p>Georg Silberschmidt : \u00c0 Lausanne, nous avons organis\u00e9 le Swiss Open \u00e0 cinq reprises et le Top 12 une fois \u2013 toujours \u00e0 l\u2019enti\u00e8re satisfaction de toutes les personnes concern\u00e9es. Cette information s\u2019est r\u00e9pandue aussi au sein des organes sup\u00e9rieurs de la f\u00e9d\u00e9ration europ\u00e9enne (ETTU). C\u2019est ainsi que le pr\u00e9sident de l\u2019ETTU, Ronald Kramer, et le secr\u00e9taire g\u00e9n\u00e9ral, Richard Scruton, nous ont abord\u00e9s pour la premi\u00e8re fois lors des CE \u00e0 Budapest pour nous pr\u00e9senter leur souhait&nbsp;: organiser l\u2019Europe Top 16 Cup en Suisse durant ces prochaines ann\u00e9es et en faire un \u00e9v\u00e9nement majeur. Lors des CM par \u00e9quipes \u00e0 D\u00fcsseldorf, nous avons ensuite eu le feu vert d\u00e9finitif.<\/p>\n<p>&nbsp;<\/p>\n<p><a href=\"https:\/\/www.swisstabletennis.ch\/wp-content\/uploads\/2018\/01\/Nicolas_Imhof_Europe_Top_16.jpg\" class=\"jcepopup noicon\" data-mediabox=\"1\"><img decoding=\"async\" class=\" size-full wp-image-9712\" src=\"https:\/\/www.swisstabletennis.ch\/wp-content\/uploads\/2018\/01\/Nicolas_Imhof_Europe_Top_16.jpg\" alt=\"Nicolas Imhof Europe Top 16\" width=\"520\" style=\"margin: 10px auto; display: block;\" srcset=\"https:\/\/www.swisstabletennis.ch\/wp-content\/uploads\/2018\/01\/Nicolas_Imhof_Europe_Top_16.jpg 1384w, https:\/\/www.swisstabletennis.ch\/wp-content\/uploads\/2018\/01\/Nicolas_Imhof_Europe_Top_16-600x449.jpg 600w\" sizes=\"(max-width: 1384px) 100vw, 1384px\" \/><\/a><\/p>\n<p>&nbsp;<\/p>\n<p><strong>Quelle est l\u2019importance d\u2019un tournoi tel que le Top 16 pour le tennis de table suisse ?<\/strong><\/p>\n<p>Au niveau de nos deux joueurs qui y participent, c&rsquo;est surtout l&rsquo;occasion, comme lors de l&rsquo;ancien Swiss Open de Lausanne, de se frotter \u00e0 un des tout meilleurs joueurs de la plan\u00e8te, et ce devant le public suisse. Au niveau des membres de notre f\u00e9d\u00e9ration, c&rsquo;est la chance de voir \u00e9voluer les meilleurs pongistes de la plan\u00e8te &#8211; et peut-\u00eatre de s&rsquo;en inspirer (rigole). Et pour notre f\u00e9d\u00e9ration elle-m\u00eame, dont le but est de promouvoir le tennis de table, c&rsquo;est l&rsquo;occasion de faire parler de ce sport, notamment dans les m\u00e9dias et sur les r\u00e9seaux sociaux.<\/p>\n<p><strong>&nbsp;<\/strong><\/p>\n<p><strong>Quel est ou \u00e9tait le plus grand d\u00e9fi au niveau de l\u2019organisation d\u2019un tel tournoi ?<\/strong><\/p>\n<p>NI: Les d\u00e9fis sont nombreux. Le premier est de r\u00e9unir un budget de plus de Fr. 450&rsquo;000.- pour un tournoi de tennis de table en Suisse. Le deuxi\u00e8me est de r\u00e9pondre aux attentes des joueurs et aux exigences de la f\u00e9d\u00e9ration internationale. Contrairement au Swiss Open, un \u00ab\u00a0petit tournoi dans le calendrier officiel\u00a0\u00bb pour lequel nous avions beaucoup de libert\u00e9, nous sommes avec le Top 16 suivis de tr\u00e8s pr\u00e8s voire accompagn\u00e9s par l&rsquo;ETTU et l&rsquo;ITTF et il convient de r\u00e9pondre \u00e0 toutes les attentes en terme de technique, de protocole, de logistique. Et il n&rsquo;est pas simple de le faire dans une salle que nous d\u00e9couvrons puisque c&rsquo;est le premier tournoi de ce niveau que nous y organisons. Mais le principal, encore une fois, reste la chaleur et la qualit\u00e9 de l&rsquo;accueil que nous r\u00e9servons \u00e0 tous les joueurs et \u00e0 leur entourage : c&rsquo;est ce qui faisait la force du Swiss Open de Lausanne et qui doit faire la force du Top 16. Pour cela, le cadre g\u00e9ographique de Montreux est un sacr\u00e9 avantage ! &nbsp;<\/p>\n<p>&nbsp;<\/p>\n<p><strong>Qu\u2019attendez-vous du Top 16 ?<\/strong><\/p>\n<p><strong>&nbsp;<\/strong><\/p>\n<p>NI: Nous attendons en priorit\u00e9 que les joueurs se sentent bien accueillis et qu&rsquo;il n&rsquo;y ait pas de gros probl\u00e8mes au niveau de l&rsquo;organisation. Nous attendons que la salle la plus remplie possible, afin de recr\u00e9er l&rsquo;ambiance de Lausanne qui a fait notre succ\u00e8s et notre r\u00e9putation &#8211; pour cela il faut que les membres de notre f\u00e9d\u00e9ration se mobilisent et viennent assister \u00e0 cette comp\u00e9tition incroyable. Nous attendons que les m\u00e9dias parlent de notre sport \u00e0 cette occasion &#8211; et l\u00e0 ce n&rsquo;est pas gagn\u00e9 d&rsquo;avance. Et nous attendons si possible que les joueurs suisses fassent douter les meilleurs. Enfin nous attendons bien s\u00fbr un budget \u00e9quilibr\u00e9.<\/p>\n<p>&nbsp;<\/p>\n<p><strong>Quel est votre favori \u00e0 la victoire du tournoi ?<\/strong><\/p>\n<p>GS: C\u2019est difficile \u00e0 dire car je n\u2019ai pas pu observer les joueurs et joueuses dans le cadre de l\u2019entra\u00eenement et des comp\u00e9titions. Il est certainement int\u00e9ressant de voir comment Dima Ovtcharov qui a remport\u00e9 les trois derni\u00e8res \u00e9ditions du Top16 Cup saura g\u00e9rer son r\u00f4le de nouveau num\u00e9ro 1 du monde et donc le r\u00f4le de celui qui est pourchass\u00e9 par tous. Ses concurrents, notamment son co\u00e9quipier Timo Boll qui a retrouv\u00e9 sa forme, ne vont certainement pas lui rendre les choses tr\u00e8s faciles.&nbsp;<\/p>\n<p>NI : Je n\u2019ai rien \u00e0 ajouter \u00e0 cela.<\/p>\n<p><strong>&nbsp;<\/strong><\/p>\n<p><strong>Comment \u00e9valuez-vous les chances des joueurs suisses ? <\/strong><\/p>\n<p>GS : Pour Rachel Moret et Lionel Weber, la participation est une pr\u00e9cieuse exp\u00e9rience sur leur chemin vers l\u2019\u00e9lite europ\u00e9enne \u00e9largie. Lors des quarts de finale du Swiss Open de l\u2019ann\u00e9e derni\u00e8re, Rachel n\u2019avait perdu que de justesse contre Matilda Ekholm qui avait ensuite remport\u00e9 le tournoi. Quant \u00e0 Lionel, il avait s\u00e9rieusement sollicit\u00e9 Stefan Fegerl il y a deux ans avant de s\u2019incliner \u00e0 l\u2019issue du set d\u00e9cisif. Qui sait ce que nos cracks peuvent faire s\u2019ils peuvent affronter les vedettes sans souci gr\u00e2ce au grand soutien du public \u00e0 domicile&nbsp;?<\/p>\n<p>NI : Tout ce que Georg dit est juste, je partage cet avis.<\/p>\n","protected":false},"excerpt":{"rendered":"<p>\u00abNous attendons si possible que les joueurs suisses fassent douter les meilleurs\u00bb D\u2019ici m\u00eame pas deux semaines, nous y serons&hellip;<\/p>\n","protected":false},"author":8,"featured_media":9710,"comment_status":"","ping_status":"closed","sticky":false,"template":"","format":"standard","meta":{"_monsterinsights_skip_tracking":false,"_monsterinsights_sitenote_active":false,"_monsterinsights_sitenote_note":"","_monsterinsights_sitenote_category":0,"footnotes":""},"categories":[118],"tags":[],"class_list":["post-9715","post","type-post","status-publish","format-standard","has-post-thumbnail","hentry","category-sport-d-elite"],"_links":{"self":[{"href":"https:\/\/www.swisstabletennis.ch\/fr\/wp-json\/wp\/v2\/posts\/9715","targetHints":{"allow":["GET"]}}],"collection":[{"href":"https:\/\/www.swisstabletennis.ch\/fr\/wp-json\/wp\/v2\/posts"}],"about":[{"href":"https:\/\/www.swisstabletennis.ch\/fr\/wp-json\/wp\/v2\/types\/post"}],"author":[{"embeddable":true,"href":"https:\/\/www.swisstabletennis.ch\/fr\/wp-json\/wp\/v2\/users\/8"}],"replies":[{"embeddable":true,"href":"https:\/\/www.swisstabletennis.ch\/fr\/wp-json\/wp\/v2\/comments?post=9715"}],"version-history":[{"count":0,"href":"https:\/\/www.swisstabletennis.ch\/fr\/wp-json\/wp\/v2\/posts\/9715\/revisions"}],"wp:featuredmedia":[{"embeddable":true,"href":"https:\/\/www.swisstabletennis.ch\/fr\/wp-json\/wp\/v2\/media\/9710"}],"wp:attachment":[{"href":"https:\/\/www.swisstabletennis.ch\/fr\/wp-json\/wp\/v2\/media?parent=9715"}],"wp:term":[{"taxonomy":"category","embeddable":true,"href":"https:\/\/www.swisstabletennis.ch\/fr\/wp-json\/wp\/v2\/categories?post=9715"},{"taxonomy":"post_tag","embeddable":true,"href":"https:\/\/www.swisstabletennis.ch\/fr\/wp-json\/wp\/v2\/tags?post=9715"}],"curies":[{"name":"wp","href":"https:\/\/api.w.org\/{rel}","templated":true}]}}