{"id":9773,"date":"2018-02-15T10:00:00","date_gmt":"2018-02-15T09:00:00","guid":{"rendered":"https:\/\/swisstabletennis.ch\/neu\/bilan-forum-des-clubs\/"},"modified":"2018-02-15T10:00:00","modified_gmt":"2018-02-15T09:00:00","slug":"bilan-forum-des-clubs","status":"publish","type":"post","link":"https:\/\/www.swisstabletennis.ch\/fr\/bilan-forum-des-clubs\/","title":{"rendered":"Bilan Forum des Clubs"},"content":{"rendered":"<p class=\"titel\"><strong><a href=\"https:\/\/www.swisstabletennis.ch\/wp-content\/uploads\/2018\/02\/zbc_STT_Forum_2018_Montreux_11.JPG\" class=\"jcepopup noicon\" data-mediabox=\"1\"><img fetchpriority=\"high\" decoding=\"async\" class=\" alignleft size-full wp-image-9771\" src=\"https:\/\/www.swisstabletennis.ch\/wp-content\/uploads\/2018\/02\/zbc_STT_Forum_2018_Montreux_11.JPG\" alt=\"zbc STT Forum 2018 Montreux 11\" width=\"520\" height=\"356\" style=\"margin-right: 20px; margin-bottom: 10px; float: left;\" \/><\/a><\/strong>Une premi\u00e8re \u00e9dition r\u00e9ussie du Forum des clubs<\/p>\n<p><span class=\"untertitel\">Le premier Forum des clubs \u00e9tait organis\u00e9 en parall\u00e8le \u00e0 la premi\u00e8re \u00e9dition du CCB ITTF Europe Top 16 Cup \u00e0 Montreux. Plus de 100 repr\u00e9sentants d\u2019environ 70 clubs se rendaient au Lac L\u00e9man o\u00f9 l\u2019on pouvait donc mener des discussions int\u00e9ressantes.<\/span><\/p>\n<p><!--more--><\/p>\n<p>Texte: Annina H\u00e4usli \/ photo: Ren\u00e9 Zwald<\/p>\n<p>&nbsp;<\/p>\n<p>Apr\u00e8s une longue p\u00e9riode de planification, l\u2019attente \u00e9tait enfin fini le 3 f\u00e9vrier 2018 : le premier Forum des clubs organis\u00e9 par STT se d\u00e9roulait \u00e0 Montreux avec l\u2019objectif d\u2019am\u00e9liorer et de promouvoir la collaboration entre la f\u00e9d\u00e9ration, les clubs et les AR. Le pr\u00e9sident Nicolas Imhof informait les clubs pr\u00e9sents sur diff\u00e9rents projets que Swiss Table Tennis fait avancer avec engagement. Parmi ces projets, il y a aussi diff\u00e9rents projets du Sport de loisirs.<\/p>\n<p>&nbsp;<\/p>\n<p>Durant ce Forum, les clubs avaient \u00e9galement l\u2019occasion de s\u2019\u00e9changer entre eux, de recueillir des id\u00e9es et de faire des propositions \u00e0 STT. Pendant presqu\u2019une heure, on faisait du brainstorming dans le cadre de plusieurs ateliers et on rassemblait des propositions constructives sur des th\u00e8mes tels que les arbitres, les entra\u00eeneurs ou la communication.<\/p>\n<p>&nbsp;<\/p>\n<p>Apr\u00e8s un repas pour reprendre des forces, les clubs pouvaient soumettre des propositions en groupes de travail, pour d\u00e9montrer comment STT peut les soutenir dans diff\u00e9rents domaines. Apr\u00e8s le Forum, tous les participants b\u00e9n\u00e9ficiaient d\u2019une entr\u00e9e libre au Top 16 o\u00f9 ils pouvaient terminer la journ\u00e9e avec du tennis de table de tr\u00e8s haut niveau.<\/p>\n<p>&nbsp;<\/p>\n<p>STT adresse ses remerciements \u00e0 tous les clubs qui ont particip\u00e9 \u00e0 ce premier Forum et esp\u00e8re accueillir encore plus de clubs d\u2019ici deux ans afin de pouvoir consolider encore la collaboration. Un r\u00e9sum\u00e9 de toutes les id\u00e9es rassembl\u00e9es lors du Forum des clubs sera mis en ligne prochainement.<\/p><\/p>\n","protected":false},"excerpt":{"rendered":"<p>Une premi\u00e8re \u00e9dition r\u00e9ussie du Forum des clubs Le premier Forum des clubs \u00e9tait organis\u00e9 en parall\u00e8le \u00e0 la premi\u00e8re&hellip;<\/p>\n","protected":false},"author":8,"featured_media":9771,"comment_status":"","ping_status":"closed","sticky":false,"template":"","format":"standard","meta":{"_monsterinsights_skip_tracking":false,"_monsterinsights_sitenote_active":false,"_monsterinsights_sitenote_note":"","_monsterinsights_sitenote_category":0,"footnotes":""},"categories":[120],"tags":[],"class_list":["post-9773","post","type-post","status-publish","format-standard","has-post-thumbnail","hentry","category-stt-news-kategorie-fr"],"_links":{"self":[{"href":"https:\/\/www.swisstabletennis.ch\/fr\/wp-json\/wp\/v2\/posts\/9773","targetHints":{"allow":["GET"]}}],"collection":[{"href":"https:\/\/www.swisstabletennis.ch\/fr\/wp-json\/wp\/v2\/posts"}],"about":[{"href":"https:\/\/www.swisstabletennis.ch\/fr\/wp-json\/wp\/v2\/types\/post"}],"author":[{"embeddable":true,"href":"https:\/\/www.swisstabletennis.ch\/fr\/wp-json\/wp\/v2\/users\/8"}],"replies":[{"embeddable":true,"href":"https:\/\/www.swisstabletennis.ch\/fr\/wp-json\/wp\/v2\/comments?post=9773"}],"version-history":[{"count":0,"href":"https:\/\/www.swisstabletennis.ch\/fr\/wp-json\/wp\/v2\/posts\/9773\/revisions"}],"wp:featuredmedia":[{"embeddable":true,"href":"https:\/\/www.swisstabletennis.ch\/fr\/wp-json\/wp\/v2\/media\/9771"}],"wp:attachment":[{"href":"https:\/\/www.swisstabletennis.ch\/fr\/wp-json\/wp\/v2\/media?parent=9773"}],"wp:term":[{"taxonomy":"category","embeddable":true,"href":"https:\/\/www.swisstabletennis.ch\/fr\/wp-json\/wp\/v2\/categories?post=9773"},{"taxonomy":"post_tag","embeddable":true,"href":"https:\/\/www.swisstabletennis.ch\/fr\/wp-json\/wp\/v2\/tags?post=9773"}],"curies":[{"name":"wp","href":"https:\/\/api.w.org\/{rel}","templated":true}]}}