{"id":9800,"date":"2018-02-23T10:00:00","date_gmt":"2018-02-23T09:00:00","guid":{"rendered":"https:\/\/swisstabletennis.ch\/neu\/ce-par-equipes-qualification-2019\/"},"modified":"2018-02-23T10:00:00","modified_gmt":"2018-02-23T09:00:00","slug":"ce-par-equipes-qualification-2019","status":"publish","type":"post","link":"https:\/\/www.swisstabletennis.ch\/fr\/ce-par-equipes-qualification-2019\/","title":{"rendered":"CE par \u00e9quipes Qualification 2019"},"content":{"rendered":"<p class=\"titel\"><strong><a href=\"https:\/\/www.swisstabletennis.ch\/wp-content\/uploads\/2018\/02\/Reust_Celine_2016-1.jpg\" class=\"jcepopup noicon\" data-mediabox=\"1\"><img fetchpriority=\"high\" decoding=\"async\" class=\" alignleft size-full wp-image-9783\" src=\"https:\/\/www.swisstabletennis.ch\/wp-content\/uploads\/2018\/02\/Reust_Celine_2016-1.jpg\" alt=\"Reust C\u00e9line 2016 1\" width=\"520\" height=\"427\" style=\"margin-right: 20px; margin-bottom: 10px; float: left;\" srcset=\"https:\/\/www.swisstabletennis.ch\/wp-content\/uploads\/2018\/02\/Reust_Celine_2016-1.jpg 1129w, https:\/\/www.swisstabletennis.ch\/wp-content\/uploads\/2018\/02\/Reust_Celine_2016-1-600x493.jpg 600w\" sizes=\"(max-width: 520px) 100vw, 520px\" \/><\/a><\/strong>Lors du premier tour des qualifications pour les CE, les Suissesses affronteront l\u2019Autriche<\/p>\n<p><span class=\"untertitel\">Mardi, 27 f\u00e9vrier, C\u00e9line Reust, Mireille Kroon et Salom\u00e9 Simonet affronteront les Autrichiennes dans \u00ab\u00a0l\u2019European Championships Stage 1\u00a0\u00bb afin de d\u00e9finir la situation de d\u00e9part lors des CE par \u00e9quipes de 2019.<\/span><\/p>\n<\/p>\n<p><!--more--><\/p>\n<p>Texte : Annina H\u00e4usli \/ photos : Ren\u00e9 Zwald\/zvg<\/p>\n<p>&nbsp;<\/p>\n<p>Les qualifications pour les CE par \u00e9quipes 2019 \u00e0 Nantes (France) d\u00e9buteront d\u00e9j\u00e0 d\u2019ici une semaine. Cette longue premi\u00e8re phase (18 mois) des CE par \u00e9quipes 2019 est due \u00e0 une r\u00e9forme d\u00e9cid\u00e9e lors des Championnats \u00e0 Luxembourg. Seulement 24 \u00e9quipes participeront au tour final \u00e0 Nantes. Il faut donc d\u2019abord faire le tri.<\/p>\n<p>&nbsp;<\/p>\n<p><strong>Le mode :<\/strong><\/p>\n<p>Il y a deux groupes. Les 18 meilleurs \u00e9quipes forment le groupe A et les autres \u00e9quipes (21 chez les Messieurs et 17 chez les Dames) constituent le groupe B. Dans le groupe A, 6 groupes \u00e0 3 \u00e9quipes ont \u00e9t\u00e9 form\u00e9s, les deux premi\u00e8res \u00e9quipes de chaque groupe se qualifiant pour les CE par \u00e9quipes. Les \u00e9quipes ayant termin\u00e9 \u00e0 la troisi\u00e8me place disputeront un tournoi de rel\u00e9gation contre les premi\u00e8res \u00e9quipes des groupes du groupe B afin d\u2019attribuer les dix derni\u00e8res places.<\/p>\n<p>&nbsp;<\/p>\n<p>Les Suissesses qui sont int\u00e9gr\u00e9es dans les 18 meilleures \u00e9quipes (donc dans le groupe A) pour cette premi\u00e8re phase devront affronter l\u2019Autriche la semaine prochaine. Le match contre les Autrichiennes aura lieu \u00e0 Kennelbach pr\u00e8s de la fronti\u00e8re suisse, \u00e0 seulement une heure et demie de voiture depuis Zurich ! Le Portugal sera le deuxi\u00e8me adversaire. Le premier match \u00e0 domicile contre les Portugaises aura lieu le 22 mai.<\/p>\n<p>&nbsp;<\/p>\n<p><strong>Premi\u00e8re pour &nbsp;Salom\u00e9 Simonet<\/strong><\/p>\n<p>&nbsp;<\/p>\n<p>Contre l\u2019Autriche, la Suisse alignera C\u00e9line Reust, Mireille Kroon et Salom\u00e9 Simonet. Pour Simonet, il s\u2019agit de son premier engagement dans le cadre d\u2019une comp\u00e9tition internationale au niveau \u00e9lite (apr\u00e8s la participation au Swiss Open \u00e0 Lausanne en 2017). Rahel Aschwanden est encore bless\u00e9e et Rachel Moret dispute d\u00e9j\u00e0 une comp\u00e9tition \u00e0 l\u2019\u00e9tranger.<\/p>\n<p>&nbsp;<\/p>\n<p><strong>Match \u00e0 domicile des Messieurs le 27 mars \u00e0 Gen\u00e8ve<\/strong><\/p>\n<p>&nbsp;<\/p>\n<p>Les Messieurs jouent dans le groupe B pour la qualification pour le tournoi de rel\u00e9gation. Le tirage au sort leur a attribu\u00e9 la Finlande et l\u2019\u00c9cosse comme adversaires. Les Messieurs disputeront leur premier match le 27 mars \u00e0 Gen\u00e8ve contre la Finlande. De plus amples informations concernant le match \u00e0 domicile suivront. STT adresse d\u2019ores et d\u00e9j\u00e0 ses remerciements \u00e0 l\u2019organisateur CTT ZZ-Lancy et esp\u00e8re que de nombreux spectateurs iront encourager nos joueurs.<\/p><\/p>\n","protected":false},"excerpt":{"rendered":"<p>Lors du premier tour des qualifications pour les CE, les Suissesses affronteront l\u2019Autriche Mardi, 27 f\u00e9vrier, C\u00e9line Reust, Mireille Kroon&hellip;<\/p>\n","protected":false},"author":8,"featured_media":9783,"comment_status":"","ping_status":"closed","sticky":false,"template":"","format":"standard","meta":{"_monsterinsights_skip_tracking":false,"_monsterinsights_sitenote_active":false,"_monsterinsights_sitenote_note":"","_monsterinsights_sitenote_category":0,"footnotes":""},"categories":[118],"tags":[],"class_list":["post-9800","post","type-post","status-publish","format-standard","has-post-thumbnail","hentry","category-sport-d-elite"],"_links":{"self":[{"href":"https:\/\/www.swisstabletennis.ch\/fr\/wp-json\/wp\/v2\/posts\/9800","targetHints":{"allow":["GET"]}}],"collection":[{"href":"https:\/\/www.swisstabletennis.ch\/fr\/wp-json\/wp\/v2\/posts"}],"about":[{"href":"https:\/\/www.swisstabletennis.ch\/fr\/wp-json\/wp\/v2\/types\/post"}],"author":[{"embeddable":true,"href":"https:\/\/www.swisstabletennis.ch\/fr\/wp-json\/wp\/v2\/users\/8"}],"replies":[{"embeddable":true,"href":"https:\/\/www.swisstabletennis.ch\/fr\/wp-json\/wp\/v2\/comments?post=9800"}],"version-history":[{"count":0,"href":"https:\/\/www.swisstabletennis.ch\/fr\/wp-json\/wp\/v2\/posts\/9800\/revisions"}],"wp:featuredmedia":[{"embeddable":true,"href":"https:\/\/www.swisstabletennis.ch\/fr\/wp-json\/wp\/v2\/media\/9783"}],"wp:attachment":[{"href":"https:\/\/www.swisstabletennis.ch\/fr\/wp-json\/wp\/v2\/media?parent=9800"}],"wp:term":[{"taxonomy":"category","embeddable":true,"href":"https:\/\/www.swisstabletennis.ch\/fr\/wp-json\/wp\/v2\/categories?post=9800"},{"taxonomy":"post_tag","embeddable":true,"href":"https:\/\/www.swisstabletennis.ch\/fr\/wp-json\/wp\/v2\/tags?post=9800"}],"curies":[{"name":"wp","href":"https:\/\/api.w.org\/{rel}","templated":true}]}}