{"id":9804,"date":"2018-02-28T11:00:00","date_gmt":"2018-02-28T10:00:00","guid":{"rendered":"https:\/\/swisstabletennis.ch\/neu\/team-em-qualifikation-2019-schweiz-vs-oesterreich-2\/"},"modified":"2018-02-28T11:00:00","modified_gmt":"2018-02-28T10:00:00","slug":"team-em-qualifikation-2019-schweiz-vs-oesterreich-2","status":"publish","type":"post","link":"https:\/\/www.swisstabletennis.ch\/fr\/team-em-qualifikation-2019-schweiz-vs-oesterreich-2\/","title":{"rendered":"Team-EM Qualifikation 2019 &#8211; Schweiz Vs. \u00d6sterreich"},"content":{"rendered":"<p class=\"titel\"><strong><a href=\"https:\/\/www.swisstabletennis.ch\/wp-content\/uploads\/2018\/02\/ETTC2017_Cline_gegen_Serbien_6245.jpg\" class=\"jcepopup noicon\" data-mediabox=\"1\"><img fetchpriority=\"high\" decoding=\"async\" class=\" alignleft size-full wp-image-9801\" src=\"https:\/\/www.swisstabletennis.ch\/wp-content\/uploads\/2018\/02\/ETTC2017_Cline_gegen_Serbien_6245.jpg\" alt=\"ETTC2017 Cline gegen Serbien 6245\" width=\"520\" height=\"346\" style=\"margin-right: 20px; margin-bottom: 10px; float: left;\" \/><\/a><\/strong>Les Suissesses perdent leur premier match de qualification contre l\u2019Autriche<\/p>\n<p><span class=\"untertitel\">Hier soir (mardi), C\u00e9line, Mireille et Salom\u00e9 se rendaient \u00e0 Kennelbach en Autriche. Comme il fallait s\u2019y attendre, elles n\u2019avaient malheureusement aucune chance face aux Dames de notre pays voisin.<\/span><\/p>\n<\/p>\n<p><!--more--><\/p>\n<p>Texte : Annina H\u00e4usli \/ photo : Markus Reust (archives)<\/p>\n<p>&nbsp;<\/p>\n<p>Les Autrichiennes jouaient certes sans Liu Jia, mais avec leur num\u00e9ro 1, Sofia Polcanova \u2013 qui avait battu Rachel Moret 4:1 lors du Top 16 \u2013 et la joueuse exp\u00e9riment\u00e9e Amelie Solja ainsi que Karoline Mischek et la joueuse de la rel\u00e8ve Sophia Kellermann, les Autrichiennes partaient clairement favorites.<\/p>\n<p>&nbsp;<\/p>\n<p>Et au grand regret de nos Suissesses, elles assumaient parfaitement ce r\u00f4le de favorites. Face \u00e0 Polcanova (WR 21), Salom\u00e9 Simonet n\u2019avait aucune chance, de m\u00eame que Mireille Kroon contre Amelie Solja (WR 180). La num\u00e9ro un C\u00e9line Reust aurait en revanche presque pu arracher un set \u00e0 Karoline Mischek (WR 178). Mais au bout du compte, les Suissesses ne remportaient pas non plus ce set.<\/p>\n<p>&nbsp;<\/p>\n<p>Sophia POLCANOVA &#8211; Salom\u00e9 SIMONET: 11:5 \/ 11:3 \/ 11:4<\/p>\n<p>Karoline MISCHEK &#8211; C\u00e9line REUST: 15:13 \/ 11:6 \/ 11:7<\/p>\n<p>Amelie SOLJA &#8211; Mireille KROON: 11:7 \/ 11:5 \/ 11:9<\/p>\n<p>&nbsp;<\/p>\n<p>L\u2019aventure continuera pour les Suissesses d\u2019ici trois mois, le 22 mai. Elles disputeront alors le premier match \u00e0 domicile contre le Portugal. On est encore \u00e0 la recherche d\u2019un organisateur pour cet \u00e9v\u00e9nement !<\/p>\n<\/p>\n<p><strong>Match \u00e0 domicile des Messieurs le 27 mars \u00e0 Gen\u00e8ve<\/strong><\/p>\n<p>&nbsp;<\/p>\n<p>Les Messieurs jouent dans le groupe B pour la qualification pour le tournoi de rel\u00e9gation. Le tirage au sort leur a attribu\u00e9 la Finlande et l\u2019\u00c9cosse comme adversaires. Les Messieurs disputeront leur premier match le 27 mars \u00e0 Gen\u00e8ve contre la Finlande. De plus amples informations concernant le match \u00e0 domicile suivront. STT adresse d\u2019ores et d\u00e9j\u00e0 ses remerciements \u00e0 l\u2019organisateur CTT ZZ-Lancy et esp\u00e8re que de nombreux spectateurs iront encourager nos joueurs.<\/p><\/p>\n","protected":false},"excerpt":{"rendered":"<p>Les Suissesses perdent leur premier match de qualification contre l\u2019Autriche Hier soir (mardi), C\u00e9line, Mireille et Salom\u00e9 se rendaient \u00e0&hellip;<\/p>\n","protected":false},"author":8,"featured_media":9801,"comment_status":"","ping_status":"closed","sticky":false,"template":"","format":"standard","meta":{"_monsterinsights_skip_tracking":false,"_monsterinsights_sitenote_active":false,"_monsterinsights_sitenote_note":"","_monsterinsights_sitenote_category":0,"footnotes":""},"categories":[118],"tags":[],"class_list":["post-9804","post","type-post","status-publish","format-standard","has-post-thumbnail","hentry","category-sport-d-elite"],"_links":{"self":[{"href":"https:\/\/www.swisstabletennis.ch\/fr\/wp-json\/wp\/v2\/posts\/9804","targetHints":{"allow":["GET"]}}],"collection":[{"href":"https:\/\/www.swisstabletennis.ch\/fr\/wp-json\/wp\/v2\/posts"}],"about":[{"href":"https:\/\/www.swisstabletennis.ch\/fr\/wp-json\/wp\/v2\/types\/post"}],"author":[{"embeddable":true,"href":"https:\/\/www.swisstabletennis.ch\/fr\/wp-json\/wp\/v2\/users\/8"}],"replies":[{"embeddable":true,"href":"https:\/\/www.swisstabletennis.ch\/fr\/wp-json\/wp\/v2\/comments?post=9804"}],"version-history":[{"count":0,"href":"https:\/\/www.swisstabletennis.ch\/fr\/wp-json\/wp\/v2\/posts\/9804\/revisions"}],"wp:featuredmedia":[{"embeddable":true,"href":"https:\/\/www.swisstabletennis.ch\/fr\/wp-json\/wp\/v2\/media\/9801"}],"wp:attachment":[{"href":"https:\/\/www.swisstabletennis.ch\/fr\/wp-json\/wp\/v2\/media?parent=9804"}],"wp:term":[{"taxonomy":"category","embeddable":true,"href":"https:\/\/www.swisstabletennis.ch\/fr\/wp-json\/wp\/v2\/categories?post=9804"},{"taxonomy":"post_tag","embeddable":true,"href":"https:\/\/www.swisstabletennis.ch\/fr\/wp-json\/wp\/v2\/tags?post=9804"}],"curies":[{"name":"wp","href":"https:\/\/api.w.org\/{rel}","templated":true}]}}