{"id":9808,"date":"2018-03-01T10:00:00","date_gmt":"2018-03-01T09:00:00","guid":{"rendered":"https:\/\/swisstabletennis.ch\/neu\/timo-boll-et-roger-federer-deux-legendes-avec-de-grandes-similitudes\/"},"modified":"2018-03-01T10:00:00","modified_gmt":"2018-03-01T09:00:00","slug":"timo-boll-et-roger-federer-deux-legendes-avec-de-grandes-similitudes","status":"publish","type":"post","link":"https:\/\/www.swisstabletennis.ch\/fr\/timo-boll-et-roger-federer-deux-legendes-avec-de-grandes-similitudes\/","title":{"rendered":"Timo Boll et Roger Federer &#8211; Deux l\u00e9gendes avec de grandes similitudes"},"content":{"rendered":"<p class=\"titel\"><strong><a href=\"https:\/\/www.swisstabletennis.ch\/wp-content\/uploads\/2018\/03\/RF_Timo.jpg\" class=\"jcepopup noicon\" data-mediabox=\"1\"><img fetchpriority=\"high\" decoding=\"async\" class=\" alignleft size-full wp-image-9805\" src=\"https:\/\/www.swisstabletennis.ch\/wp-content\/uploads\/2018\/03\/RF_Timo.jpg\" alt=\"RF Timo\" width=\"520\" height=\"165\" style=\"margin-right: 20px; margin-bottom: 10px; float: left;\" srcset=\"https:\/\/www.swisstabletennis.ch\/wp-content\/uploads\/2018\/03\/RF_Timo.jpg 1018w, https:\/\/www.swisstabletennis.ch\/wp-content\/uploads\/2018\/03\/RF_Timo-600x190.jpg 600w\" sizes=\"(max-width: 520px) 100vw, 520px\" \/><\/a><\/strong>Timo Boll et Roger Federer &#8211; Deux l\u00e9gendes avec de grandes similitudes<\/p>\n<p><span class=\"untertitel\">N\u00e9s \u00e0 exactement \u00e0 5 mois d\u2019intervalle (le 8 ao\u00fbt 1981 pour le Suisse et 8 mars 1981 pour l\u2019allemand), Roger Federer et Timo Boll sont deux l\u00e9gendes vivantes dans leur sport respectif et pr\u00e9sentent des similitudes \u00e9tonnantes autant au niveau de leur carri\u00e8re que de leur caract\u00e8re.<\/span><\/p>\n<\/p>\n<p><!--more--><\/p>\n<p>Texte: Loris Biro-Levescot<\/p>\n<p>&nbsp;<\/p>\n<p>Alors qu\u2019ils gagnaient leurs premiers titres encore adolescents (Boll champion d\u2019Europe junior en 1997 et 1998, Federer champion du Monde junior en 1998), les deux sont entr\u00e9s dans le top 10 mondial la m\u00eame ann\u00e9e (2002) avec pour chacun un premier succ\u00e8s majeur&nbsp;: le premier masters pour Federer (\u00e0 Hambourg contre Marat Safin) et le premier Top 12 pour Boll (\u00e0 Rotterdam contre Vladimir Samsonov). Suivaient rapidement des victoires encore plus prestigieuses&nbsp;: premier Grand Chelem pour Federer (Wimbledon 2003) et premi\u00e8re victoire \u00e0 la Coupe du Monde pour Boll (Jinan 2002).<\/p>\n<p>&nbsp;<\/p>\n<p>Quelques mois avant ses 22 ans, Boll atteignait pour la premi\u00e8re fois la place de N\u00b01 mondial en janvier 2003 alors que Federer -N\u00b02 mondial \u00e0 la fin de cette ann\u00e9e l\u00e0- &nbsp;y arrivait exactement un an plus tard gr\u00e2ce sa victoire \u00e0 l\u2019Open d\u2019Australie 2004.<\/p>\n<p>&nbsp;<\/p>\n<p>Aujourd\u2019hui les palmar\u00e8s des deux joueurs sont devenus difficiles \u00e0 synth\u00e9tiser tant ils sont longs&nbsp;:<\/p>\n<p>20 victoires en Grand Chelem pour Federer, plus de 300 semaines en tant que N\u00b01 mondial, 1 coupe Davis, 2 m\u00e9dailles olympiques (une d\u2019or en double avec Wawrinka et une d\u2019argent en simple), 6 ATP Finals, 27 masters 1000 et des dizaines d\u2019autres tournois. La liste est interminable pour RF et les superlatifs manquent pour d\u00e9crire tous les exploits qu\u2019il a r\u00e9alis\u00e9 depuis le d\u00e9but de sa carri\u00e8re.<\/p>\n<p>&nbsp;<\/p>\n<p>2 coupes du Monde pour Boll, 6 titres de champion d\u2019Europe en simple et 6 autres par \u00e9quipe, 6 fois vainqueur du Top 12, 3 m\u00e9dailles olympiques par \u00e9quipe (une en argent et deux en bronze) et des dizaines de victoires en Pro Tour. Il est par ailleurs le seul non-chinois \u00e0 \u00eatre rest\u00e9 plus d\u2019un mois num\u00e9ro mondial entre 2000 et l\u2019arriv\u00e9e du nouveau syst\u00e8me de ranking en janvier 2018.<\/p>\n<p>&nbsp;<\/p>\n<p>15 ans (!) que les deux joueurs ne sont pas sortis du top 20 mondial, m\u00eame apr\u00e8s leurs diff\u00e9rentes pauses suite aux blessures qu\u2019ils ont pu avoir (et l\u00e0 avantage malheureux \u00e0 Boll, beaucoup plus souvent bless\u00e9 que son cadet tennisman). Ici encore une chronologie quasi identique, d\u2019abord des probl\u00e8mes de dos, puis une op\u00e9ration au genou&nbsp;: en 2015 pour Boll et en 2016 pour Federer.<\/p>\n<p>&nbsp;<\/p>\n<p>Au-del\u00e0 des r\u00e9sultats les deux partagent \u00e9galement un talent naturel hors du commun, un toucher de balle et une vision du jeu unique qui leur permet de jouer des coups qu\u2019eux seuls sont capables de r\u00e9ussir (souvent avec le m\u00eame sourire un peu taquin, fiers d\u2019eux mais aussi conscients d\u2019avoir eu ce brin de r\u00e9ussite propre aux g\u00e9nies qu\u2019ils sont).<\/p>\n<\/p>\n<p>Timo Boll&nbsp;:<\/p>\n<p><a href=\"https:\/\/youtu.be\/aR8UmteXZXk\">https:\/\/youtu.be\/aR8UmteXZXk<\/a><\/p>\n<p><a href=\"https:\/\/youtu.be\/n-hHQIFe6os\">https:\/\/youtu.be\/n-hHQIFe6os<\/a><\/p>\n<p><a href=\"https:\/\/youtu.be\/6o1xIRfByXo\">https:\/\/youtu.be\/6o1xIRfByXo<\/a><\/p>\n<p>&nbsp;<\/p>\n<p>Roger Federer :<\/p>\n<p><a href=\"https:\/\/youtu.be\/10oE5X23kKo\">https:\/\/youtu.be\/10oE5X23kKo<\/a><\/p>\n<p><a href=\"https:\/\/youtu.be\/NRF-rHsqcew\">https:\/\/youtu.be\/NRF-rHsqcew<\/a><\/p>\n<p><a href=\"https:\/\/youtu.be\/nrfLKbe1Tso\">https:\/\/youtu.be\/nrfLKbe1Tso<\/a><\/p>\n<\/p>\n<p>D\u00e9j\u00e0 en couple avec leur partenaire de vie avant leur entr\u00e9e dans le Top 10 mondial, les deux joueurs sont des mod\u00e8les de constance, de classe, de calme et de fair-play (Federer a gagn\u00e9 le prix ATP du fair-play 13 fois, vot\u00e9 par les joueurs, Boll a gagn\u00e9 le prix ITTF du fair-play une fois, mais celui-ci est vot\u00e9 par l\u2019ITTF).<\/p>\n<p>&nbsp;<\/p>\n<p>D\u00e9couverts en m\u00eame temps, entr\u00e9s dans la l\u00e9gende en m\u00eame temps, bless\u00e9s en m\u00eame temps. \u00c0 bient\u00f4t 37 ans le gaucher allemand et le droitier suisse occupent de nouveau la place de n\u00b01 mondial, Timo vient de gagner le Top16 alors que Roger vient de gagner l\u2019Australian Open, qui sait encore combien de temps ces deux-l\u00e0 vont nous r\u00e9galer avec leur talent.<\/p>\n<\/p>\n<p><a href=\"https:\/\/butterflyonline.com\/openthenow-epic-ping-pong-roger-federer\/\">https:\/\/butterflyonline.com\/openthenow-epic-ping-pong-roger-federer\/<\/a><\/p>\n","protected":false},"excerpt":{"rendered":"<p>Timo Boll et Roger Federer &#8211; Deux l\u00e9gendes avec de grandes similitudes N\u00e9s \u00e0 exactement \u00e0 5 mois d\u2019intervalle (le&hellip;<\/p>\n","protected":false},"author":8,"featured_media":9805,"comment_status":"","ping_status":"closed","sticky":false,"template":"","format":"standard","meta":{"_monsterinsights_skip_tracking":false,"_monsterinsights_sitenote_active":false,"_monsterinsights_sitenote_note":"","_monsterinsights_sitenote_category":0,"footnotes":""},"categories":[118],"tags":[],"class_list":["post-9808","post","type-post","status-publish","format-standard","has-post-thumbnail","hentry","category-sport-d-elite"],"_links":{"self":[{"href":"https:\/\/www.swisstabletennis.ch\/fr\/wp-json\/wp\/v2\/posts\/9808","targetHints":{"allow":["GET"]}}],"collection":[{"href":"https:\/\/www.swisstabletennis.ch\/fr\/wp-json\/wp\/v2\/posts"}],"about":[{"href":"https:\/\/www.swisstabletennis.ch\/fr\/wp-json\/wp\/v2\/types\/post"}],"author":[{"embeddable":true,"href":"https:\/\/www.swisstabletennis.ch\/fr\/wp-json\/wp\/v2\/users\/8"}],"replies":[{"embeddable":true,"href":"https:\/\/www.swisstabletennis.ch\/fr\/wp-json\/wp\/v2\/comments?post=9808"}],"version-history":[{"count":0,"href":"https:\/\/www.swisstabletennis.ch\/fr\/wp-json\/wp\/v2\/posts\/9808\/revisions"}],"wp:featuredmedia":[{"embeddable":true,"href":"https:\/\/www.swisstabletennis.ch\/fr\/wp-json\/wp\/v2\/media\/9805"}],"wp:attachment":[{"href":"https:\/\/www.swisstabletennis.ch\/fr\/wp-json\/wp\/v2\/media?parent=9808"}],"wp:term":[{"taxonomy":"category","embeddable":true,"href":"https:\/\/www.swisstabletennis.ch\/fr\/wp-json\/wp\/v2\/categories?post=9808"},{"taxonomy":"post_tag","embeddable":true,"href":"https:\/\/www.swisstabletennis.ch\/fr\/wp-json\/wp\/v2\/tags?post=9808"}],"curies":[{"name":"wp","href":"https:\/\/api.w.org\/{rel}","templated":true}]}}