{"id":9865,"date":"2018-03-26T07:00:00","date_gmt":"2018-03-26T06:00:00","guid":{"rendered":"https:\/\/swisstabletennis.ch\/neu\/les-finlandais-defieront-l-equipe-nationale-suisse-a-geneve\/"},"modified":"2018-03-26T07:00:00","modified_gmt":"2018-03-26T06:00:00","slug":"les-finlandais-defieront-l-equipe-nationale-suisse-a-geneve","status":"publish","type":"post","link":"https:\/\/www.swisstabletennis.ch\/fr\/les-finlandais-defieront-l-equipe-nationale-suisse-a-geneve\/","title":{"rendered":"Les Finlandais d\u00e9fieront l\u2019\u00e9quipe nationale suisse \u00e0 Gen\u00e8ve"},"content":{"rendered":"<p class=\"titel\"><strong><a href=\"https:\/\/www.swisstabletennis.ch\/wp-content\/uploads\/2018\/03\/JK3_0801.JPG\" class=\"jcepopup noicon\" data-mediabox=\"1\" data-mediabox-title=\"Alex Naumi (16) est le joueur le plus jeune des Finlandais\"><img fetchpriority=\"high\" decoding=\"async\" class=\" alignleft size-full wp-image-9862\" src=\"https:\/\/www.swisstabletennis.ch\/wp-content\/uploads\/2018\/03\/JK3_0801.JPG\" alt=\"JK3 0801\" width=\"520\" height=\"347\" style=\"margin-right: 20px; margin-bottom: 10px; float: left;\" \/><\/a><\/strong>Les Finlandais d\u00e9fieront l\u2019\u00e9quipe nationale suisse \u00e0 Gen\u00e8ve<\/p>\n<p><span class=\"untertitel\">Mardi, 27 mars, les Suisses et l\u2019\u00e9quipe nationale finlandaise s\u2019affronteront \u00e0 Gen\u00e8ve dans le cadre du premier match de qualification pour les CE par \u00e9quipes 2019. Selon la situation de d\u00e9part, il faut s\u2019attendre \u00e0 un match serr\u00e9.<\/span><\/p>\n<p>&nbsp;<\/p>\n<p><!--more--><\/p>\n<p>Texte: Annina H\u00e4usli \/ photo: zvg<strong><br \/><\/strong><\/p>\n<p>&nbsp;<\/p>\n<p>La Suisse alignera trois joueurs du quatuor Lionel Weber, Lars Posch, C\u00e9dric Tschanz et Dorian Girod. Dans ce contexte, Lionel Weber qui a le meilleur classement parmi les Suisses et Lars Posch qui a d\u00e9croch\u00e9 la deuxi\u00e8me place lors des Championnats suisses de cette ann\u00e9e ont probablement d\u00e9j\u00e0 une place assur\u00e9e. On ignore encore quel joueur l\u2019entra\u00eeneur national Samir Mulabdic alignera comme troisi\u00e8me joueur.<\/p>\n<p>&nbsp;<\/p>\n<p>Leurs adversaires \u00e0 Gen\u00e8ve viennent du Grand Nord. Les Finlandais aligneront Benedek Olah, Alex Naumi et Otto Tennil\u00e4. Si une victoire contre Olah (WR 81) \u00e9quivaudrait \u00e0 une surprise pour les trois Suisses, Naumi (WR 675) et Tennil\u00e4 (WR 858) seront certainement \u00e0 leur port\u00e9e.<\/p>\n<p>&nbsp;<\/p>\n<p><strong>Mode de jeu<\/strong><\/p>\n<p>Il y a deux groupes. Les 18 meilleures \u00e9quipes d\u2019Europe forment le groupe A et les autres \u00e9quipes (21 chez les Messieurs et 17 chez les Dames) constituent le groupe B. Dans le groupe A, 6 groupes \u00e0 3 \u00e9quipes ont \u00e9t\u00e9 form\u00e9s, les deux premi\u00e8res \u00e9quipes de chaque groupe se qualifiant pour les CE par \u00e9quipes. Les \u00e9quipes ayant termin\u00e9 \u00e0 la troisi\u00e8me place disputeront un tournoi de rel\u00e9gation contre les premi\u00e8res \u00e9quipes des groupes du groupe B afin d\u2019attribuer les dix derni\u00e8res places.<\/p>\n<p>&nbsp;<\/p>\n<p>Lionel et Cie. jouent dans le groupe B pour la qualification pour le tournoi de rel\u00e9gation et affronteront en plus de la Finlande aussi l\u2019\u00c9cosse. Par rencontre, cinq simples au maximum sont disput\u00e9s. Le match est termin\u00e9 d\u00e8s qu\u2019une \u00e9quipe a remport\u00e9 trois victoires,<\/p>\n<p>&nbsp;<\/p>\n<p><strong>Les Finlandais<\/strong><\/p>\n<p>&nbsp;<\/p>\n<p><strong>Benedek Ol\u00e1h :&nbsp;<\/strong>26 ans, droitier, WR 81<\/p>\n<p>Le joueur de 26 ans (qui aura 27 ans le 29 mars) est actuellement le meilleur joueur de tennis de table finlandais. Depuis 2006, il participait \u00e0 tous les Championnats du monde. Il a d\u00e9j\u00e0 remport\u00e9 plus de 15 titres nationaux (simple, double et mixte). En 2016, il \u00e9tait le premier Finlandais \u00e0 se qualifier pour les Jeux olympiques \u00e0 Rio de Janeiro o\u00f9 il battit Cheng Feng de Singapour avant d\u2019\u00eatre \u00e9limin\u00e9 par Jonathan Groth. Lors des CE 2016, il cr\u00e9a la surprise en disputant les quarts de finale de simple, alors qu\u2019il \u00e9tait t\u00eate de s\u00e9rie num\u00e9ro 32. En quarts de finale, il s\u2019inclina ensuite face \u00e0 Timo Boll. Aux c\u00f4t\u00e9s de Georgina P\u00f3ta, il se qualifia \u00e9galement pour les quarts de finale en mixte. Depuis la saison 2017\/18, il joue chez Jura Moret TT en premi\u00e8re ligue fran\u00e7aise.<\/p>\n<p>&nbsp;<\/p>\n<p><strong>Alex Naumi :<\/strong>&nbsp;16 ans, gaucher, WR 675<\/p>\n<p>Le joueur de 16 ans est un espoir finlandais. Cette ann\u00e9e, il remporta sa premi\u00e8re m\u00e9daille lors des Championnats nationaux finlandais. Il perdit seulement en finale contre Benedek Olah.<\/p>\n<p>&nbsp;<\/p>\n<p><strong>Otto Tennil\u00e4 :<\/strong>&nbsp;25 ans, gaucher, WR 858<\/p>\n<p>Tennil\u00e4 a d\u00e9j\u00e0 une certaine exp\u00e9rience sur le plan international. Lors des Championnats finlandais de cette ann\u00e9e, il d\u00e9crocha la m\u00e9daille de bronze.<\/p>\n<p>&nbsp;<\/p>\n<p><strong>Les Suisses<\/strong><\/p>\n<p>&nbsp;<\/p>\n<p><strong>Lionel Weber :&nbsp;<\/strong>22 ans, droitier, WR 150<\/p>\n<p>Le num\u00e9ro un de l\u2019\u00e9pique \u00e9tait certes \u00e9limin\u00e9 d\u00e9j\u00e0 en huiti\u00e8mes de finale lors des Championnats suisses de cette ann\u00e9e, mais il est n\u00e9anmoins le joueur avec la plus grande exp\u00e9rience sur le plan international. En f\u00e9vrier, il affrontait Dima Ovtcharov (alors num\u00e9ro un mondial) lors de l\u2019Europe Top 16 et put lui tenir t\u00eate pendant un bon moment.<\/p>\n<p>&nbsp;<\/p>\n<p><strong>Dorian Girod :&nbsp;<\/strong>18 ans, droitier, WR 925<\/p>\n<p>Lors des Championnats suisses, Dorian Girod \u00e9tait \u00e9limin\u00e9 par le joueur d\u00e9fensif Nicolas Champod en quarts de finale. C&rsquo;\u00e9tait une d\u00e9faite serr\u00e9e en sept sets.<\/p>\n<p>&nbsp;<\/p>\n<p><strong>Lars Posch :&nbsp;<\/strong>19 ans, droitier, WR 925<\/p>\n<p>Lors des Championnats suisses, Posch remporta la m\u00e9daille d\u2019argent de simple. Le joueur de W\u00e4denswil qui est actuellement en excellente forme, dut s\u2019incliner seulement en finale face \u00e0 Elia Schmid.<\/p>\n<p>&nbsp;<\/p>\n<p><strong>C\u00e9dric Tschanz :&nbsp;<\/strong>19 ans, droitier, WR 925<\/p>\n<p>Pour Tschanz, les Championnats suisses ne se passaient pas bien et il fut \u00e9limin\u00e9 d\u00e9j\u00e0 t\u00f4t. Contre la Finlande, il voudra prouver \u00e0 tout le monde qu\u2019il faudra quand m\u00eame compter avec lui<\/p><\/p>\n","protected":false},"excerpt":{"rendered":"<p>Les Finlandais d\u00e9fieront l\u2019\u00e9quipe nationale suisse \u00e0 Gen\u00e8ve Mardi, 27 mars, les Suisses et l\u2019\u00e9quipe nationale finlandaise s\u2019affronteront \u00e0 Gen\u00e8ve&hellip;<\/p>\n","protected":false},"author":8,"featured_media":9862,"comment_status":"","ping_status":"closed","sticky":false,"template":"","format":"standard","meta":{"_monsterinsights_skip_tracking":false,"_monsterinsights_sitenote_active":false,"_monsterinsights_sitenote_note":"","_monsterinsights_sitenote_category":0,"footnotes":""},"categories":[118],"tags":[],"class_list":["post-9865","post","type-post","status-publish","format-standard","has-post-thumbnail","hentry","category-sport-d-elite"],"_links":{"self":[{"href":"https:\/\/www.swisstabletennis.ch\/fr\/wp-json\/wp\/v2\/posts\/9865","targetHints":{"allow":["GET"]}}],"collection":[{"href":"https:\/\/www.swisstabletennis.ch\/fr\/wp-json\/wp\/v2\/posts"}],"about":[{"href":"https:\/\/www.swisstabletennis.ch\/fr\/wp-json\/wp\/v2\/types\/post"}],"author":[{"embeddable":true,"href":"https:\/\/www.swisstabletennis.ch\/fr\/wp-json\/wp\/v2\/users\/8"}],"replies":[{"embeddable":true,"href":"https:\/\/www.swisstabletennis.ch\/fr\/wp-json\/wp\/v2\/comments?post=9865"}],"version-history":[{"count":0,"href":"https:\/\/www.swisstabletennis.ch\/fr\/wp-json\/wp\/v2\/posts\/9865\/revisions"}],"wp:featuredmedia":[{"embeddable":true,"href":"https:\/\/www.swisstabletennis.ch\/fr\/wp-json\/wp\/v2\/media\/9862"}],"wp:attachment":[{"href":"https:\/\/www.swisstabletennis.ch\/fr\/wp-json\/wp\/v2\/media?parent=9865"}],"wp:term":[{"taxonomy":"category","embeddable":true,"href":"https:\/\/www.swisstabletennis.ch\/fr\/wp-json\/wp\/v2\/categories?post=9865"},{"taxonomy":"post_tag","embeddable":true,"href":"https:\/\/www.swisstabletennis.ch\/fr\/wp-json\/wp\/v2\/tags?post=9865"}],"curies":[{"name":"wp","href":"https:\/\/api.w.org\/{rel}","templated":true}]}}