{"id":9941,"date":"2018-04-18T07:00:00","date_gmt":"2018-04-18T06:00:00","guid":{"rendered":"https:\/\/swisstabletennis.ch\/neu\/interview-avec-curdin-robbi\/"},"modified":"2018-04-18T07:00:00","modified_gmt":"2018-04-18T06:00:00","slug":"interview-avec-curdin-robbi","status":"publish","type":"post","link":"https:\/\/www.swisstabletennis.ch\/fr\/interview-avec-curdin-robbi\/","title":{"rendered":"Interview avec Curdin Robbi"},"content":{"rendered":"<p class=\"titel\"><strong><a href=\"https:\/\/www.swisstabletennis.ch\/wp-content\/uploads\/2018\/04\/Curdin_Robbi.jpg\" class=\"jcepopup noicon\" data-mediabox=\"1\" data-mediabox-title=\"Curdin Robbi\"><img fetchpriority=\"high\" decoding=\"async\" class=\" alignleft size-full wp-image-9910\" src=\"https:\/\/www.swisstabletennis.ch\/wp-content\/uploads\/2018\/04\/Curdin_Robbi.jpg\" alt=\"Curdin Robbi\" width=\"520\" height=\"293\" style=\"margin-right: 20px; margin-bottom: 10px; float: left;\" \/><\/a><\/strong>Du renfort pour l\u2019office central STT<\/p>\n<p><span class=\"untertitel\">Dans le cadre de ses \u00e9tudes, Curdin Robbi fait un stage \u00e0 l\u2019office central de STT. Si tout se passe comme pr\u00e9vu, on ne le rencontrera toutefois pas souvent au bureau \u00e0 Ittigen. Il devrait en effet voyager \u00e0 travers toute la Suisse pour rendre visite aux clubs de tennis de table.<\/span><\/p>\n<p><!--more--><\/p>\n<p>Interview et photo : Annina H\u00e4usli<\/p>\n<p>&nbsp;<\/p>\n<p><strong>Curdin, pourrais-tu te pr\u00e9senter en quelques mots&nbsp;?<\/strong><\/p>\n<p>Je m\u2019appelle Curdin Robbi et j\u2019aurai bient\u00f4t 24 ans. J\u2019\u00e9tudie les sciences sportives et la gestion d\u2019entreprise \u00e0 l\u2019universit\u00e9 de Berne. Je pratique le tennis de table depuis huit ans. Avant, j\u2019ai fait du hockey sur glace \u00e0 Langnau, mais j\u2019ai d\u00fb arr\u00eater ce sport suite \u00e0 une blessure. Actuellement, je joue chez le TTC Heimberg avec l\u2019objectif de monter en LNC la saison prochaine.<\/p>\n<p>&nbsp;<\/p>\n<p><strong>Pourquoi fais-tu ce stage chez STT ?<\/strong><\/p>\n<p>Je n\u2019avais pas envie de me retrouver simplement derri\u00e8re le comptoir dans une salle de fitness. Je voulais plut\u00f4t faire quelque chose d\u2019utile, de pr\u00e9f\u00e9rence en relation avec le sport que je pratique avec passion. J\u2019ai donc contact\u00e9 la f\u00e9d\u00e9ration pour savoir s\u2019il serait possible de faire un stage.<\/p>\n<p>&nbsp;<\/p>\n<p><strong>Quelle t\u00e2che devras-tu accomplir chez STT ?<\/strong><\/p>\n<p>\u00c0 partir du mois de mai, je sillonnerai la Suisse pour visiter les clubs sur place, l\u2019objectif \u00e9tant de r\u00e9pondre \u00e0 leurs questions et de leur donner des informations sur diff\u00e9rents th\u00e8mes, par exemple J+S. J\u2019ai d\u00e9j\u00e0 pr\u00e9par\u00e9 une lettre qui sera prochainement envoy\u00e9e aux clubs. Les associations r\u00e9gionales sont \u00e9galement d\u00e9j\u00e0 inform\u00e9es et elles feront de la publicit\u00e9 pour ces visites. J\u2019esp\u00e8re que beaucoup de clubs s\u2019annoncent.<\/p>\n<p>&nbsp;<\/p>\n<p><strong>Qu\u2019est-ce que tu attends de ce stage ?<\/strong><\/p>\n<p>J\u2019esp\u00e8re que cela permettra de soutenir les clubs et que STT saura ainsi ce que les clubs souhaitent. De cette mani\u00e8re, les clubs et STT pourront prendre les mesures ad\u00e9quates. J\u2019esp\u00e8re pouvoir apporter ma contribution \u00e0 l\u2019avenir du tennis de table suisse.<\/p>\n<p><strong>&nbsp;<\/strong><\/p>\n<p><strong>Merci Curdin, nous te souhaitons plein succ\u00e8s et beaucoup de plaisir lors de ton stage !<\/strong><\/p>\n<p><strong>&nbsp;<\/strong><\/p><\/p>\n","protected":false},"excerpt":{"rendered":"<p>Du renfort pour l\u2019office central STT Dans le cadre de ses \u00e9tudes, Curdin Robbi fait un stage \u00e0 l\u2019office central&hellip;<\/p>\n","protected":false},"author":8,"featured_media":9910,"comment_status":"","ping_status":"closed","sticky":false,"template":"","format":"standard","meta":{"_monsterinsights_skip_tracking":false,"_monsterinsights_sitenote_active":false,"_monsterinsights_sitenote_note":"","_monsterinsights_sitenote_category":0,"footnotes":""},"categories":[115],"tags":[],"class_list":["post-9941","post","type-post","status-publish","format-standard","has-post-thumbnail","hentry","category-stt"],"_links":{"self":[{"href":"https:\/\/www.swisstabletennis.ch\/fr\/wp-json\/wp\/v2\/posts\/9941","targetHints":{"allow":["GET"]}}],"collection":[{"href":"https:\/\/www.swisstabletennis.ch\/fr\/wp-json\/wp\/v2\/posts"}],"about":[{"href":"https:\/\/www.swisstabletennis.ch\/fr\/wp-json\/wp\/v2\/types\/post"}],"author":[{"embeddable":true,"href":"https:\/\/www.swisstabletennis.ch\/fr\/wp-json\/wp\/v2\/users\/8"}],"replies":[{"embeddable":true,"href":"https:\/\/www.swisstabletennis.ch\/fr\/wp-json\/wp\/v2\/comments?post=9941"}],"version-history":[{"count":0,"href":"https:\/\/www.swisstabletennis.ch\/fr\/wp-json\/wp\/v2\/posts\/9941\/revisions"}],"wp:featuredmedia":[{"embeddable":true,"href":"https:\/\/www.swisstabletennis.ch\/fr\/wp-json\/wp\/v2\/media\/9910"}],"wp:attachment":[{"href":"https:\/\/www.swisstabletennis.ch\/fr\/wp-json\/wp\/v2\/media?parent=9941"}],"wp:term":[{"taxonomy":"category","embeddable":true,"href":"https:\/\/www.swisstabletennis.ch\/fr\/wp-json\/wp\/v2\/categories?post=9941"},{"taxonomy":"post_tag","embeddable":true,"href":"https:\/\/www.swisstabletennis.ch\/fr\/wp-json\/wp\/v2\/tags?post=9941"}],"curies":[{"name":"wp","href":"https:\/\/api.w.org\/{rel}","templated":true}]}}