{"id":9942,"date":"2018-04-10T07:00:00","date_gmt":"2018-04-10T06:00:00","guid":{"rendered":"https:\/\/swisstabletennis.ch\/neu\/croatia-open-2018-f\/"},"modified":"2018-04-10T07:00:00","modified_gmt":"2018-04-10T06:00:00","slug":"croatia-open-2018-f","status":"publish","type":"post","link":"https:\/\/www.swisstabletennis.ch\/fr\/croatia-open-2018-f\/","title":{"rendered":"Croatia Open 2018"},"content":{"rendered":"<p class=\"titel\"><strong><a href=\"https:\/\/www.swisstabletennis.ch\/wp-content\/uploads\/2018\/04\/40686455164_a85102085c_o.jpg\" class=\"jcepopup noicon\" data-mediabox=\"1\" data-mediabox-title=\"Lars und C\u00e9dric im Doppel\"><img fetchpriority=\"high\" decoding=\"async\" class=\" alignleft size-full wp-image-9902\" src=\"https:\/\/www.swisstabletennis.ch\/wp-content\/uploads\/2018\/04\/40686455164_a85102085c_o.jpg\" alt=\"40686455164 a85102085c o\" width=\"520\" height=\"307\" style=\"margin-right: 20px; margin-bottom: 10px; float: left;\" \/><\/a><\/strong>Les Suisses au Croatia Open<\/p>\n<p><span class=\"untertitel\">Actuellement, quatre (!) Suisses participent \u00e0 un tournoi Challenge de l\u2019ITTF \u00e0 Zagreb. Si C\u00e9dric, Lars et Rahel ont d\u00e9j\u00e0 disput\u00e9 un premier match mardi, Rachel commencera le tournoi seulement jeudi. <br \/><\/span><\/p>\n<p>&nbsp;<\/p>\n<p><!--more--><\/p>\n<p>Texte : Annina H\u00e4usli \/ photo&nbsp;: ITTF<strong><br \/><\/strong><\/p>\n<p>&nbsp;<\/p>\n<p>Situation : 13.4 \/ 09h00<\/p>\n<p>&nbsp;<\/p>\n<p><strong>1<sup>er<\/sup> jour<\/strong><\/p>\n<\/p>\n<p>Mardi, Lars Posch et C\u00e9dric Tschanz faisaient partie des premiers joueurs pour lesquels les choses s\u00e9rieuses commen\u00e7aient \u00e0 Zagreb. Lars jouait contre l\u2019Autrichien Narayan Kapolnek (WR 590) \u00e0 la table 1. Il commen\u00e7ait son match malheureusement tr\u00e8s mal et \u00e9tait rapidement men\u00e9 0:6. Ensuite, il retrouva un peu ses marques mais ne put n\u00e9anmoins pas remporter de set. Il s\u2019inclina 7:11, 9:11 et 7:11 \u00e0 l\u2019issue de son premier match de poule en U21.<\/p>\n<p>&nbsp;<\/p>\n<p>Pour C\u00e9dric, la journ\u00e9e commen\u00e7ait mieux. Apr\u00e8s un premier set serr\u00e9 qu\u2019il put remporter gr\u00e2ce \u00e0 sa troisi\u00e8me balle de match, il d\u00e9crocha \u00e9galement le deuxi\u00e8me set sans probl\u00e8me majeur. Par la suite, son adversaire, le Belge Florian Cnudde (WR 738) augmentait toutefois son niveau tandis que C\u00e9dric commettait plus de fautes. Il fallait donc disputer un set d\u00e9cisif qui fut malheureusement remport\u00e9 par Cnudde \u2013 C\u00e9dric dut s\u2019avouer vaincu avec 9:11.<\/p>\n<p>&nbsp;<\/p>\n<p>Le match de C\u00e9dric contre Cnudde peut \u00eatre visionn\u00e9 ici :&nbsp;<a href=\"https:\/\/webmail.vtx.ch\/roundcube\/#NOP\">https:\/\/tv.ittf.com\/video\/cnudde-florian-tschanz-cedric\/1173317<\/a><\/p>\n<p>Le match de Lars contre Kapolnek peut \u00eatre visionn\u00e9 ici :&nbsp;<a href=\"https:\/\/webmail.vtx.ch\/roundcube\/#NOP\">https:\/\/tv.ittf.com\/video\/kapolnek-narayan-posch-lars\/1173315<\/a><\/p>\n<p>&nbsp;<\/p>\n<p>Pour les deux Suisses, le tournoi continuait encore avant le repas de midi avec les poules de l\u2019\u00e9lite. Lars se retrouva face au Japonais de 18 ans Yuta Tanaka (WR 465). Contre Tanaka, Lars n\u2019avait malheureusement aucune chance et il s\u2019inclina 3:11, 4:11, 3:11 et 6:11. En m\u00eame temps, C\u00e9dric jouait contre le Slovaque Alexander Valuch (WR 257). Comme lors du premier match, le B\u00e2lois commen\u00e7ait bien en menant 1:0 et 2:1 en sets. Mais \u00e0 la fin, Valuch (22 ans) remporta la victoire avec 6:11, 11:5, 8:11, 11:6, 11:9, 11:6.<\/p>\n<p>&nbsp;<\/p>\n<p>L\u2019apr\u00e8s-midi, Lars dut essuyer une nouvelle d\u00e9faite lors des poules de l\u2019\u00e9lite face \u00e0 Martin Allegro (Belgique, WR 170). Il arracha tout de m\u00eame un set au Belge. C\u00e9dric n\u2019avait \u00e9galement aucune chance face \u00e0 son adversaire, le Fran\u00e7ais Alexandre Cassin (WR 187). Quant \u00e0 Rahel Aschwanden, elle ne s\u2019alignait que le soir pour son premier match. Elle le fit avec brio puisque contre Aiya Alimbayeva (Kazakhstan, WR 606), la joueuse de la Suisse orientale s\u2019imposa avec 4:2.<\/p>\n<p>&nbsp;<\/p>\n<p><strong>2<sup>\u00e8me<\/sup> jour<\/strong><\/p>\n<p>&nbsp;<\/p>\n<p>Pour Lars et C\u00e9dric, la deuxi\u00e8me journ\u00e9e des qualifications commen\u00e7ait comme la veille \u00e0 neuf heures. Leurs matchs \u00e9taient de nouveau transmis en direct sur itTV. Il s\u2019agissait de d\u00e9crocher la deuxi\u00e8me place du groupe de la s\u00e9rie U21 et donc de s\u2019assurer la qualification pour le tableau principal. Lars dut affronter le Danois Andreas Dilling. Apr\u00e8s un retard de 0:2, le joueur de W\u00e4denswil fit preuve de combativit\u00e9 pour s\u2019emparer du troisi\u00e8me set. Au quatri\u00e8me set, Dilling ne fit toutefois qu\u2019une bouch\u00e9e du Suisse et remporta ce set 11:3.<\/p>\n<p>&nbsp;<\/p>\n<p>C\u00e9dric vivait presque un d\u00e9j\u00e0-vu&nbsp;: il menait de nouveau 2:0 et il lui manquait encore un set pour d\u00e9crocher la victoire. Mais son adversaire hongrois Gergo Timafalvi remporta le troisi\u00e8me set de justesse. Est-ce que C\u00e9dric allait de nouveau perdre comme la veille apr\u00e8s avoir men\u00e9 avec deux sets ? Cela ne fut pas le cas car au quatri\u00e8me set, C\u00e9dric retrouva son assurance et il put compter sur son service qui g\u00eanait passablement son adversaire. C\u00e9dric termina les matchs de poule en U21 donc \u00e0 la deuxi\u00e8me place et il jouera par cons\u00e9quent demain dans le tableau principal.<\/p>\n<p>&nbsp;<\/p>\n<p>Le match de C\u00e9dric contre Timafalvi peut \u00eatre visionn\u00e9 ici :&nbsp;<a href=\"https:\/\/webmail.vtx.ch\/roundcube\/#NOP\">https:\/\/tv.ittf.com\/video\/timafalvi-gergo-tschanz-cedric\/1173420<\/a><\/p>\n<p>Le match de Lars contre Dilling peut \u00eatre visionn\u00e9 ici :&nbsp;<a href=\"https:\/\/webmail.vtx.ch\/roundcube\/#NOP\">https:\/\/tv.ittf.com\/video\/dilling-andreas-posch-lars\/1173419<\/a><\/p>\n<p>&nbsp;<\/p>\n<p>L\u2019apr\u00e8s-midi, les derniers matchs de poule de l\u2019\u00e9lite \u00e9taient au programme. Rahel, C\u00e9dric et Lars s\u2019inclinaient toutefois tous. En double, Lars et C\u00e9dric n\u2019avaient \u00e9galement aucune chance contre la paire japonaise.<\/p>\n<\/p>\n<p><strong>3<sup>\u00e8me<\/sup> jour<\/strong><\/p>\n<\/p>\n<p>Pour C\u00e9dric, la premi\u00e8re journ\u00e9e du tournoi principal commen\u00e7ait de nouveau t\u00f4t \u2013 \u00e0 9 heures, il se retrouvait face \u00e0 Aliaksandar Khanin (WR 125) contre lequel on remarquait nettement la diff\u00e9rence de niveau. C\u00e9dric n\u2019eut malheureusement aucune chance et s\u2019inclina 0:3. La qualification pour le tour principal peut n\u00e9anmoins \u00eatre consid\u00e9r\u00e9e comme un succ\u00e8s !<\/p>\n<p>&nbsp;<\/p>\n<p>Rachel Moret pouvait enfin jouer. En tant que WR71, elle \u00e9tait d\u00e9j\u00e0 qualifi\u00e9e pour le tour principal. Avant le repas de midi, elle affronta en simple Galia Dvroak (Espagne), issue des qualifications. Le num\u00e9ro 103 mondial montra une prestation solide et s\u2019imposa en six sets face \u00e0 Rachel (4:2). Dommage !<\/p>\n<p>&nbsp;<\/p>\n<p>La troisi\u00e8me journ\u00e9e du tournoi se terminait n\u00e9anmoins avec un succ\u00e8s suisse&nbsp;: Aux c\u00f4t\u00e9s d\u2019Alex Galic, Rachel \u00e9limina la paire russe Anastasia Kolish\/Mariia Tailakova. Cette victoire (3:0) permettait aux deux joueuses bien rod\u00e9es de se qualifier pour les quarts de finale qui auront lieu vendredi.<\/p>\n<\/p>\n<p><strong>4<sup>\u00e8me<\/sup> journ\u00e9e<\/strong><\/p>\n<p>&nbsp;<\/p>\n<p>Vendredi, seule Rachel sera encore en lice en double. Avec sa partenaire, elle affrontera \u00e0 12h30 Georgina Pota et Matilda Ekholm.<\/p>\n","protected":false},"excerpt":{"rendered":"<p>Les Suisses au Croatia Open Actuellement, quatre (!) Suisses participent \u00e0 un tournoi Challenge de l\u2019ITTF \u00e0 Zagreb. Si C\u00e9dric,&hellip;<\/p>\n","protected":false},"author":8,"featured_media":9902,"comment_status":"","ping_status":"closed","sticky":false,"template":"","format":"standard","meta":{"_monsterinsights_skip_tracking":false,"_monsterinsights_sitenote_active":false,"_monsterinsights_sitenote_note":"","_monsterinsights_sitenote_category":0,"footnotes":""},"categories":[118],"tags":[],"class_list":["post-9942","post","type-post","status-publish","format-standard","has-post-thumbnail","hentry","category-sport-d-elite"],"_links":{"self":[{"href":"https:\/\/www.swisstabletennis.ch\/fr\/wp-json\/wp\/v2\/posts\/9942","targetHints":{"allow":["GET"]}}],"collection":[{"href":"https:\/\/www.swisstabletennis.ch\/fr\/wp-json\/wp\/v2\/posts"}],"about":[{"href":"https:\/\/www.swisstabletennis.ch\/fr\/wp-json\/wp\/v2\/types\/post"}],"author":[{"embeddable":true,"href":"https:\/\/www.swisstabletennis.ch\/fr\/wp-json\/wp\/v2\/users\/8"}],"replies":[{"embeddable":true,"href":"https:\/\/www.swisstabletennis.ch\/fr\/wp-json\/wp\/v2\/comments?post=9942"}],"version-history":[{"count":0,"href":"https:\/\/www.swisstabletennis.ch\/fr\/wp-json\/wp\/v2\/posts\/9942\/revisions"}],"wp:featuredmedia":[{"embeddable":true,"href":"https:\/\/www.swisstabletennis.ch\/fr\/wp-json\/wp\/v2\/media\/9902"}],"wp:attachment":[{"href":"https:\/\/www.swisstabletennis.ch\/fr\/wp-json\/wp\/v2\/media?parent=9942"}],"wp:term":[{"taxonomy":"category","embeddable":true,"href":"https:\/\/www.swisstabletennis.ch\/fr\/wp-json\/wp\/v2\/categories?post=9942"},{"taxonomy":"post_tag","embeddable":true,"href":"https:\/\/www.swisstabletennis.ch\/fr\/wp-json\/wp\/v2\/tags?post=9942"}],"curies":[{"name":"wp","href":"https:\/\/api.w.org\/{rel}","templated":true}]}}