{"id":9963,"date":"2018-04-23T06:00:00","date_gmt":"2018-04-23T05:00:00","guid":{"rendered":"https:\/\/swisstabletennis.ch\/neu\/selections-championnats-d-europe-jeunesse-2018\/"},"modified":"2018-04-23T06:00:00","modified_gmt":"2018-04-23T05:00:00","slug":"selections-championnats-d-europe-jeunesse-2018","status":"publish","type":"post","link":"https:\/\/www.swisstabletennis.ch\/fr\/selections-championnats-d-europe-jeunesse-2018\/","title":{"rendered":"S\u00e9lections Championnats d\u2019Europe Jeunesse 2018"},"content":{"rendered":"<p class=\"titel\"><strong><a href=\"https:\/\/www.swisstabletennis.ch\/wp-content\/uploads\/2018\/04\/NW_SM_2018_z_So_Sieger_internet_1_von_41_27.jpg\" class=\"jcepopup noicon\" data-mediabox=\"1\" data-mediabox-title=\"Das U15 und U18-Kader\"><img decoding=\"async\" class=\" alignleft size-full wp-image-9960\" src=\"https:\/\/www.swisstabletennis.ch\/wp-content\/uploads\/2018\/04\/NW_SM_2018_z_So_Sieger_internet_1_von_41_27.jpg\" alt=\"NW SM 2018 z So Sieger internet 1 von 41 27\" width=\"520\" style=\"margin-right: 20px; margin-bottom: 10px; float: left;\" \/><\/a><\/strong>S\u00e9lections Championnats d\u2019Europe Jeunesse 2018<\/p>\n<p><span class=\"untertitel\">C\u2019est avec plaisir que le comit\u00e9 de s\u00e9lection Swiss Table Tennis informe sur les s\u00e9lections aux championnats d\u2019Europe Jeunesse 2018 en Roumanie.<br \/><\/span><\/p>\n<p><!--more--><\/p>\n<p>photo: Ren\u00e9 Zwald<\/p>\n<p>&nbsp;<\/p>\n<p><strong>U15 Filles<\/strong><\/p>\n<p>1 Melanie Bernet, Neuhausen<\/p>\n<p>2 Nina Tullii, La Chaux-de Fonds<\/p>\n<p>3 Fanny Doutaz, Ch\u00e2telaine<\/p>\n<p>&nbsp;<\/p>\n<p><strong>U15&nbsp; Gar\u00e7ons<\/strong><\/p>\n<p>1 Mauro Sch\u00e4rrer, Neuhausen<\/p>\n<p>2 Bastien Romanens, Rossens<\/p>\n<p>3 Timothy Falconnier, Muttenz<\/p>\n<p>&nbsp;&nbsp;&nbsp;&nbsp;&nbsp;&nbsp;&nbsp;&nbsp;&nbsp;&nbsp;&nbsp;&nbsp;&nbsp;<\/p>\n<p><strong>U18 Filles<\/strong><\/p>\n<p>1 Ursina Stamm, W\u00e4denswil<\/p>\n<p>2 C\u00e9line Credaro, Spreitenbach<\/p>\n<p>3 Ludivine Maurer, Vernier<\/p>\n<p>&nbsp;<\/p>\n<p><strong>U18 Gar\u00e7ons<\/strong><\/p>\n<p>1 Dorian Girod, ZZ-Lancy<\/p>\n<p>2 Pedro Osiro Shinohara<\/p>\n<p>3 Barish Moullet, La Chaux-de-Fonds<\/p>\n<p>4 Elias Hardmeier, Neuhausen<\/p>\n<p>5 Lo\u00efc Stoll, UGS-Cheno\u00ees<\/p><\/p>\n","protected":false},"excerpt":{"rendered":"<p>S\u00e9lections Championnats d\u2019Europe Jeunesse 2018 C\u2019est avec plaisir que le comit\u00e9 de s\u00e9lection Swiss Table Tennis informe sur les s\u00e9lections&hellip;<\/p>\n","protected":false},"author":8,"featured_media":9960,"comment_status":"","ping_status":"closed","sticky":false,"template":"","format":"standard","meta":{"_monsterinsights_skip_tracking":false,"_monsterinsights_sitenote_active":false,"_monsterinsights_sitenote_note":"","_monsterinsights_sitenote_category":0,"footnotes":""},"categories":[117],"tags":[],"class_list":["post-9963","post","type-post","status-publish","format-standard","has-post-thumbnail","hentry","category-competitions"],"_links":{"self":[{"href":"https:\/\/www.swisstabletennis.ch\/fr\/wp-json\/wp\/v2\/posts\/9963","targetHints":{"allow":["GET"]}}],"collection":[{"href":"https:\/\/www.swisstabletennis.ch\/fr\/wp-json\/wp\/v2\/posts"}],"about":[{"href":"https:\/\/www.swisstabletennis.ch\/fr\/wp-json\/wp\/v2\/types\/post"}],"author":[{"embeddable":true,"href":"https:\/\/www.swisstabletennis.ch\/fr\/wp-json\/wp\/v2\/users\/8"}],"replies":[{"embeddable":true,"href":"https:\/\/www.swisstabletennis.ch\/fr\/wp-json\/wp\/v2\/comments?post=9963"}],"version-history":[{"count":0,"href":"https:\/\/www.swisstabletennis.ch\/fr\/wp-json\/wp\/v2\/posts\/9963\/revisions"}],"wp:featuredmedia":[{"embeddable":true,"href":"https:\/\/www.swisstabletennis.ch\/fr\/wp-json\/wp\/v2\/media\/9960"}],"wp:attachment":[{"href":"https:\/\/www.swisstabletennis.ch\/fr\/wp-json\/wp\/v2\/media?parent=9963"}],"wp:term":[{"taxonomy":"category","embeddable":true,"href":"https:\/\/www.swisstabletennis.ch\/fr\/wp-json\/wp\/v2\/categories?post=9963"},{"taxonomy":"post_tag","embeddable":true,"href":"https:\/\/www.swisstabletennis.ch\/fr\/wp-json\/wp\/v2\/tags?post=9963"}],"curies":[{"name":"wp","href":"https:\/\/api.w.org\/{rel}","templated":true}]}}